{"id":3152,"date":"2014-05-27T06:34:00","date_gmt":"2014-05-27T06:34:00","guid":{"rendered":"http:\/\/formalprision.info\/2014\/05\/27\/inaugura-el-gobernador-la-39a\/"},"modified":"2015-06-03T08:37:45","modified_gmt":"2015-06-03T08:37:45","slug":"inaugura-el-gobernador-la-39a","status":"publish","type":"post","link":"https:\/\/formalprision.com\/?p=3152","title":{"rendered":"Inaugura el gobernador la 39a Conferencia Anual de la Asociaci\u00f3n de\nEstudios del Caribe"},"content":{"rendered":"<div style=\"font-family: Noteworthy; font-size: 18px; font-weight: bold; line-height: 24px; -webkit-tap-highlight-color: rgba(26, 26, 26, 0.296875); -webkit-composition-fill-color: rgba(130, 98, 83, 0.0976563); -webkit-composition-frame-color: rgba(191, 107, 82, 0.496094); \">M\u00e9rida, Yucat\u00e1n, 26 de mayo de 2014.- Con un llamado a consolidar la regi\u00f3n caribe\u00f1a como un polo econ\u00f3mico, tur\u00edstico, cultural y tecnol\u00f3gico a nivel mundial, el Gobernador Rolando Zapata Bello inaugur\u00f3 la 39a Conferencia Anual de la Asociaci\u00f3n de Estudios del Caribe, evento que re\u00fane a m\u00e1s de 400 especialistas, acad\u00e9micos y activistas de esta zona del continente americano.<\/div>\n<div style=\"font-family: Noteworthy; font-size: 18px; font-weight: bold; line-height: 24px; -webkit-tap-highlight-color: rgba(26, 26, 26, 0.296875); -webkit-composition-fill-color: rgba(130, 98, 83, 0.0976563); -webkit-composition-frame-color: rgba(191, 107, 82, 0.496094); \">Acompa\u00f1ado del secretario General Adjunto de la Organizaci\u00f3n de Estados Americanos (OEA), Albert R. Ramdin, el titular del Poder Ejecutivo a\u00f1adi\u00f3 que Yucat\u00e1n apoya esta consolidaci\u00f3n que permitir\u00e1 generar mayores oportunidades de desarrollo, bienestar, intercambio comercial e inversiones entre las naciones.<\/div>\n<div style=\"font-family: Noteworthy; font-size: 18px; font-weight: bold; line-height: 24px; -webkit-tap-highlight-color: rgba(26, 26, 26, 0.296875); -webkit-composition-fill-color: rgba(130, 98, 83, 0.0976563); -webkit-composition-frame-color: rgba(191, 107, 82, 0.496094); \">\u201cEn esta regi\u00f3n geogr\u00e1fica tenemos el capital humano, los conocimientos, habilidades y aspiraciones para que nuestro entorno plural haga frente com\u00fan y la diversidad cultural sea una columna de nuestro desarrollo econ\u00f3micos y social\u201d, se\u00f1al\u00f3 el mandatario estatal durante el evento realizado en un hotel de la ciudad de M\u00e9rida, que tambi\u00e9n cont\u00f3 con la asistencia del presidente de la Asociaci\u00f3n de Estudios del Caribe, Dwaine Plaza.<\/div>\n<div style=\"font-family: Noteworthy; font-size: 18px; font-weight: bold; line-height: 24px; -webkit-tap-highlight-color: rgba(26, 26, 26, 0.296875); -webkit-composition-fill-color: rgba(130, 98, 83, 0.0976563); -webkit-composition-frame-color: rgba(191, 107, 82, 0.496094); \">Asimismo, Zapata Bello destac\u00f3 que la reuni\u00f3n es un espacio ideal para el debate acad\u00e9mico, la oportunidad de estrechar lazos y v\u00ednculos de hermandad, as\u00ed como de repensar el entorno, reflexionar y construir puentes de comunicaci\u00f3n y colaboraci\u00f3n.<\/div>\n<div style=\"font-family: Noteworthy; font-size: 18px; font-weight: bold; line-height: 24px; -webkit-tap-highlight-color: rgba(26, 26, 26, 0.296875); -webkit-composition-fill-color: rgba(130, 98, 83, 0.0976563); -webkit-composition-frame-color: rgba(191, 107, 82, 0.496094); \">Al hacer uso de la palabra, Dwaine Plaza afirm\u00f3 que en la Conferencia Anual de la Asociaci\u00f3n de Estudios del Caribe participan especialistas, acad\u00e9micos y activistas de 20 pa\u00edses, quienes abordar\u00e1n temas relacionados con la cultura, problem\u00e1ticas comunes, ecolog\u00eda, clases sociales, arte, educaci\u00f3n, econom\u00eda y tecnolog\u00eda.<\/div>\n<div style=\"font-family: Noteworthy; font-size: 18px; font-weight: bold; line-height: 24px; -webkit-tap-highlight-color: rgba(26, 26, 26, 0.296875); -webkit-composition-fill-color: rgba(130, 98, 83, 0.0976563); -webkit-composition-frame-color: rgba(191, 107, 82, 0.496094); \">Por su parte, el rector de la Universidad Aut\u00f3noma de Yucat\u00e1n (UADY), Alfredo D\u00e1jer Abimerhi, indic\u00f3 que esta casa de estudios coincide con los objetivos de dicha Asociaci\u00f3n, los cuales se enfocan a que el conocimiento se fortalezca y se difunda en las pr\u00e1cticas de pol\u00edticas p\u00fablicas y la vida cotidiana de la sociedad.<\/div>\n<div style=\"font-family: Noteworthy; font-size: 18px; font-weight: bold; line-height: 24px; -webkit-tap-highlight-color: rgba(26, 26, 26, 0.296875); -webkit-composition-fill-color: rgba(130, 98, 83, 0.0976563); -webkit-composition-frame-color: rgba(191, 107, 82, 0.496094); \">El acad\u00e9mico tambi\u00e9n reconoci\u00f3 el esfuerzo de todos los participantes para estar reunidos con sus colegas, abrir oportunidades de di\u00e1logo y crear nuevas redes, as\u00ed como compartir historias comunes y visiones hacia el futuro. &nbsp;<\/div>\n<div style=\"font-family: Noteworthy; font-size: 18px; font-weight: bold; line-height: 24px; -webkit-tap-highlight-color: rgba(26, 26, 26, 0.296875); -webkit-composition-fill-color: rgba(130, 98, 83, 0.0976563); -webkit-composition-frame-color: rgba(191, 107, 82, 0.496094); \">Previo a la ceremonia de apertura, el Gobernador y el secretario General Adjunto de la OEA sostuvieron una reuni\u00f3n de trabajo en la que intercambiaron opiniones e ideas acerca de la din\u00e1mica de desarrollo del Gran Caribe.&nbsp;<\/div>\n<div style=\"font-family: Noteworthy; font-size: 18px; font-weight: bold; line-height: 24px; -webkit-tap-highlight-color: rgba(26, 26, 26, 0.296875); -webkit-composition-fill-color: rgba(130, 98, 83, 0.0976563); -webkit-composition-frame-color: rgba(191, 107, 82, 0.496094); \">En el marco de &nbsp;esta junta, el diplom\u00e1tico agradeci\u00f3 la hospitalidad y reconoci\u00f3 las acciones que ha emprendido el Gobierno del Estado para que Yucat\u00e1n sea un lugar seguro y cuente con infraestructura consolidada que atraiga al turismo y las inversiones. &nbsp;&nbsp;<\/p>\n<div class=\"separator\" style=\"clear: both;\"><a href=\"https:\/\/lh6.googleusercontent.com\/-cOoRcD4mcqg\/U4Qx_z9uHWI\/AAAAAAAAhM8\/PVcpaHeISNk\/s640\/blogger-image-310010802.jpg\" imageanchor=\"1\" style=\"margin-left: 1em; margin-right: 1em;\"><img decoding=\"async\" border=\"0\" src=\"https:\/\/lh6.googleusercontent.com\/-cOoRcD4mcqg\/U4Qx_z9uHWI\/AAAAAAAAhM8\/PVcpaHeISNk\/s640\/blogger-image-310010802.jpg\"><\/a><\/div>\n<\/div>\n<div><\/div>\n","protected":false},"excerpt":{"rendered":"<p>M\u00e9rida, Yucat\u00e1n, 26 de mayo de 2014.- Con un llamado a consolidar la regi\u00f3n caribe\u00f1a como un polo econ\u00f3mico, tur\u00edstico, cultural y tecnol\u00f3gico a nivel mundial, el Gobernador Rolando Zapata<\/p>\n","protected":false},"author":1,"featured_media":16414,"comment_status":"open","ping_status":"open","sticky":false,"template":"","format":"standard","meta":{"jetpack_post_was_ever_published":false,"_jetpack_newsletter_access":"","_jetpack_dont_email_post_to_subs":false,"_jetpack_newsletter_tier_id":0,"_jetpack_memberships_contains_paywalled_content":false,"_jetpack_memberships_contains_paid_content":false,"footnotes":"","jetpack_publicize_message":"","jetpack_publicize_feature_enabled":true,"jetpack_social_post_already_shared":false,"jetpack_social_options":{"image_generator_settings":{"template":"highway","default_image_id":0,"font":"","enabled":false},"version":2}},"categories":[17,1],"tags":[],"class_list":["post-3152","post","type-post","status-publish","format-standard","has-post-thumbnail","hentry","category-politica-y-gobierno","category-sin-categoria"],"jetpack_publicize_connections":[],"jetpack_featured_media_url":"https:\/\/formalprision.com\/wp-content\/uploads\/2014\/05\/blogger-image-310010802.jpg","jetpack_sharing_enabled":true,"jetpack_shortlink":"https:\/\/wp.me\/p6id8p-OQ","_links":{"self":[{"href":"https:\/\/formalprision.com\/index.php?rest_route=\/wp\/v2\/posts\/3152","targetHints":{"allow":["GET"]}}],"collection":[{"href":"https:\/\/formalprision.com\/index.php?rest_route=\/wp\/v2\/posts"}],"about":[{"href":"https:\/\/formalprision.com\/index.php?rest_route=\/wp\/v2\/types\/post"}],"author":[{"embeddable":true,"href":"https:\/\/formalprision.com\/index.php?rest_route=\/wp\/v2\/users\/1"}],"replies":[{"embeddable":true,"href":"https:\/\/formalprision.com\/index.php?rest_route=%2Fwp%2Fv2%2Fcomments&post=3152"}],"version-history":[{"count":0,"href":"https:\/\/formalprision.com\/index.php?rest_route=\/wp\/v2\/posts\/3152\/revisions"}],"wp:featuredmedia":[{"embeddable":true,"href":"https:\/\/formalprision.com\/index.php?rest_route=\/wp\/v2\/media\/16414"}],"wp:attachment":[{"href":"https:\/\/formalprision.com\/index.php?rest_route=%2Fwp%2Fv2%2Fmedia&parent=3152"}],"wp:term":[{"taxonomy":"category","embeddable":true,"href":"https:\/\/formalprision.com\/index.php?rest_route=%2Fwp%2Fv2%2Fcategories&post=3152"},{"taxonomy":"post_tag","embeddable":true,"href":"https:\/\/formalprision.com\/index.php?rest_route=%2Fwp%2Fv2%2Ftags&post=3152"}],"curies":[{"name":"wp","href":"https:\/\/api.w.org\/{rel}","templated":true}]}}