{"id":3153,"date":"2014-05-27T06:31:00","date_gmt":"2014-05-27T06:31:00","guid":{"rendered":"http:\/\/formalprision.info\/2014\/05\/27\/dialogan-acerca-del-desarrollo-de-la\/"},"modified":"2015-06-03T08:37:45","modified_gmt":"2015-06-03T08:37:45","slug":"dialogan-acerca-del-desarrollo-de-la","status":"publish","type":"post","link":"https:\/\/formalprision.com\/?p=3153","title":{"rendered":"Dialogan acerca del desarrollo de la ciencia en Yucat\u00e1n"},"content":{"rendered":"<div style=\"font-family: Noteworthy; font-size: 18px; font-weight: bold; line-height: 24px; -webkit-tap-highlight-color: rgba(26, 26, 26, 0.296875); -webkit-composition-fill-color: rgba(130, 98, 83, 0.0976563); -webkit-composition-frame-color: rgba(191, 107, 82, 0.496094); \">M\u00e9rida, Yucat\u00e1n, 26 de mayo de 2014.- El Gobernador Rolando Zapata Bello sostuvo una reuni\u00f3n de trabajo con el coordinador General del Consejo Consultivo de Ciencias (CCC) de la Presidencia de la Rep\u00fablica, Jorge Flores Valdez, con quien platic\u00f3 acerca del desarrollo de este rubro en el territorio yucateco.<\/div>\n<div style=\"font-family: Noteworthy; font-size: 18px; font-weight: bold; line-height: 24px; -webkit-tap-highlight-color: rgba(26, 26, 26, 0.296875); -webkit-composition-fill-color: rgba(130, 98, 83, 0.0976563); -webkit-composition-frame-color: rgba(191, 107, 82, 0.496094); \">En el encuentro realizado en la Direcci\u00f3n General de Relaciones P\u00fablicas, las autoridades tambi\u00e9n intercambiaron opiniones, ideas y proyectos que tienen relaci\u00f3n con las acciones cient\u00edficas y tecnol\u00f3gicas que se llevan a cabo entre los Gobiernos estatal y federal.<\/div>\n<div style=\"font-family: Noteworthy; font-size: 18px; font-weight: bold; line-height: 24px; -webkit-tap-highlight-color: rgba(26, 26, 26, 0.296875); -webkit-composition-fill-color: rgba(130, 98, 83, 0.0976563); -webkit-composition-frame-color: rgba(191, 107, 82, 0.496094); \">Asimismo, Flores Valdez propuso al mandatario convocar a una reuni\u00f3n con sus hom\u00f3logos del Sureste mexicano con el fin de presentar los libros que engloban ponencias de las 95 mesas redondas realizadas por dicho Consejo en disciplinas como ciencias sociales, tecnolog\u00eda, jurisprudencia, computaci\u00f3n y qu\u00edmica. &nbsp; &nbsp;&nbsp;<\/div>\n<div style=\"font-family: Noteworthy; font-size: 18px; font-weight: bold; line-height: 24px; -webkit-tap-highlight-color: rgba(26, 26, 26, 0.296875); -webkit-composition-fill-color: rgba(130, 98, 83, 0.0976563); -webkit-composition-frame-color: rgba(191, 107, 82, 0.496094); \">Al hacer uso de la palabra, el titular del Poder Ejecutivo destac\u00f3 la importancia de fortalecer una alianza entre el CCC y Yucat\u00e1n, ya que el estado actualmente apuesta a los sistemas de investigaci\u00f3n aplicada a la productividad y l\u00edneas estrat\u00e9gicas para el despegue de la econom\u00eda y el desarrollo de tecnolog\u00edas de la informaci\u00f3n e innovaci\u00f3n.<\/div>\n<div style=\"font-family: Noteworthy; font-size: 18px; font-weight: bold; line-height: 24px; -webkit-tap-highlight-color: rgba(26, 26, 26, 0.296875); -webkit-composition-fill-color: rgba(130, 98, 83, 0.0976563); -webkit-composition-frame-color: rgba(191, 107, 82, 0.496094); \">Durante la reuni\u00f3n, en la que tambi\u00e9n estuvo presente el secretario de Educaci\u00f3n estatal, Ra\u00fal Godoy Monta\u00f1ez, se abord\u00f3 el tema de las ventajas competitivas que ofrece la entidad con el funcionamiento del Parque Cient\u00edfico, y Tecnol\u00f3gico y la agenda digital que se impulsa en Yucat\u00e1n. &nbsp; <\/p>\n<div class=\"separator\" style=\"clear: both;\"><a href=\"https:\/\/lh3.googleusercontent.com\/-HSUgX38Fesk\/U4QxLHWWqnI\/AAAAAAAAhM0\/K4mFMopj_nk\/s640\/blogger-image-1795789125.jpg\" imageanchor=\"1\" style=\"margin-left: 1em; margin-right: 1em;\"><img decoding=\"async\" border=\"0\" src=\"https:\/\/lh3.googleusercontent.com\/-HSUgX38Fesk\/U4QxLHWWqnI\/AAAAAAAAhM0\/K4mFMopj_nk\/s640\/blogger-image-1795789125.jpg\"><\/a><\/div>\n<p>&nbsp;<\/p><\/div>\n","protected":false},"excerpt":{"rendered":"<p>M\u00e9rida, Yucat\u00e1n, 26 de mayo de 2014.- El Gobernador Rolando Zapata Bello sostuvo una reuni\u00f3n de trabajo con el coordinador General del Consejo Consultivo de Ciencias (CCC) de la Presidencia<\/p>\n","protected":false},"author":1,"featured_media":16416,"comment_status":"open","ping_status":"open","sticky":false,"template":"","format":"standard","meta":{"jetpack_post_was_ever_published":false,"_jetpack_newsletter_access":"","_jetpack_dont_email_post_to_subs":false,"_jetpack_newsletter_tier_id":0,"_jetpack_memberships_contains_paywalled_content":false,"_jetpack_memberships_contains_paid_content":false,"footnotes":"","jetpack_publicize_message":"","jetpack_publicize_feature_enabled":true,"jetpack_social_post_already_shared":false,"jetpack_social_options":{"image_generator_settings":{"template":"highway","default_image_id":0,"font":"","enabled":false},"version":2}},"categories":[17,1],"tags":[],"class_list":["post-3153","post","type-post","status-publish","format-standard","has-post-thumbnail","hentry","category-politica-y-gobierno","category-sin-categoria"],"jetpack_publicize_connections":[],"jetpack_featured_media_url":"https:\/\/formalprision.com\/wp-content\/uploads\/2014\/05\/blogger-image-1795789125.jpg","jetpack_sharing_enabled":true,"jetpack_shortlink":"https:\/\/wp.me\/p6id8p-OR","_links":{"self":[{"href":"https:\/\/formalprision.com\/index.php?rest_route=\/wp\/v2\/posts\/3153","targetHints":{"allow":["GET"]}}],"collection":[{"href":"https:\/\/formalprision.com\/index.php?rest_route=\/wp\/v2\/posts"}],"about":[{"href":"https:\/\/formalprision.com\/index.php?rest_route=\/wp\/v2\/types\/post"}],"author":[{"embeddable":true,"href":"https:\/\/formalprision.com\/index.php?rest_route=\/wp\/v2\/users\/1"}],"replies":[{"embeddable":true,"href":"https:\/\/formalprision.com\/index.php?rest_route=%2Fwp%2Fv2%2Fcomments&post=3153"}],"version-history":[{"count":0,"href":"https:\/\/formalprision.com\/index.php?rest_route=\/wp\/v2\/posts\/3153\/revisions"}],"wp:featuredmedia":[{"embeddable":true,"href":"https:\/\/formalprision.com\/index.php?rest_route=\/wp\/v2\/media\/16416"}],"wp:attachment":[{"href":"https:\/\/formalprision.com\/index.php?rest_route=%2Fwp%2Fv2%2Fmedia&parent=3153"}],"wp:term":[{"taxonomy":"category","embeddable":true,"href":"https:\/\/formalprision.com\/index.php?rest_route=%2Fwp%2Fv2%2Fcategories&post=3153"},{"taxonomy":"post_tag","embeddable":true,"href":"https:\/\/formalprision.com\/index.php?rest_route=%2Fwp%2Fv2%2Ftags&post=3153"}],"curies":[{"name":"wp","href":"https:\/\/api.w.org\/{rel}","templated":true}]}}