{"id":3155,"date":"2014-05-27T01:44:00","date_gmt":"2014-05-27T01:44:00","guid":{"rendered":"http:\/\/formalprision.info\/2014\/05\/27\/ratifican-apoyo-para-la-comunidad\/"},"modified":"2015-06-03T08:37:48","modified_gmt":"2015-06-03T08:37:48","slug":"ratifican-apoyo-para-la-comunidad","status":"publish","type":"post","link":"https:\/\/formalprision.com\/?p=3155","title":{"rendered":"Ratifican apoyo para la comunidad migrante yucateca en Los \u00c1ngeles"},"content":{"rendered":"<div style=\"font-family: Noteworthy; font-size: 18px; font-weight: bold; line-height: 24px; -webkit-tap-highlight-color: rgba(26, 26, 26, 0.296875); -webkit-composition-fill-color: rgba(130, 98, 83, 0.0976563); -webkit-composition-frame-color: rgba(191, 107, 82, 0.496094); \">Los \u00c1ngeles, California, 26 de mayo de 2014.- El Gobierno del Estado ratifica su respaldo y compromiso con las m\u00e1s de 60 mil personas que conforman la comunidad migrante yucateca en la ciudad de Los \u00c1ngeles, California, para que puedan consolidar proyectos productivos que les permitan mejorar la calidad de vida de sus familias, afirm\u00f3 Nerio Torres Arcila, representante personal del mandatario Rolando Zapata Bello y titular de la Secretar\u00eda de Desarrollo Social (Sedesol).<\/div>\n<div style=\"font-family: Noteworthy; font-size: 18px; font-weight: bold; line-height: 24px; -webkit-tap-highlight-color: rgba(26, 26, 26, 0.296875); -webkit-composition-fill-color: rgba(130, 98, 83, 0.0976563); -webkit-composition-frame-color: rgba(191, 107, 82, 0.496094); \">Como parte de la gira de trabajo, el funcionario se reuni\u00f3 con el c\u00f3nsul para Asuntos Especiales del organismo mexicano en Los \u00c1ngeles, Mario P\u00e9rez Ram\u00edrez Zamora, con quien intercambi\u00f3 puntos de vista sobre los avances en el \u00e1mbito comercial de la comunidad migrante yucateca.<\/div>\n<div style=\"font-family: Noteworthy; font-size: 18px; font-weight: bold; line-height: 24px; -webkit-tap-highlight-color: rgba(26, 26, 26, 0.296875); -webkit-composition-fill-color: rgba(130, 98, 83, 0.0976563); -webkit-composition-frame-color: rgba(191, 107, 82, 0.496094); \">El titular de la Sedesol estatal, quien estuvo acompa\u00f1ado por la directora General del Instituto para el Desarrollo de la Cultura Maya (Indemaya), Elizabeth Gamboa Sol\u00eds, resalt\u00f3 las iniciativas del Consulado como el programa M\u00e9xico Innova-Red M\u00e9xico, promovida a principios del presente a\u00f1o, que pretende consolidar la presencia de una comunidad de empresarios y comerciantes de nuestro pa\u00eds a fin de impulsarlos en sus respectivos sectores.<\/div>\n<div style=\"font-family: Noteworthy; font-size: 18px; font-weight: bold; line-height: 24px; -webkit-tap-highlight-color: rgba(26, 26, 26, 0.296875); -webkit-composition-fill-color: rgba(130, 98, 83, 0.0976563); -webkit-composition-frame-color: rgba(191, 107, 82, 0.496094); \">Posteriormente, con la finalidad de estrechar lazos comerciales, los funcionarios estatales realizaron las primeras gestiones con empresarios de Corea del Sur, encabezados por Kenny Park, presidente de la C\u00e1mara Coreano Americana de Comercio de Los \u00c1ngeles.<\/div>\n<div style=\"font-family: Noteworthy; font-size: 18px; font-weight: bold; line-height: 24px; -webkit-tap-highlight-color: rgba(26, 26, 26, 0.296875); -webkit-composition-fill-color: rgba(130, 98, 83, 0.0976563); -webkit-composition-frame-color: rgba(191, 107, 82, 0.496094); \">Asimismo, desde la Plaza M\u00e9xico, ubicada en la ciudad de Lynwood, las autoridades encabezaron la exposici\u00f3n gastron\u00f3mica, musical y artesanal como parte de las tradiciones que Yucat\u00e1n promociona y difunde a nivel internacional.<\/div>\n<div style=\"font-family: Noteworthy; font-size: 18px; font-weight: bold; line-height: 24px; -webkit-tap-highlight-color: rgba(26, 26, 26, 0.296875); -webkit-composition-fill-color: rgba(130, 98, 83, 0.0976563); -webkit-composition-frame-color: rgba(191, 107, 82, 0.496094); \">Por su parte, Gamboa Sol\u00eds se\u00f1al\u00f3 la trascendencia de estos eventos que adem\u00e1s fortalecen el orgullo e identidad, as\u00ed como la relaci\u00f3n con los paisanos migrantes que est\u00e1n lejos de casa.<\/div>\n<div style=\"font-family: Noteworthy; font-size: 18px; font-weight: bold; line-height: 24px; -webkit-tap-highlight-color: rgba(26, 26, 26, 0.296875); -webkit-composition-fill-color: rgba(130, 98, 83, 0.0976563); -webkit-composition-frame-color: rgba(191, 107, 82, 0.496094); \">Durante las celebraciones se efectu\u00f3 un convivio con l\u00edderes comunitarios, as\u00ed como con un grupo de empresarios y emprendedores yucatecos que han destacado por afianzar sus negocios en territorio estadounidense.<\/div>\n<div style=\"font-family: Noteworthy; font-size: 18px; font-weight: bold; line-height: 24px; -webkit-tap-highlight-color: rgba(26, 26, 26, 0.296875); -webkit-composition-fill-color: rgba(130, 98, 83, 0.0976563); -webkit-composition-frame-color: rgba(191, 107, 82, 0.496094); \">La gira de trabajo fue organizada por el Indemaya, instancia designada por el Gobernador para atender a la poblaci\u00f3n de yucatecos migrantes a fin de mantener un contacto directo y permanente que permita la conservaci\u00f3n de los usos, costumbres, tradiciones y la identidad que caracteriza a los habitantes de esta entidad.<\/div>\n<div style=\"font-family: Noteworthy; font-size: 18px; font-weight: bold; line-height: 24px; -webkit-tap-highlight-color: rgba(26, 26, 26, 0.296875); -webkit-composition-fill-color: rgba(130, 98, 83, 0.0976563); -webkit-composition-frame-color: rgba(191, 107, 82, 0.496094); \">Al evento cultural, amenizado con una vaquer\u00eda de la orquesta y ballet de las Misiones Culturales, Torres Arcila dijo que sabe muy bien que aunque salieron del estado, Yucat\u00e1n no ha salido de su coraz\u00f3n. (Comunicado)<\/p>\n<div class=\"separator\" style=\"clear: both;\"><a href=\"https:\/\/lh4.googleusercontent.com\/--rhwr7pXPuM\/U4Pt_uzqKGI\/AAAAAAAAhLw\/hHeeaWAFAgI\/s640\/blogger-image-1626440905.jpg\" imageanchor=\"1\" style=\"margin-left: 1em; margin-right: 1em;\"><img decoding=\"async\" border=\"0\" src=\"https:\/\/lh4.googleusercontent.com\/--rhwr7pXPuM\/U4Pt_uzqKGI\/AAAAAAAAhLw\/hHeeaWAFAgI\/s640\/blogger-image-1626440905.jpg\"><\/a><\/div>\n<\/div>\n<div><\/div>\n","protected":false},"excerpt":{"rendered":"<p>Los \u00c1ngeles, California, 26 de mayo de 2014.- El Gobierno del Estado ratifica su respaldo y compromiso con las m\u00e1s de 60 mil personas que conforman la comunidad migrante yucateca<\/p>\n","protected":false},"author":1,"featured_media":16420,"comment_status":"open","ping_status":"open","sticky":false,"template":"","format":"standard","meta":{"jetpack_post_was_ever_published":false,"_jetpack_newsletter_access":"","_jetpack_dont_email_post_to_subs":false,"_jetpack_newsletter_tier_id":0,"_jetpack_memberships_contains_paywalled_content":false,"_jetpack_memberships_contains_paid_content":false,"footnotes":"","jetpack_publicize_message":"","jetpack_publicize_feature_enabled":true,"jetpack_social_post_already_shared":false,"jetpack_social_options":{"image_generator_settings":{"template":"highway","default_image_id":0,"font":"","enabled":false},"version":2}},"categories":[17,1],"tags":[],"class_list":["post-3155","post","type-post","status-publish","format-standard","has-post-thumbnail","hentry","category-politica-y-gobierno","category-sin-categoria"],"jetpack_publicize_connections":[],"jetpack_featured_media_url":"https:\/\/formalprision.com\/wp-content\/uploads\/2014\/05\/blogger-image-1626440905.jpg","jetpack_sharing_enabled":true,"jetpack_shortlink":"https:\/\/wp.me\/p6id8p-OT","_links":{"self":[{"href":"https:\/\/formalprision.com\/index.php?rest_route=\/wp\/v2\/posts\/3155","targetHints":{"allow":["GET"]}}],"collection":[{"href":"https:\/\/formalprision.com\/index.php?rest_route=\/wp\/v2\/posts"}],"about":[{"href":"https:\/\/formalprision.com\/index.php?rest_route=\/wp\/v2\/types\/post"}],"author":[{"embeddable":true,"href":"https:\/\/formalprision.com\/index.php?rest_route=\/wp\/v2\/users\/1"}],"replies":[{"embeddable":true,"href":"https:\/\/formalprision.com\/index.php?rest_route=%2Fwp%2Fv2%2Fcomments&post=3155"}],"version-history":[{"count":0,"href":"https:\/\/formalprision.com\/index.php?rest_route=\/wp\/v2\/posts\/3155\/revisions"}],"wp:featuredmedia":[{"embeddable":true,"href":"https:\/\/formalprision.com\/index.php?rest_route=\/wp\/v2\/media\/16420"}],"wp:attachment":[{"href":"https:\/\/formalprision.com\/index.php?rest_route=%2Fwp%2Fv2%2Fmedia&parent=3155"}],"wp:term":[{"taxonomy":"category","embeddable":true,"href":"https:\/\/formalprision.com\/index.php?rest_route=%2Fwp%2Fv2%2Fcategories&post=3155"},{"taxonomy":"post_tag","embeddable":true,"href":"https:\/\/formalprision.com\/index.php?rest_route=%2Fwp%2Fv2%2Ftags&post=3155"}],"curies":[{"name":"wp","href":"https:\/\/api.w.org\/{rel}","templated":true}]}}