{"id":3161,"date":"2014-05-26T17:59:00","date_gmt":"2014-05-26T17:59:00","guid":{"rendered":"http:\/\/formalprision.info\/2014\/05\/26\/apuesta-yucatan-por-la-ciencia-y\/"},"modified":"2015-06-03T08:37:49","modified_gmt":"2015-06-03T08:37:49","slug":"apuesta-yucatan-por-la-ciencia-y","status":"publish","type":"post","link":"https:\/\/formalprision.com\/?p=3161","title":{"rendered":"Apuesta Yucat\u00e1n por la ciencia y tecnolog\u00eda para reducir sobrepeso\nentre la poblaci\u00f3n"},"content":{"rendered":"<div style=\"font-family: Noteworthy; font-size: 18px; font-weight: bold; line-height: 24px; -webkit-tap-highlight-color: rgba(26, 26, 26, 0.296875); -webkit-composition-fill-color: rgba(130, 98, 83, 0.0976563); -webkit-composition-frame-color: rgba(191, 107, 82, 0.496094); \">\u00d3M\u00e9rida, Yucat\u00e1n, 26 de mayo de 2014.- Al inaugurar el simposio \u201cS\u00edndrome metab\u00f3lico y obesidad\u201d, el Gobernador Rolando Zapata Bello asegur\u00f3 que es tiempo de que la ciencia, la investigaci\u00f3n y la tecnolog\u00eda sean factores para aumentar el valor de la producci\u00f3n manufacturera y agroindustrial del territorio, adem\u00e1s de permitir reducir los niveles de sobrepeso entre la poblaci\u00f3n para conseguir un crecimiento sustentable que genere m\u00e1s empleos.<\/div>\n<div style=\"font-family: Noteworthy; font-size: 18px; font-weight: bold; line-height: 24px; -webkit-tap-highlight-color: rgba(26, 26, 26, 0.296875); -webkit-composition-fill-color: rgba(130, 98, 83, 0.0976563); -webkit-composition-frame-color: rgba(191, 107, 82, 0.496094); \">En el marco del sexto aniversario del Sistema de Investigaci\u00f3n, Innovaci\u00f3n y Desarrollo Tecnol\u00f3gico de Yucat\u00e1n (Siidetey), el titular del Poder Ejecutivo afirm\u00f3 que es momento de definir el futuro de bienestar de Yucat\u00e1n con base en el conocimiento.<\/div>\n<div style=\"font-family: Noteworthy; font-size: 18px; font-weight: bold; line-height: 24px; -webkit-tap-highlight-color: rgba(26, 26, 26, 0.296875); -webkit-composition-fill-color: rgba(130, 98, 83, 0.0976563); -webkit-composition-frame-color: rgba(191, 107, 82, 0.496094); \">\u201cPor eso es sumamente importante que los cient\u00edficos, que los centros de investigaci\u00f3n y que las instituciones p\u00fablicas converjan en un mismo prop\u00f3sito. En ese sentido, es determinante el papel del Siidetey de articular los esfuerzos acad\u00e9micos y p\u00fablicos para impulsar el conocimiento que impacte en la vida social y econ\u00f3mica de la entidad\u201d, enfatiz\u00f3.<\/div>\n<div style=\"font-family: Noteworthy; font-size: 18px; font-weight: bold; line-height: 24px; -webkit-tap-highlight-color: rgba(26, 26, 26, 0.296875); -webkit-composition-fill-color: rgba(130, 98, 83, 0.0976563); -webkit-composition-frame-color: rgba(191, 107, 82, 0.496094); \">Acompa\u00f1ado del secretario de Salud del Estado, Jorge Eduardo Mendoza M\u00e9zquita, destac\u00f3 que la prevenci\u00f3n de los factores de riesgo, la cultura del autocuidado, la correcta alimentaci\u00f3n y nutrici\u00f3n, los buenos h\u00e1bitos y la pr\u00e1ctica deportiva son algunas de las columnas que se han consolidado en Yucat\u00e1n para tener una poblaci\u00f3n sana.<\/div>\n<div style=\"font-family: Noteworthy; font-size: 18px; font-weight: bold; line-height: 24px; -webkit-tap-highlight-color: rgba(26, 26, 26, 0.296875); -webkit-composition-fill-color: rgba(130, 98, 83, 0.0976563); -webkit-composition-frame-color: rgba(191, 107, 82, 0.496094); \">En evento celebrado en el auditorio del Hospital Regional de Alta Especialidad de la Pen\u00ednsula de Yucat\u00e1n (HRAEPY), el coordinador General del Consejo Consultivo de Ciencias de la Presidencia de la Rep\u00fablica (CCC), Jorge Flores Vald\u00e9s, reconoci\u00f3 que la consolidaci\u00f3n del Parque Cient\u00edfico y Tecnol\u00f3gico de Yucat\u00e1n y las diversas acciones en materia de innovaci\u00f3n que se impulsan garantizan a esta entidad un futuro promisorio.<\/div>\n<div style=\"font-family: Noteworthy; font-size: 18px; font-weight: bold; line-height: 24px; -webkit-tap-highlight-color: rgba(26, 26, 26, 0.296875); -webkit-composition-fill-color: rgba(130, 98, 83, 0.0976563); -webkit-composition-frame-color: rgba(191, 107, 82, 0.496094); \">\u201cEstoy seguro de que al continuar por este rumbo, a la vuelta de una d\u00e9cada Yucat\u00e1n ser\u00e1 conocido como una potencia cient\u00edfica en el \u00e1mbito nacional\u201d, subray\u00f3.<\/div>\n<div style=\"font-family: Noteworthy; font-size: 18px; font-weight: bold; line-height: 24px; -webkit-tap-highlight-color: rgba(26, 26, 26, 0.296875); -webkit-composition-fill-color: rgba(130, 98, 83, 0.0976563); -webkit-composition-frame-color: rgba(191, 107, 82, 0.496094); \">Al hacer uso de la palabra, el secretario de Educaci\u00f3n, Ra\u00fal Godoy Monta\u00f1ez, record\u00f3 que el Gobierno del Estado ha hecho de la ciencia y la innovaci\u00f3n una de sus principales pol\u00edticas para consolidarse como polo para el impulso de la econom\u00eda del conocimiento, y para ello el Siidetey ha jugado un papel muy importante a lo largo de seis a\u00f1os.<\/div>\n<div style=\"font-family: Noteworthy; font-size: 18px; font-weight: bold; line-height: 24px; -webkit-tap-highlight-color: rgba(26, 26, 26, 0.296875); -webkit-composition-fill-color: rgba(130, 98, 83, 0.0976563); -webkit-composition-frame-color: rgba(191, 107, 82, 0.496094); \">Indic\u00f3 que dicho organismo articula la voluntad del Centro de Investigaci\u00f3n y de Estudios Avanzados (Cinvestav) del Instituto Polit\u00e9cnico Nacional (IPN), de las Universidades Nacional Aut\u00f3noma de M\u00e9xico (UNAM), Tecnol\u00f3gica Metropolitana (UTM), y Aut\u00f3noma de Yucat\u00e1n (UADY), y del Centro de Investigaci\u00f3n Cient\u00edfica de Yucat\u00e1n (CICY).<\/div>\n<div style=\"font-family: Noteworthy; font-size: 18px; font-weight: bold; line-height: 24px; -webkit-tap-highlight-color: rgba(26, 26, 26, 0.296875); -webkit-composition-fill-color: rgba(130, 98, 83, 0.0976563); -webkit-composition-frame-color: rgba(191, 107, 82, 0.496094); \">Tambi\u00e9n, de los Institutos Tecnol\u00f3gico de M\u00e9rida (ITM), Tecnol\u00f3gico de Conkal, y Nacional de Investigaciones Forestales, Agr\u00edcolas y Pecuarias (Inifap), as\u00ed como de los Centros de Investigaciones y Estudios Superiores en Antropolog\u00eda Social (Ciesas), y de Investigaci\u00f3n y Asistencia en Tecnolog\u00eda y Dise\u00f1o del Estado del Jalisco (Ciatej).<\/div>\n<div style=\"font-family: Noteworthy; font-size: 18px; font-weight: bold; line-height: 24px; -webkit-tap-highlight-color: rgba(26, 26, 26, 0.296875); -webkit-composition-fill-color: rgba(130, 98, 83, 0.0976563); -webkit-composition-frame-color: rgba(191, 107, 82, 0.496094); \">En cuanto al simposio que re\u00fane a expertos en sobrepeso y obesidad, as\u00ed como a estudiantes, acad\u00e9micos y m\u00e9dicos profesionistas de toda la entidad, est\u00e1 enfocado al intercambio de ideas y experiencias para prevenir la diabetes y enfermedades cardiovasculares.<\/div>\n<div style=\"font-family: Noteworthy; font-size: 18px; font-weight: bold; line-height: 24px; -webkit-tap-highlight-color: rgba(26, 26, 26, 0.296875); -webkit-composition-fill-color: rgba(130, 98, 83, 0.0976563); -webkit-composition-frame-color: rgba(191, 107, 82, 0.496094); \">Durante el encuentro que se realizar\u00e1 este d\u00eda en las instalaciones del HRAEPY se abordar\u00e1n temas como \u201cNuevos paradigmas de enfermedad cr\u00f3nica\u201d, \u201c\u00bfEs la obesidad una enfermedad?\u201d y \u201cObesidad infantil: el desaf\u00edo para la salud p\u00fablica en Yucat\u00e1n\u201d.<\/div>\n<div style=\"font-family: Noteworthy; font-size: 18px; font-weight: bold; line-height: 24px; -webkit-tap-highlight-color: rgba(26, 26, 26, 0.296875); -webkit-composition-fill-color: rgba(130, 98, 83, 0.0976563); -webkit-composition-frame-color: rgba(191, 107, 82, 0.496094); \">Igualmente, &nbsp;\u201cGen\u00e9tica de la obesidad\u201d, \u201cObesidad y c\u00e1ncer\u201d, \u201cDimensiones epidemiol\u00f3gicas y sanitarias del s\u00edndrome metab\u00f3lico\u201d y \u201cNuevas fuentes de nutrici\u00f3n\u201d<\/div>\n<div style=\"font-family: Noteworthy; font-size: 18px; font-weight: bold; line-height: 24px; -webkit-tap-highlight-color: rgba(26, 26, 26, 0.296875); -webkit-composition-fill-color: rgba(130, 98, 83, 0.0976563); -webkit-composition-frame-color: rgba(191, 107, 82, 0.496094); \">Asistieron al evento los directores del Consejo de Ciencia, Innovaci\u00f3n y Tecnolog\u00eda del Estado (Conciytey), Tom\u00e1s Gonz\u00e1lez Estrada; y del HRAEPY, Marco Antonio de la Fuente Torres.<\/p>\n<div class=\"separator\" style=\"clear: both;\"><a href=\"https:\/\/lh6.googleusercontent.com\/-ZJsKs_mzc_A\/U4OBII02D0I\/AAAAAAAAhKY\/I4pMW-IAopY\/s640\/blogger-image-1714493669.jpg\" imageanchor=\"1\" style=\"margin-left: 1em; margin-right: 1em;\"><img decoding=\"async\" border=\"0\" src=\"https:\/\/lh6.googleusercontent.com\/-ZJsKs_mzc_A\/U4OBII02D0I\/AAAAAAAAhKY\/I4pMW-IAopY\/s640\/blogger-image-1714493669.jpg\"><\/a><\/div>\n<\/div>\n<div><\/div>\n","protected":false},"excerpt":{"rendered":"<p>\u00d3M\u00e9rida, Yucat\u00e1n, 26 de mayo de 2014.- Al inaugurar el simposio \u201cS\u00edndrome metab\u00f3lico y obesidad\u201d, el Gobernador Rolando Zapata Bello asegur\u00f3 que es tiempo de que la ciencia, la investigaci\u00f3n<\/p>\n","protected":false},"author":1,"featured_media":16432,"comment_status":"open","ping_status":"open","sticky":false,"template":"","format":"standard","meta":{"jetpack_post_was_ever_published":false,"_jetpack_newsletter_access":"","_jetpack_dont_email_post_to_subs":false,"_jetpack_newsletter_tier_id":0,"_jetpack_memberships_contains_paywalled_content":false,"_jetpack_memberships_contains_paid_content":false,"footnotes":"","jetpack_publicize_message":"","jetpack_publicize_feature_enabled":true,"jetpack_social_post_already_shared":false,"jetpack_social_options":{"image_generator_settings":{"template":"highway","default_image_id":0,"font":"","enabled":false},"version":2}},"categories":[17,1],"tags":[],"class_list":["post-3161","post","type-post","status-publish","format-standard","has-post-thumbnail","hentry","category-politica-y-gobierno","category-sin-categoria"],"jetpack_publicize_connections":[],"jetpack_featured_media_url":"https:\/\/formalprision.com\/wp-content\/uploads\/2014\/05\/blogger-image-1714493669.jpg","jetpack_sharing_enabled":true,"jetpack_shortlink":"https:\/\/wp.me\/p6id8p-OZ","_links":{"self":[{"href":"https:\/\/formalprision.com\/index.php?rest_route=\/wp\/v2\/posts\/3161","targetHints":{"allow":["GET"]}}],"collection":[{"href":"https:\/\/formalprision.com\/index.php?rest_route=\/wp\/v2\/posts"}],"about":[{"href":"https:\/\/formalprision.com\/index.php?rest_route=\/wp\/v2\/types\/post"}],"author":[{"embeddable":true,"href":"https:\/\/formalprision.com\/index.php?rest_route=\/wp\/v2\/users\/1"}],"replies":[{"embeddable":true,"href":"https:\/\/formalprision.com\/index.php?rest_route=%2Fwp%2Fv2%2Fcomments&post=3161"}],"version-history":[{"count":0,"href":"https:\/\/formalprision.com\/index.php?rest_route=\/wp\/v2\/posts\/3161\/revisions"}],"wp:featuredmedia":[{"embeddable":true,"href":"https:\/\/formalprision.com\/index.php?rest_route=\/wp\/v2\/media\/16432"}],"wp:attachment":[{"href":"https:\/\/formalprision.com\/index.php?rest_route=%2Fwp%2Fv2%2Fmedia&parent=3161"}],"wp:term":[{"taxonomy":"category","embeddable":true,"href":"https:\/\/formalprision.com\/index.php?rest_route=%2Fwp%2Fv2%2Fcategories&post=3161"},{"taxonomy":"post_tag","embeddable":true,"href":"https:\/\/formalprision.com\/index.php?rest_route=%2Fwp%2Fv2%2Ftags&post=3161"}],"curies":[{"name":"wp","href":"https:\/\/api.w.org\/{rel}","templated":true}]}}