{"id":3184,"date":"2014-05-20T20:07:00","date_gmt":"2014-05-20T20:07:00","guid":{"rendered":"http:\/\/formalprision.info\/2014\/05\/20\/la-fiscalia-tendra-cubiculos-especiales\/"},"modified":"2015-06-03T08:37:52","modified_gmt":"2015-06-03T08:37:52","slug":"la-fiscalia-tendra-cubiculos-especiales","status":"publish","type":"post","link":"https:\/\/formalprision.com\/?p=3184","title":{"rendered":"La Fiscal\u00eda tendr\u00e1 cub\u00edculos especiales para interrogatorios"},"content":{"rendered":"<div style=\"font-family: Noteworthy; font-size: 18px; font-weight: bold; line-height: 24px; -webkit-tap-highlight-color: rgba(26, 26, 26, 0.296875); -webkit-composition-fill-color: rgba(130, 98, 83, 0.0976563); -webkit-composition-frame-color: rgba(191, 107, 82, 0.496094); \">En atenci\u00f3n a las demandas del nuevo sistema de justicia penal que en los pr\u00f3ximos d\u00edas estar\u00e1 funcionando en todo el Estado, la Fiscal\u00eda General del Estado contar\u00e1 con una nueva \u00e1rea de interrogatorios relacionados con el trabajo de investigaci\u00f3n efectuado por la Polic\u00eda Ministerial Investigadora.<\/div>\n<div style=\"font-family: Noteworthy; font-size: 18px; font-weight: bold; line-height: 24px; -webkit-tap-highlight-color: rgba(26, 26, 26, 0.296875); -webkit-composition-fill-color: rgba(130, 98, 83, 0.0976563); -webkit-composition-frame-color: rgba(191, 107, 82, 0.496094); \">De acuerdo con un comunicado de la instituci\u00f3n, el titular del \u00e1rea, Juan Ra\u00fal Marrufo Le\u00f3n, explic\u00f3 que son tres las salas que est\u00e1n siendo habilitadas para que los agentes puedan llevar a cabo entrevistas a testigos, presuntos responsables o v\u00edctimas dentro de un proceso de investigaci\u00f3n.<\/div>\n<div style=\"font-family: Noteworthy; font-size: 18px; font-weight: bold; line-height: 24px; -webkit-tap-highlight-color: rgba(26, 26, 26, 0.296875); -webkit-composition-fill-color: rgba(130, 98, 83, 0.0976563); -webkit-composition-frame-color: rgba(191, 107, 82, 0.496094); \">Las nuevas oficinas contar\u00e1n con la privacidad.<\/div>\n<div style=\"font-family: Noteworthy; font-size: 18px; font-weight: bold; line-height: 24px; -webkit-tap-highlight-color: rgba(26, 26, 26, 0.296875); -webkit-composition-fill-color: rgba(130, 98, 83, 0.0976563); -webkit-composition-frame-color: rgba(191, 107, 82, 0.496094); \">El director de la Polic\u00eda Ministerial se\u00f1al\u00f3 que con la creaci\u00f3n de estas salas se agilizar\u00e1 el trabajo en las comandancias, en donde actualmente se efect\u00faan est\u00e1s diligencias, ya que se contar\u00e1 con el espacio apropiado para ello, sin necesidad de irrumpir en la labor que realizan los dem\u00e1s compa\u00f1eros asignados a otros casos.<\/div>\n<div style=\"font-family: Noteworthy; font-size: 18px; font-weight: bold; line-height: 24px; -webkit-tap-highlight-color: rgba(26, 26, 26, 0.296875); -webkit-composition-fill-color: rgba(130, 98, 83, 0.0976563); -webkit-composition-frame-color: rgba(191, 107, 82, 0.496094); \">Estas nuevas salas ubicadas en el \u00e1rea de la Polic\u00eda Ministerial Investigadora del edifico central de la FGE, estar\u00e1n a disposici\u00f3n de agentes, comandantes y jefes de grupo, listas para operar a partir del pr\u00f3ximo tres de junio con la entrada en vigor del sistema de justicia acusatorio y oral en su tercera etapa.<\/div>\n<div style=\"font-family: Noteworthy; font-size: 18px; font-weight: bold; line-height: 24px; -webkit-tap-highlight-color: rgba(26, 26, 26, 0.296875); -webkit-composition-fill-color: rgba(130, 98, 83, 0.0976563); -webkit-composition-frame-color: rgba(191, 107, 82, 0.496094); \">Tambi\u00e9n el 3 de junio se pondr\u00e1 en marcha la Unidad de Atenci\u00f3n Temprana de la FGE, que contin\u00faa incrementando su infraestructura, espacios, equipamiento y capacitaci\u00f3n, relacionada con la entrada en funcionamiento de la Reforma Penal en los 106 municipios de nuestra entidad.<\/div>\n<div style=\"font-family: Noteworthy; font-size: 18px; font-weight: bold; line-height: 24px; -webkit-tap-highlight-color: rgba(26, 26, 26, 0.296875); -webkit-composition-fill-color: rgba(130, 98, 83, 0.0976563); -webkit-composition-frame-color: rgba(191, 107, 82, 0.496094); \"><\/div>\n<div style=\"font-family: Noteworthy; font-size: 18px; font-weight: bold; line-height: 24px; -webkit-tap-highlight-color: rgba(26, 26, 26, 0.296875); -webkit-composition-fill-color: rgba(130, 98, 83, 0.0976563); -webkit-composition-frame-color: rgba(191, 107, 82, 0.496094); \">&nbsp;<\/p>\n<div class=\"separator\" style=\"clear: both;\"><a href=\"https:\/\/lh5.googleusercontent.com\/-Sgof4C2R5_g\/U3u1_N45HpI\/AAAAAAAAhFo\/Y22PlobqveU\/s640\/blogger-image-1512944556.jpg\" imageanchor=\"1\" style=\"margin-left: 1em; margin-right: 1em;\"><img decoding=\"async\" border=\"0\" src=\"https:\/\/lh5.googleusercontent.com\/-Sgof4C2R5_g\/U3u1_N45HpI\/AAAAAAAAhFo\/Y22PlobqveU\/s640\/blogger-image-1512944556.jpg\"><\/a><\/div>\n<\/div>\n","protected":false},"excerpt":{"rendered":"<p>En atenci\u00f3n a las demandas del nuevo sistema de justicia penal que en los pr\u00f3ximos d\u00edas estar\u00e1 funcionando en todo el Estado, la Fiscal\u00eda General del Estado contar\u00e1 con una<\/p>\n","protected":false},"author":1,"featured_media":16478,"comment_status":"open","ping_status":"open","sticky":false,"template":"","format":"standard","meta":{"jetpack_post_was_ever_published":false,"_jetpack_newsletter_access":"","_jetpack_dont_email_post_to_subs":false,"_jetpack_newsletter_tier_id":0,"_jetpack_memberships_contains_paywalled_content":false,"_jetpack_memberships_contains_paid_content":false,"footnotes":"","jetpack_publicize_message":"","jetpack_publicize_feature_enabled":true,"jetpack_social_post_already_shared":false,"jetpack_social_options":{"image_generator_settings":{"template":"highway","default_image_id":0,"font":"","enabled":false},"version":2}},"categories":[8,1],"tags":[],"class_list":["post-3184","post","type-post","status-publish","format-standard","has-post-thumbnail","hentry","category-noticias-variadas","category-sin-categoria"],"jetpack_publicize_connections":[],"jetpack_featured_media_url":"https:\/\/formalprision.com\/wp-content\/uploads\/2014\/05\/blogger-image-1512944556.jpg","jetpack_sharing_enabled":true,"jetpack_shortlink":"https:\/\/wp.me\/p6id8p-Pm","_links":{"self":[{"href":"https:\/\/formalprision.com\/index.php?rest_route=\/wp\/v2\/posts\/3184","targetHints":{"allow":["GET"]}}],"collection":[{"href":"https:\/\/formalprision.com\/index.php?rest_route=\/wp\/v2\/posts"}],"about":[{"href":"https:\/\/formalprision.com\/index.php?rest_route=\/wp\/v2\/types\/post"}],"author":[{"embeddable":true,"href":"https:\/\/formalprision.com\/index.php?rest_route=\/wp\/v2\/users\/1"}],"replies":[{"embeddable":true,"href":"https:\/\/formalprision.com\/index.php?rest_route=%2Fwp%2Fv2%2Fcomments&post=3184"}],"version-history":[{"count":0,"href":"https:\/\/formalprision.com\/index.php?rest_route=\/wp\/v2\/posts\/3184\/revisions"}],"wp:featuredmedia":[{"embeddable":true,"href":"https:\/\/formalprision.com\/index.php?rest_route=\/wp\/v2\/media\/16478"}],"wp:attachment":[{"href":"https:\/\/formalprision.com\/index.php?rest_route=%2Fwp%2Fv2%2Fmedia&parent=3184"}],"wp:term":[{"taxonomy":"category","embeddable":true,"href":"https:\/\/formalprision.com\/index.php?rest_route=%2Fwp%2Fv2%2Fcategories&post=3184"},{"taxonomy":"post_tag","embeddable":true,"href":"https:\/\/formalprision.com\/index.php?rest_route=%2Fwp%2Fv2%2Ftags&post=3184"}],"curies":[{"name":"wp","href":"https:\/\/api.w.org\/{rel}","templated":true}]}}