{"id":3188,"date":"2014-05-20T18:03:00","date_gmt":"2014-05-20T18:03:00","guid":{"rendered":"http:\/\/formalprision.info\/2014\/05\/20\/anuncian-evolucion-del-modelo-de\/"},"modified":"2015-06-03T08:37:53","modified_gmt":"2015-06-03T08:37:53","slug":"anuncian-evolucion-del-modelo-de","status":"publish","type":"post","link":"https:\/\/formalprision.com\/?p=3188","title":{"rendered":"Anuncian evoluci\u00f3n del modelo de ense\u00f1anza de la Escuela de Artes y\nOficios"},"content":{"rendered":"<div style=\"font-family: Noteworthy; font-size: 18px; font-weight: bold; line-height: 24px; -webkit-tap-highlight-color: rgba(26, 26, 26, 0.296875); -webkit-composition-fill-color: rgba(130, 98, 83, 0.0976563); -webkit-composition-frame-color: rgba(191, 107, 82, 0.496094); \">M\u00e9rida, Yucat\u00e1n, 19 de mayo de 2014.- En el marco de la entrega de equipo y&nbsp;trabajos de remozamiento a la Escuela de Artes y Oficios \u201cLuciana Kan viuda&nbsp;de Luna\u00bb, el Gobernador del Estado, Rolando Zapata Bello, anunci\u00f3 la&nbsp;evoluci\u00f3n del modelo de capacitaci\u00f3n de esta instituci\u00f3n a partir del&nbsp;pr\u00f3ximo ciclo escolar.<\/div>\n<div style=\"font-family: Noteworthy; font-size: 18px; font-weight: bold; line-height: 24px; -webkit-tap-highlight-color: rgba(26, 26, 26, 0.296875); -webkit-composition-fill-color: rgba(130, 98, 83, 0.0976563); -webkit-composition-frame-color: rgba(191, 107, 82, 0.496094); \">El mandatario indic\u00f3 que uno de los pilares m\u00e1s importantes de la&nbsp;administraci\u00f3n que encabeza es la educaci\u00f3n, por lo que se seguir\u00e1n&nbsp;implementado acciones que otorguen solidez a esta importante columna del&nbsp;bienestar, ya que es a trav\u00e9s de la preparaci\u00f3n que se encamina el correcto&nbsp;desarrollo de las capacidades y habilidades de los yucatecos y por<\/div>\n<div style=\"font-family: Noteworthy; font-size: 18px; font-weight: bold; line-height: 24px; -webkit-tap-highlight-color: rgba(26, 26, 26, 0.296875); -webkit-composition-fill-color: rgba(130, 98, 83, 0.0976563); -webkit-composition-frame-color: rgba(191, 107, 82, 0.496094); \">a\u00f1adidura, el despegue econ\u00f3mico de la entidad.<\/div>\n<div style=\"font-family: Noteworthy; font-size: 18px; font-weight: bold; line-height: 24px; -webkit-tap-highlight-color: rgba(26, 26, 26, 0.296875); -webkit-composition-fill-color: rgba(130, 98, 83, 0.0976563); -webkit-composition-frame-color: rgba(191, 107, 82, 0.496094); \">En ese sentido, instruy\u00f3 a los secretarios de Educaci\u00f3n, y del Trabajo y&nbsp;Previsi\u00f3n Social, Ra\u00fal Godoy Monta\u00f1ez y Enrique Castillo Ruz,&nbsp;respectivamente, a que se realicen todos los ajustes necesarios para que el&nbsp;formato de ense\u00f1anza-aprendizaje de la Escuela de Artes y Oficios tome un&nbsp;nuevo impulso a partir del siguiente per\u00edodo escolar.<\/div>\n<div style=\"font-family: Noteworthy; font-size: 18px; font-weight: bold; line-height: 24px; -webkit-tap-highlight-color: rgba(26, 26, 26, 0.296875); -webkit-composition-fill-color: rgba(130, 98, 83, 0.0976563); -webkit-composition-frame-color: rgba(191, 107, 82, 0.496094); \">\u00abEste modelo deber\u00e1 seguir cuatro objetivos: ampliar la cobertura de&nbsp;atenci\u00f3n, promover un acceso m\u00e1s equitativo, contar con el mejor&nbsp;equipamiento tecnol\u00f3gico y finalmente, tener una mayor capacidad de&nbsp;adaptaci\u00f3n a los requerimientos productivos de nuestra econom\u00eda\u00bb,&nbsp;puntualiz\u00f3.<\/div>\n<div style=\"font-family: Noteworthy; font-size: 18px; font-weight: bold; line-height: 24px; -webkit-tap-highlight-color: rgba(26, 26, 26, 0.296875); -webkit-composition-fill-color: rgba(130, 98, 83, 0.0976563); -webkit-composition-frame-color: rgba(191, 107, 82, 0.496094); \">Durante el evento, realizado en la cancha principal del plantel \u201cLuciana Kan&nbsp;viuda de Luna\u00bb, el Gobernador entreg\u00f3 obras y material did\u00e1ctico que&nbsp;permitir\u00e1n que los m\u00e1s de 500 alumnos que conforman la matr\u00edcula cuenten con&nbsp;moderna infraestructura y equipamiento educativo de calidad, como&nbsp;herramientas para impulsar el autoempleo y la productividad.<\/div>\n<div style=\"font-family: Noteworthy; font-size: 18px; font-weight: bold; line-height: 24px; -webkit-tap-highlight-color: rgba(26, 26, 26, 0.296875); -webkit-composition-fill-color: rgba(130, 98, 83, 0.0976563); -webkit-composition-frame-color: rgba(191, 107, 82, 0.496094); \">Los trabajos de remozamiento e instalaci\u00f3n hidr\u00e1ulica y el\u00e9ctrica, as\u00ed como&nbsp;el material recibido, beneficiar\u00e1n el desempe\u00f1o de docentes y la formaci\u00f3n&nbsp;de alumnos de los 15 talleres que se imparten en la instancia como&nbsp;Carpinter\u00eda, Mec\u00e1nica Automotriz, Electricidad, Cultora de Belleza, Operador&nbsp;de C\u00f3mputo y Orfebrer\u00eda, \u00fanico en su tipo, entre otros que fomentan la&nbsp;capacitaci\u00f3n y el autoempleo.<\/div>\n<div style=\"font-family: Noteworthy; font-size: 18px; font-weight: bold; line-height: 24px; -webkit-tap-highlight-color: rgba(26, 26, 26, 0.296875); -webkit-composition-fill-color: rgba(130, 98, 83, 0.0976563); -webkit-composition-frame-color: rgba(191, 107, 82, 0.496094); \">Por su parte, Godoy Monta\u00f1ez se\u00f1al\u00f3 que con estas acciones la Escuela,&nbsp;ubicada en la colonia Morelos Oriente de esta capital, renovar\u00e1 y&nbsp;reposicionar\u00e1 la visi\u00f3n de artes y oficios, lo que elevar\u00e1 las capacidades&nbsp;competitivas y acad\u00e9micas de los alumnos para que incursionen con \u00e9xito en&nbsp;la vida laboral de la regi\u00f3n.<\/div>\n<div style=\"font-family: Noteworthy; font-size: 18px; font-weight: bold; line-height: 24px; -webkit-tap-highlight-color: rgba(26, 26, 26, 0.296875); -webkit-composition-fill-color: rgba(130, 98, 83, 0.0976563); -webkit-composition-frame-color: rgba(191, 107, 82, 0.496094); \">Al dirigir un mensaje, el profesor de la especialidad de Operador de&nbsp;C\u00f3mputo, Ariel Peraza Alejos, dijo que al recibir estos apoyos, el personal&nbsp;docente y el alumnado mejorar\u00e1n su desempe\u00f1o, lo que redundar\u00e1 en brindar&nbsp;mejor servicio acad\u00e9mico y comunitario.<\/div>\n<div style=\"font-family: Noteworthy; font-size: 18px; font-weight: bold; line-height: 24px; -webkit-tap-highlight-color: rgba(26, 26, 26, 0.296875); -webkit-composition-fill-color: rgba(130, 98, 83, 0.0976563); -webkit-composition-frame-color: rgba(191, 107, 82, 0.496094); \">Una vez concluido el acto protocolario, el mandatario estatal, acompa\u00f1ado de&nbsp;funcionarios estatales, alumnos y profesores, hizo un recorrido para&nbsp;constatar las din\u00e1micas que se realizan en algunos de los talleres.<\/div>\n<div style=\"font-family: Noteworthy; font-size: 18px; font-weight: bold; line-height: 24px; -webkit-tap-highlight-color: rgba(26, 26, 26, 0.296875); -webkit-composition-fill-color: rgba(130, 98, 83, 0.0976563); -webkit-composition-frame-color: rgba(191, 107, 82, 0.496094); \">Asistieron al evento el delegado de la Secretar\u00eda de Educaci\u00f3n P\u00fablica (SEP)&nbsp;en la entidad, Wilberth Chi G\u00f3ngora, y la coordinadora General de Programas&nbsp;Estrat\u00e9gicos de la Secretar\u00eda de Educaci\u00f3n del Gobierno del Estado (Segey),&nbsp;Mar\u00eda Elena Andrade Uitzil.<\/p>\n<div class=\"separator\" style=\"clear: both;\"><a href=\"https:\/\/lh5.googleusercontent.com\/-zoV52ITMLWs\/U3uY7GP5tEI\/AAAAAAAAhE4\/2hJROSasDgs\/s640\/blogger-image--44884509.jpg\" imageanchor=\"1\" style=\"margin-left: 1em; margin-right: 1em;\"><img decoding=\"async\" border=\"0\" src=\"https:\/\/lh5.googleusercontent.com\/-zoV52ITMLWs\/U3uY7GP5tEI\/AAAAAAAAhE4\/2hJROSasDgs\/s640\/blogger-image--44884509.jpg\"><\/a><\/div>\n<\/div>\n<div><\/div>\n","protected":false},"excerpt":{"rendered":"<p>M\u00e9rida, Yucat\u00e1n, 19 de mayo de 2014.- En el marco de la entrega de equipo y&nbsp;trabajos de remozamiento a la Escuela de Artes y Oficios \u201cLuciana Kan viuda&nbsp;de Luna\u00bb, el<\/p>\n","protected":false},"author":1,"featured_media":16486,"comment_status":"open","ping_status":"open","sticky":false,"template":"","format":"standard","meta":{"jetpack_post_was_ever_published":false,"_jetpack_newsletter_access":"","_jetpack_dont_email_post_to_subs":false,"_jetpack_newsletter_tier_id":0,"_jetpack_memberships_contains_paywalled_content":false,"_jetpack_memberships_contains_paid_content":false,"footnotes":"","jetpack_publicize_message":"","jetpack_publicize_feature_enabled":true,"jetpack_social_post_already_shared":false,"jetpack_social_options":{"image_generator_settings":{"template":"highway","default_image_id":0,"font":"","enabled":false},"version":2}},"categories":[17,1],"tags":[],"class_list":["post-3188","post","type-post","status-publish","format-standard","has-post-thumbnail","hentry","category-politica-y-gobierno","category-sin-categoria"],"jetpack_publicize_connections":[],"jetpack_featured_media_url":"https:\/\/formalprision.com\/wp-content\/uploads\/2014\/05\/blogger-image-44884509.jpg","jetpack_sharing_enabled":true,"jetpack_shortlink":"https:\/\/wp.me\/p6id8p-Pq","_links":{"self":[{"href":"https:\/\/formalprision.com\/index.php?rest_route=\/wp\/v2\/posts\/3188","targetHints":{"allow":["GET"]}}],"collection":[{"href":"https:\/\/formalprision.com\/index.php?rest_route=\/wp\/v2\/posts"}],"about":[{"href":"https:\/\/formalprision.com\/index.php?rest_route=\/wp\/v2\/types\/post"}],"author":[{"embeddable":true,"href":"https:\/\/formalprision.com\/index.php?rest_route=\/wp\/v2\/users\/1"}],"replies":[{"embeddable":true,"href":"https:\/\/formalprision.com\/index.php?rest_route=%2Fwp%2Fv2%2Fcomments&post=3188"}],"version-history":[{"count":0,"href":"https:\/\/formalprision.com\/index.php?rest_route=\/wp\/v2\/posts\/3188\/revisions"}],"wp:featuredmedia":[{"embeddable":true,"href":"https:\/\/formalprision.com\/index.php?rest_route=\/wp\/v2\/media\/16486"}],"wp:attachment":[{"href":"https:\/\/formalprision.com\/index.php?rest_route=%2Fwp%2Fv2%2Fmedia&parent=3188"}],"wp:term":[{"taxonomy":"category","embeddable":true,"href":"https:\/\/formalprision.com\/index.php?rest_route=%2Fwp%2Fv2%2Fcategories&post=3188"},{"taxonomy":"post_tag","embeddable":true,"href":"https:\/\/formalprision.com\/index.php?rest_route=%2Fwp%2Fv2%2Ftags&post=3188"}],"curies":[{"name":"wp","href":"https:\/\/api.w.org\/{rel}","templated":true}]}}