{"id":3398,"date":"2014-04-09T23:16:00","date_gmt":"2014-04-09T23:16:00","guid":{"rendered":"http:\/\/formalprision.info\/2014\/04\/09\/avance-del-77-por-ciento-en\/"},"modified":"2015-06-03T08:38:48","modified_gmt":"2015-06-03T08:38:48","slug":"avance-del-77-por-ciento-en","status":"publish","type":"post","link":"https:\/\/formalprision.com\/?p=3398","title":{"rendered":"Avance del 77 por ciento en construcci\u00f3n del Centro de Justicia Oral de\nM\u00e9rida"},"content":{"rendered":"<div style=\"font-family: Noteworthy; font-size: 18px; font-weight: bold; line-height: 24px; -webkit-tap-highlight-color: rgba(26, 26, 26, 0.296875); -webkit-composition-fill-color: rgba(130, 98, 83, 0.0976563); -webkit-composition-frame-color: rgba(191, 107, 82, 0.496094); \">M\u00e9rida, Yucat\u00e1n, 9 de abril de 2014.- La construcci\u00f3n del Centro de Justicia&nbsp;Oral de M\u00e9rida (CJOM) ya registra un avance del 77 por ciento, por lo que en&nbsp;breve sus instalaciones empezar\u00e1n ofrecer a la sociedad los servicios que se&nbsp;requieren para consolidar la implementaci\u00f3n del nuevo Sistema de Justicia&nbsp;Penal en todo el territorio yucateco.<\/div>\n<div style=\"font-family: Noteworthy; font-size: 18px; font-weight: bold; line-height: 24px; -webkit-tap-highlight-color: rgba(26, 26, 26, 0.296875); -webkit-composition-fill-color: rgba(130, 98, 83, 0.0976563); -webkit-composition-frame-color: rgba(191, 107, 82, 0.496094); \">El Gobernador Rolando Zapata Bello supervis\u00f3 dicha obra que se levanta&nbsp;frente al Centro de Reinserci\u00f3n Social (CERESO) de M\u00e9rida y a su vez entreg\u00f3&nbsp;equipo de audio y video para las ocho salas de oralidad del CJOM. Ambas&nbsp;acciones representan una inversi\u00f3n superior a los 190 millones de pesos.<\/div>\n<div style=\"font-family: Noteworthy; font-size: 18px; font-weight: bold; line-height: 24px; -webkit-tap-highlight-color: rgba(26, 26, 26, 0.296875); -webkit-composition-fill-color: rgba(130, 98, 83, 0.0976563); -webkit-composition-frame-color: rgba(191, 107, 82, 0.496094); \">Al dirigir un mensaje en presencia de la secretaria T\u00e9cnica del Consejo de&nbsp;Coordinaci\u00f3n para la Implementaci\u00f3n del Sistema de Justicia Penal de la&nbsp;Secretar\u00eda de Gobernaci\u00f3n, Mar\u00eda de los \u00c1ngeles Fromow Rangel, el mandatario&nbsp;estatal asegur\u00f3 que el Gobierno del Estado est\u00e1 al pendiente de que el&nbsp;edificio se concluya en tiempo y forma, ya que fortalecer\u00e1 la cultura de la&nbsp;legalidad en el estado. &nbsp;<\/div>\n<div style=\"font-family: Noteworthy; font-size: 18px; font-weight: bold; line-height: 24px; -webkit-tap-highlight-color: rgba(26, 26, 26, 0.296875); -webkit-composition-fill-color: rgba(130, 98, 83, 0.0976563); -webkit-composition-frame-color: rgba(191, 107, 82, 0.496094); \">Ante magistrados y funcionarios del Poder Judicial, as\u00ed como autoridades&nbsp;estatales y federales, el mandatario recalc\u00f3 &nbsp;que la planeaci\u00f3n estrat\u00e9gica&nbsp;que se ha aplicado en la obra, garantiza que la operatividad cumpla con los&nbsp;requerimientos t\u00e9cnicos y que desde el primer d\u00eda tenga un funcionamiento&nbsp;\u00f3ptimo para que sea un edificio de primer nivel y referente nacional.<\/div>\n<div style=\"font-family: Noteworthy; font-size: 18px; font-weight: bold; line-height: 24px; -webkit-tap-highlight-color: rgba(26, 26, 26, 0.296875); -webkit-composition-fill-color: rgba(130, 98, 83, 0.0976563); -webkit-composition-frame-color: rgba(191, 107, 82, 0.496094); \">\u201cAnte el hecho de implementar plenamente las novedades normativas y&nbsp;procesales del nuevo Sistema de Justicia Penal, en el Gobierno del Estado&nbsp;estamos respondiendo con responsabilidad y eso es justamente lo que&nbsp;significa la creaci\u00f3n del Centro de Justicia Oral de M\u00e9rida\u201d, apunt\u00f3 el&nbsp;Gobernador.<\/div>\n<div style=\"font-family: Noteworthy; font-size: 18px; font-weight: bold; line-height: 24px; -webkit-tap-highlight-color: rgba(26, 26, 26, 0.296875); -webkit-composition-fill-color: rgba(130, 98, 83, 0.0976563); -webkit-composition-frame-color: rgba(191, 107, 82, 0.496094); \">Al hacer uso de la palabra, Fromow Rangel reconoci\u00f3 que la obra ser\u00e1 de gran&nbsp;utilidad para la transparencia y respeto de derechos humanos que exige la&nbsp;poblaci\u00f3n en materia de justicia y que Yucat\u00e1n se convertir\u00e1 en el primer&nbsp;estado en implementar en todo su territorio el nuevo Sistema en la&nbsp;administraci\u00f3n del Presidente Enrique Pe\u00f1a Nieto. &nbsp;&nbsp;<\/div>\n<div style=\"font-family: Noteworthy; font-size: 18px; font-weight: bold; line-height: 24px; -webkit-tap-highlight-color: rgba(26, 26, 26, 0.296875); -webkit-composition-fill-color: rgba(130, 98, 83, 0.0976563); -webkit-composition-frame-color: rgba(191, 107, 82, 0.496094); \">La funcionaria federal tambi\u00e9n destac\u00f3 que la entidad cuenta con un buen&nbsp;equipo de trabajo adecuado a las leyes y capacitando para poder aplicar con&nbsp;mayor eficiencia el Sistema, por lo que se\u00f1al\u00f3 que existe el compromiso para&nbsp;hacer llegar m\u00e1s recursos que apoyen la segunda etapa.<\/div>\n<div style=\"font-family: Noteworthy; font-size: 18px; font-weight: bold; line-height: 24px; -webkit-tap-highlight-color: rgba(26, 26, 26, 0.296875); -webkit-composition-fill-color: rgba(130, 98, 83, 0.0976563); -webkit-composition-frame-color: rgba(191, 107, 82, 0.496094); \">Por su parte, el secretario Ejecutivo de la Comisi\u00f3n para la Implementaci\u00f3n&nbsp;de la Reforma en Materia de Seguridad y Justicia en el Estado, Gabriel&nbsp;Zapata Bello, manifest\u00f3 que la entrega de equipos de audio y video para las&nbsp;ocho salas de oralidad dan cumplimiento a los c\u00f3digos de procedimientos&nbsp;local y nacional, los cuales establecen que las audiencias deber\u00e1n ser&nbsp;registradas por medios tecnol\u00f3gicos.<\/div>\n<div style=\"font-family: Noteworthy; font-size: 18px; font-weight: bold; line-height: 24px; -webkit-tap-highlight-color: rgba(26, 26, 26, 0.296875); -webkit-composition-fill-color: rgba(130, 98, 83, 0.0976563); -webkit-composition-frame-color: rgba(191, 107, 82, 0.496094); \">Asimismo, el funcionario estatal coment\u00f3 que el nuevo Sistema de Justicia&nbsp;Penal ya se aplica en los distritos judiciales de Valladolid, Um\u00e1n, Tekax y&nbsp;Kanas\u00edn, y que en 53 d\u00edas comenzar\u00e1 en el de M\u00e9rida, el cual agrupa 24&nbsp;municipios m\u00e1s.<\/div>\n<div style=\"font-family: Noteworthy; font-size: 18px; font-weight: bold; line-height: 24px; -webkit-tap-highlight-color: rgba(26, 26, 26, 0.296875); -webkit-composition-fill-color: rgba(130, 98, 83, 0.0976563); -webkit-composition-frame-color: rgba(191, 107, 82, 0.496094); \">Al dar detalles de la construcci\u00f3n, el secretario de Obras P\u00fablicas del&nbsp;Estado, Daniel Quintal &nbsp;Ic, explic\u00f3 que el CJOM en su primera etapa consta&nbsp;de dos niveles; en el primero se encuentran las ocho salas para los juicios&nbsp;orales, de espera para testigos y locutorios, mientras que en el segundo se&nbsp;ubican las oficinas de los jueces auxiliares, salas de junta y oficinas&nbsp;administrativas.<\/div>\n<div style=\"font-family: Noteworthy; font-size: 18px; font-weight: bold; line-height: 24px; -webkit-tap-highlight-color: rgba(26, 26, 26, 0.296875); -webkit-composition-fill-color: rgba(130, 98, 83, 0.0976563); -webkit-composition-frame-color: rgba(191, 107, 82, 0.496094); \">El funcionario estatal tambi\u00e9n mencion\u00f3 que en la planta baja estar\u00e1 el&nbsp;estacionamiento y que el Centro cuenta con &nbsp;un t\u00fanel de traslado de&nbsp;detenidos al CERESO con una extensi\u00f3n de m\u00e1s de 350 metros.<\/div>\n<div style=\"font-family: Noteworthy; font-size: 18px; font-weight: bold; line-height: 24px; -webkit-tap-highlight-color: rgba(26, 26, 26, 0.296875); -webkit-composition-fill-color: rgba(130, 98, 83, 0.0976563); -webkit-composition-frame-color: rgba(191, 107, 82, 0.496094); \">Tras el acto protocolario, Zapata Bello acompa\u00f1ado de las dem\u00e1s autoridades,&nbsp;supervis\u00f3 y constat\u00f3 los avances de la obra, y de los diferentes accesos&nbsp;para evitar el cruce de las partes involucradas en los procesos penales.<\/div>\n<div style=\"font-family: Noteworthy; font-size: 18px; font-weight: bold; line-height: 24px; -webkit-tap-highlight-color: rgba(26, 26, 26, 0.296875); -webkit-composition-fill-color: rgba(130, 98, 83, 0.0976563); -webkit-composition-frame-color: rgba(191, 107, 82, 0.496094); \">Al evento asistieron el presidente del Tribunal Superior de Justicia de&nbsp;Yucat\u00e1n, Marcos Celis Quintal; los secretarios General de Gobierno, V\u00edctor&nbsp;Caballero Dur\u00e1n; y de Seguridad P\u00fablica, Luis Felipe Said\u00e9n Ojeda; el&nbsp;consejero Jur\u00eddico, Ernesto Herrera Novelo; y la directora del Instituto de&nbsp;Defensa P\u00fablica del Estado, Ana Aguilar Ruiz.(comunicado)<\/p>\n<div class=\"separator\" style=\"clear: both;\"><a href=\"https:\/\/lh4.googleusercontent.com\/-WcGGX-8f400\/U0XU4T2lHkI\/AAAAAAAAgK0\/dtJULi-vSWo\/s640\/blogger-image--1557651840.jpg\" imageanchor=\"1\" style=\"margin-left: 1em; margin-right: 1em;\"><img decoding=\"async\" border=\"0\" src=\"https:\/\/lh4.googleusercontent.com\/-WcGGX-8f400\/U0XU4T2lHkI\/AAAAAAAAgK0\/dtJULi-vSWo\/s640\/blogger-image--1557651840.jpg\"><\/a><\/div>\n<\/div>\n<div><\/div>\n","protected":false},"excerpt":{"rendered":"<p>M\u00e9rida, Yucat\u00e1n, 9 de abril de 2014.- La construcci\u00f3n del Centro de Justicia&nbsp;Oral de M\u00e9rida (CJOM) ya registra un avance del 77 por ciento, por lo que en&nbsp;breve sus instalaciones<\/p>\n","protected":false},"author":1,"featured_media":16907,"comment_status":"open","ping_status":"open","sticky":false,"template":"","format":"standard","meta":{"jetpack_post_was_ever_published":false,"_jetpack_newsletter_access":"","_jetpack_dont_email_post_to_subs":false,"_jetpack_newsletter_tier_id":0,"_jetpack_memberships_contains_paywalled_content":false,"_jetpack_memberships_contains_paid_content":false,"footnotes":"","jetpack_publicize_message":"","jetpack_publicize_feature_enabled":true,"jetpack_social_post_already_shared":false,"jetpack_social_options":{"image_generator_settings":{"template":"highway","default_image_id":0,"font":"","enabled":false},"version":2}},"categories":[17,1],"tags":[],"class_list":["post-3398","post","type-post","status-publish","format-standard","has-post-thumbnail","hentry","category-politica-y-gobierno","category-sin-categoria"],"jetpack_publicize_connections":[],"jetpack_featured_media_url":"https:\/\/formalprision.com\/wp-content\/uploads\/2014\/04\/blogger-image-1557651840.jpg","jetpack_sharing_enabled":true,"jetpack_shortlink":"https:\/\/wp.me\/p6id8p-SO","_links":{"self":[{"href":"https:\/\/formalprision.com\/index.php?rest_route=\/wp\/v2\/posts\/3398","targetHints":{"allow":["GET"]}}],"collection":[{"href":"https:\/\/formalprision.com\/index.php?rest_route=\/wp\/v2\/posts"}],"about":[{"href":"https:\/\/formalprision.com\/index.php?rest_route=\/wp\/v2\/types\/post"}],"author":[{"embeddable":true,"href":"https:\/\/formalprision.com\/index.php?rest_route=\/wp\/v2\/users\/1"}],"replies":[{"embeddable":true,"href":"https:\/\/formalprision.com\/index.php?rest_route=%2Fwp%2Fv2%2Fcomments&post=3398"}],"version-history":[{"count":0,"href":"https:\/\/formalprision.com\/index.php?rest_route=\/wp\/v2\/posts\/3398\/revisions"}],"wp:featuredmedia":[{"embeddable":true,"href":"https:\/\/formalprision.com\/index.php?rest_route=\/wp\/v2\/media\/16907"}],"wp:attachment":[{"href":"https:\/\/formalprision.com\/index.php?rest_route=%2Fwp%2Fv2%2Fmedia&parent=3398"}],"wp:term":[{"taxonomy":"category","embeddable":true,"href":"https:\/\/formalprision.com\/index.php?rest_route=%2Fwp%2Fv2%2Fcategories&post=3398"},{"taxonomy":"post_tag","embeddable":true,"href":"https:\/\/formalprision.com\/index.php?rest_route=%2Fwp%2Fv2%2Ftags&post=3398"}],"curies":[{"name":"wp","href":"https:\/\/api.w.org\/{rel}","templated":true}]}}