{"id":3401,"date":"2014-04-08T23:35:00","date_gmt":"2014-04-08T23:35:00","guid":{"rendered":"http:\/\/formalprision.info\/2014\/04\/08\/canelo-alvarez-televisa-no-quiere-que\/"},"modified":"2015-06-03T08:38:49","modified_gmt":"2015-06-03T08:38:49","slug":"canelo-alvarez-televisa-no-quiere-que","status":"publish","type":"post","link":"https:\/\/formalprision.com\/?p=3401","title":{"rendered":"Canelo \u00c1lvarez &quot;noquea&quot; a Televisa: no quiere que transmitan sus peleas"},"content":{"rendered":"<div style=\"-webkit-composition-fill-color: rgba(130, 98, 83, 0.0976563); -webkit-composition-frame-color: rgba(191, 107, 82, 0.496094); -webkit-tap-highlight-color: rgba(26, 26, 26, 0.296875); font-family: Noteworthy; font-size: 18px; font-weight: bold; line-height: 24px;\">\n<div>\n(CNNM\u00e9xico) \u2014 El boxeador Sa\u00fal Canelo \u00c1lvarez anunci\u00f3 que por cuestiones \u201claborales y personales\u201d ha decidido que su pelea del 12 de julio no sea transmitida por Televisa, la principal televisora del pa\u00eds y la que se ha encargado de transmitir los principales enfrentamientos del p\u00fagil.<\/div>\n<div>\n\u201cPara la fecha del 12 de julio hasta el momento eh decidido que no sea televisada por TELEVISA por cuestiones laborares y PERSONALES&#8230; Gracias por su apoyo y buscaremos lo mejor para ustedes y para m\u00ed (sic)\u201d, escribi\u00f3 el boxeador en su cuenta de Instagram este martes.<\/div>\n<\/div>\n<div style=\"-webkit-composition-fill-color: rgba(130, 98, 83, 0.0976563); -webkit-composition-frame-color: rgba(191, 107, 82, 0.496094); -webkit-tap-highlight-color: rgba(26, 26, 26, 0.296875); font-family: Noteworthy; font-size: 18px; font-weight: bold; line-height: 24px;\">\n<div>\nLa molestia de Sa\u00fal, al parecer, se debe a que la &nbsp;revista Tv y Novelas public\u00f3 unas cosas que no son ciertas, y al ser una revista que tiene el sello de Televisa, eso caus\u00f3 malestar en todo el equipo del boxeador.<\/div>\n<div>\nHace unas semanas, la revista &nbsp;public\u00f3 un reportaje en el que se culpaba al p\u00fagil tapat\u00edo de la muerte de Javier &#8216;Chatito&#8217; J\u00e1uregui, a causa de las &#8216;golpizas&#8217; propinadas por el Canelo en las sesiones de sparring previo a su pelea contra Alfredo &#8216;El Perro&#8217; Angulo.<\/p>\n<div class=\"separator\" style=\"clear: both;\">\n<a href=\"https:\/\/lh5.googleusercontent.com\/-NP6J-sH16Kg\/U0SH2055s-I\/AAAAAAAAgKI\/CWbNll_Bcfc\/s640\/blogger-image--684281181.jpg\" imageanchor=\"1\" style=\"margin-left: 1em; margin-right: 1em;\"><img decoding=\"async\" border=\"0\" src=\"https:\/\/lh5.googleusercontent.com\/-NP6J-sH16Kg\/U0SH2055s-I\/AAAAAAAAgKI\/CWbNll_Bcfc\/s640\/blogger-image--684281181.jpg\" \/><\/a><\/div>\n<\/div>\n<\/div>\n<div style=\"-webkit-composition-fill-color: rgba(130, 98, 83, 0.0976563); -webkit-composition-frame-color: rgba(191, 107, 82, 0.496094); -webkit-tap-highlight-color: rgba(26, 26, 26, 0.296875); font-family: Noteworthy; font-size: 18px; font-weight: bold; line-height: 24px;\">\n<\/div>\n","protected":false},"excerpt":{"rendered":"<p>(CNNM\u00e9xico) \u2014 El boxeador Sa\u00fal Canelo \u00c1lvarez anunci\u00f3 que por cuestiones \u201claborales y personales\u201d ha decidido que su pelea del 12 de julio no sea transmitida por Televisa, la principal<\/p>\n","protected":false},"author":1,"featured_media":16913,"comment_status":"open","ping_status":"open","sticky":false,"template":"","format":"standard","meta":{"jetpack_post_was_ever_published":false,"_jetpack_newsletter_access":"","_jetpack_dont_email_post_to_subs":false,"_jetpack_newsletter_tier_id":0,"_jetpack_memberships_contains_paywalled_content":false,"_jetpack_memberships_contains_paid_content":false,"footnotes":"","jetpack_publicize_message":"","jetpack_publicize_feature_enabled":true,"jetpack_social_post_already_shared":false,"jetpack_social_options":{"image_generator_settings":{"template":"highway","default_image_id":0,"font":"","enabled":false},"version":2}},"categories":[4,1],"tags":[],"class_list":["post-3401","post","type-post","status-publish","format-standard","has-post-thumbnail","hentry","category-deportes","category-sin-categoria"],"jetpack_publicize_connections":[],"jetpack_featured_media_url":"https:\/\/formalprision.com\/wp-content\/uploads\/2014\/04\/blogger-image-684281181.jpg","jetpack_sharing_enabled":true,"jetpack_shortlink":"https:\/\/wp.me\/p6id8p-SR","_links":{"self":[{"href":"https:\/\/formalprision.com\/index.php?rest_route=\/wp\/v2\/posts\/3401","targetHints":{"allow":["GET"]}}],"collection":[{"href":"https:\/\/formalprision.com\/index.php?rest_route=\/wp\/v2\/posts"}],"about":[{"href":"https:\/\/formalprision.com\/index.php?rest_route=\/wp\/v2\/types\/post"}],"author":[{"embeddable":true,"href":"https:\/\/formalprision.com\/index.php?rest_route=\/wp\/v2\/users\/1"}],"replies":[{"embeddable":true,"href":"https:\/\/formalprision.com\/index.php?rest_route=%2Fwp%2Fv2%2Fcomments&post=3401"}],"version-history":[{"count":0,"href":"https:\/\/formalprision.com\/index.php?rest_route=\/wp\/v2\/posts\/3401\/revisions"}],"wp:featuredmedia":[{"embeddable":true,"href":"https:\/\/formalprision.com\/index.php?rest_route=\/wp\/v2\/media\/16913"}],"wp:attachment":[{"href":"https:\/\/formalprision.com\/index.php?rest_route=%2Fwp%2Fv2%2Fmedia&parent=3401"}],"wp:term":[{"taxonomy":"category","embeddable":true,"href":"https:\/\/formalprision.com\/index.php?rest_route=%2Fwp%2Fv2%2Fcategories&post=3401"},{"taxonomy":"post_tag","embeddable":true,"href":"https:\/\/formalprision.com\/index.php?rest_route=%2Fwp%2Fv2%2Ftags&post=3401"}],"curies":[{"name":"wp","href":"https:\/\/api.w.org\/{rel}","templated":true}]}}