{"id":3402,"date":"2014-04-08T23:15:00","date_gmt":"2014-04-08T23:15:00","guid":{"rendered":"http:\/\/formalprision.info\/2014\/04\/08\/avanza-yucatan-en-resultados-contra-la\/"},"modified":"2015-06-03T08:38:49","modified_gmt":"2015-06-03T08:38:49","slug":"avanza-yucatan-en-resultados-contra-la","status":"publish","type":"post","link":"https:\/\/formalprision.com\/?p=3402","title":{"rendered":"Avanza Yucat\u00e1n en resultados contra la desnutrici\u00f3n infantil"},"content":{"rendered":"<div style=\"font-family: Noteworthy; font-size: 18px; font-weight: bold; line-height: 24px; -webkit-tap-highlight-color: rgba(26, 26, 26, 0.296875); -webkit-composition-fill-color: rgba(130, 98, 83, 0.0976563); -webkit-composition-frame-color: rgba(191, 107, 82, 0.496094); \">M\u00e9rida, Yucat\u00e1n, 8 de abril de 2014.- Los avances que Yucat\u00e1n presenta en el&nbsp;combate a la desnutrici\u00f3n infantil en los \u00faltimos a\u00f1os son concretos, sin&nbsp;embargo, significan un reto que debemos afrontar para continuar con la&nbsp;construcci\u00f3n de un estado de bienestar para toda la poblaci\u00f3n, afirm\u00f3 el&nbsp;Gobernador Rolando Zapata Bello.<\/div>\n<div style=\"font-family: Noteworthy; font-size: 18px; font-weight: bold; line-height: 24px; -webkit-tap-highlight-color: rgba(26, 26, 26, 0.296875); -webkit-composition-fill-color: rgba(130, 98, 83, 0.0976563); -webkit-composition-frame-color: rgba(191, 107, 82, 0.496094); \">Durante la presentaci\u00f3n del Ranking Nacional de Nutrici\u00f3n Infantil (RANNI),&nbsp;realizada en el marco de la Sesi\u00f3n Extraordinaria del Consejo Estatal de&nbsp;Nutrici\u00f3n, se inform\u00f3 que Yucat\u00e1n es la entidad que tuvo el mejor desempe\u00f1o&nbsp;en t\u00e9rminos de combate contra la desnutrici\u00f3n cr\u00f3nica, al reducir 12.1&nbsp;puntos porcentuales entre 2006 y 2012, lo cual signific\u00f3 pasar del 27.9 al&nbsp;15.8 por ciento en poblaci\u00f3n menor de cinco a\u00f1os, es decir, una disminuci\u00f3n&nbsp;del 43 por ciento de la incidencia de dicho padecimiento en el mencionado<\/div>\n<div style=\"font-family: Noteworthy; font-size: 18px; font-weight: bold; line-height: 24px; -webkit-tap-highlight-color: rgba(26, 26, 26, 0.296875); -webkit-composition-fill-color: rgba(130, 98, 83, 0.0976563); -webkit-composition-frame-color: rgba(191, 107, 82, 0.496094); \">sector.<\/div>\n<div style=\"font-family: Noteworthy; font-size: 18px; font-weight: bold; line-height: 24px; -webkit-tap-highlight-color: rgba(26, 26, 26, 0.296875); -webkit-composition-fill-color: rgba(130, 98, 83, 0.0976563); -webkit-composition-frame-color: rgba(191, 107, 82, 0.496094); \">Acompa\u00f1ado por la Presidenta del Sistema para el Desarrollo Integral de la&nbsp;Familia (DIF) Yucat\u00e1n, Sarita Blancarte de Zapata, indic\u00f3 que el Gobierno&nbsp;estatal continuar\u00e1 su labor para que el territorio mantenga el rumbo&nbsp;ascendente en el trabajo contra la desnutrici\u00f3n y la anemia, rubro en el&nbsp;cual el estado disminuy\u00f3 los padecimientos de esta condici\u00f3n en menores de&nbsp;cinco a\u00f1os en 5.5 puntos porcentuales, pasando de 27.3 por ciento en 2006, a&nbsp;21.8 por ciento en 2012.<\/div>\n<div style=\"font-family: Noteworthy; font-size: 18px; font-weight: bold; line-height: 24px; -webkit-tap-highlight-color: rgba(26, 26, 26, 0.296875); -webkit-composition-fill-color: rgba(130, 98, 83, 0.0976563); -webkit-composition-frame-color: rgba(191, 107, 82, 0.496094); \">\u201cEs cierto, hemos cosechado buenos resultados en cuando a la disminuci\u00f3n de&nbsp;la incidencia de la desnutrici\u00f3n cr\u00f3nica en ni\u00f1os menores de cinco a\u00f1os,&nbsp;pero nosotros encontramos en estos indicadores una base firme, una&nbsp;plataforma bien cimentada para seguir avanzando en materia de nutrici\u00f3n y&nbsp;combate a la obesidad\u201d, asever\u00f3.<\/div>\n<div style=\"font-family: Noteworthy; font-size: 18px; font-weight: bold; line-height: 24px; -webkit-tap-highlight-color: rgba(26, 26, 26, 0.296875); -webkit-composition-fill-color: rgba(130, 98, 83, 0.0976563); -webkit-composition-frame-color: rgba(191, 107, 82, 0.496094); \">En el evento se inform\u00f3 que el RANNI fue elaborado con base en los datos&nbsp;obtenidos por la Encuesta Nacional de Salud y Nutrici\u00f3n (ENSANUT) 2012 en la&nbsp;que se se\u00f1ala que M\u00e9xico avanz\u00f3 poco menos de dos puntos porcentuales contra&nbsp;la desnutrici\u00f3n cr\u00f3nica entre el a\u00f1o 2006 que promediaba 15.4 por ciento, y&nbsp;el 2012 que promedi\u00f3 13.3 por ciento.<\/div>\n<div style=\"font-family: Noteworthy; font-size: 18px; font-weight: bold; line-height: 24px; -webkit-tap-highlight-color: rgba(26, 26, 26, 0.296875); -webkit-composition-fill-color: rgba(130, 98, 83, 0.0976563); -webkit-composition-frame-color: rgba(191, 107, 82, 0.496094); \">El director General del Instituto Nacional de Salud P\u00fablica, Mauricio&nbsp;Hern\u00e1ndez \u00c1vila, signific\u00f3 que Yucat\u00e1n haya conseguido logros importantes al&nbsp;disminuir la prevalencia en desnutrici\u00f3n cr\u00f3nica, lo cual se ha realizado&nbsp;con una intensidad remarcable, muestra del trabajo que el Gobierno del&nbsp;Estado y la sociedad civil realizan en pro de la ni\u00f1ez yucateca.<\/div>\n<div style=\"font-family: Noteworthy; font-size: 18px; font-weight: bold; line-height: 24px; -webkit-tap-highlight-color: rgba(26, 26, 26, 0.296875); -webkit-composition-fill-color: rgba(130, 98, 83, 0.0976563); -webkit-composition-frame-color: rgba(191, 107, 82, 0.496094); \">Al hacer uso de la palabra, el secretario de Desarrollo Social, Nerio Torres&nbsp;Arcila, se\u00f1al\u00f3 que en 18 meses de la presente administraci\u00f3n, el titular del&nbsp;Poder Ejecutivo ha implantado pol\u00edticas p\u00fablicas y sociales que mediante su&nbsp;planeaci\u00f3n y consumaci\u00f3n, han conseguido disminuir considerablemente la&nbsp;incidencia de desnutrici\u00f3n cr\u00f3nica en el territorio yucateco.<\/div>\n<div style=\"font-family: Noteworthy; font-size: 18px; font-weight: bold; line-height: 24px; -webkit-tap-highlight-color: rgba(26, 26, 26, 0.296875); -webkit-composition-fill-color: rgba(130, 98, 83, 0.0976563); -webkit-composition-frame-color: rgba(191, 107, 82, 0.496094); \">Al emitir su mensaje, el presidente de la fundaci\u00f3n Un Kilo de Ayuda, Jos\u00e9&nbsp;Ignacio \u00c1valos Hern\u00e1ndez, puntualiz\u00f3 que Yucat\u00e1n es un ejemplo mundial y&nbsp;nacional de c\u00f3mo se ejecutan de forma correcta las pol\u00edticas p\u00fablicas, por&nbsp;ello es un reto para la entidad el avanzar como hasta ahora, con trabajo&nbsp;conjunto y coordinado entre las autoridades y las organizaciones civiles en&nbsp;este tipo de temas.<\/div>\n<div style=\"font-family: Noteworthy; font-size: 18px; font-weight: bold; line-height: 24px; -webkit-tap-highlight-color: rgba(26, 26, 26, 0.296875); -webkit-composition-fill-color: rgba(130, 98, 83, 0.0976563); -webkit-composition-frame-color: rgba(191, 107, 82, 0.496094); \">En su intervenci\u00f3n, el secretario de Salud del Estado, Jorge Eduardo Mendoza&nbsp;M\u00e9zquita, inform\u00f3 que en Yucat\u00e1n se ha conseguido una cifra r\u00e9cord en los&nbsp;centros que atienden a la poblaci\u00f3n, al ofrecer m\u00e1s de 55 mil consultas&nbsp;sobre temas de nutrici\u00f3n, cifra que se espera sea rebasada este a\u00f1o.<\/div>\n<div style=\"font-family: Noteworthy; font-size: 18px; font-weight: bold; line-height: 24px; -webkit-tap-highlight-color: rgba(26, 26, 26, 0.296875); -webkit-composition-fill-color: rgba(130, 98, 83, 0.0976563); -webkit-composition-frame-color: rgba(191, 107, 82, 0.496094); \">Estuvieron en el evento el presidente del Tribunal Superior de Justicia de&nbsp;Yucat\u00e1n, Marcos Celis Quintal; la representante del Fondo de las Naciones&nbsp;Unidas para la Infancia (UNICEF) en M\u00e9xico, Isabel Crowley; y el director de&nbsp;la Oficina del Programa de las Naciones Unidas para el Desarrollo (PNUD) en&nbsp;Yucat\u00e1n, Xavier Moya Garc\u00eda.<\/div>\n<div style=\"font-family: Noteworthy; font-size: 18px; font-weight: bold; line-height: 24px; -webkit-tap-highlight-color: rgba(26, 26, 26, 0.296875); -webkit-composition-fill-color: rgba(130, 98, 83, 0.0976563); -webkit-composition-frame-color: rgba(191, 107, 82, 0.496094); \">Asimismo, el coordinador estatal de la Secretar\u00eda de Gobernaci\u00f3n (SEGOB),&nbsp;Omar Corzo Ol\u00e1n; el delegado de la Secretar\u00eda de Desarrollo Social&nbsp;(SEDESOL), Luis Borjas Romero; y el rector de la Universidad Aut\u00f3noma de&nbsp;Yucat\u00e1n (UADY), Alfredo D\u00e1jer Abimerhi, entre otros.(comunicado)<\/p>\n<div class=\"separator\" style=\"clear: both;\"><a href=\"https:\/\/lh3.googleusercontent.com\/-81N3GNgi-l0\/U0SDBlrQevI\/AAAAAAAAgKA\/cQln2dH-DS4\/s640\/blogger-image--1200914028.jpg\" imageanchor=\"1\" style=\"margin-left: 1em; margin-right: 1em;\"><img decoding=\"async\" border=\"0\" src=\"https:\/\/lh3.googleusercontent.com\/-81N3GNgi-l0\/U0SDBlrQevI\/AAAAAAAAgKA\/cQln2dH-DS4\/s640\/blogger-image--1200914028.jpg\"><\/a><\/div>\n<\/div>\n","protected":false},"excerpt":{"rendered":"<p>M\u00e9rida, Yucat\u00e1n, 8 de abril de 2014.- Los avances que Yucat\u00e1n presenta en el&nbsp;combate a la desnutrici\u00f3n infantil en los \u00faltimos a\u00f1os son concretos, sin&nbsp;embargo, significan un reto que debemos<\/p>\n","protected":false},"author":1,"featured_media":16915,"comment_status":"open","ping_status":"open","sticky":false,"template":"","format":"standard","meta":{"jetpack_post_was_ever_published":false,"_jetpack_newsletter_access":"","_jetpack_dont_email_post_to_subs":false,"_jetpack_newsletter_tier_id":0,"_jetpack_memberships_contains_paywalled_content":false,"_jetpack_memberships_contains_paid_content":false,"footnotes":"","jetpack_publicize_message":"","jetpack_publicize_feature_enabled":true,"jetpack_social_post_already_shared":false,"jetpack_social_options":{"image_generator_settings":{"template":"highway","default_image_id":0,"font":"","enabled":false},"version":2}},"categories":[17,1],"tags":[],"class_list":["post-3402","post","type-post","status-publish","format-standard","has-post-thumbnail","hentry","category-politica-y-gobierno","category-sin-categoria"],"jetpack_publicize_connections":[],"jetpack_featured_media_url":"https:\/\/formalprision.com\/wp-content\/uploads\/2014\/04\/blogger-image-1200914028.jpg","jetpack_sharing_enabled":true,"jetpack_shortlink":"https:\/\/wp.me\/p6id8p-SS","_links":{"self":[{"href":"https:\/\/formalprision.com\/index.php?rest_route=\/wp\/v2\/posts\/3402","targetHints":{"allow":["GET"]}}],"collection":[{"href":"https:\/\/formalprision.com\/index.php?rest_route=\/wp\/v2\/posts"}],"about":[{"href":"https:\/\/formalprision.com\/index.php?rest_route=\/wp\/v2\/types\/post"}],"author":[{"embeddable":true,"href":"https:\/\/formalprision.com\/index.php?rest_route=\/wp\/v2\/users\/1"}],"replies":[{"embeddable":true,"href":"https:\/\/formalprision.com\/index.php?rest_route=%2Fwp%2Fv2%2Fcomments&post=3402"}],"version-history":[{"count":0,"href":"https:\/\/formalprision.com\/index.php?rest_route=\/wp\/v2\/posts\/3402\/revisions"}],"wp:featuredmedia":[{"embeddable":true,"href":"https:\/\/formalprision.com\/index.php?rest_route=\/wp\/v2\/media\/16915"}],"wp:attachment":[{"href":"https:\/\/formalprision.com\/index.php?rest_route=%2Fwp%2Fv2%2Fmedia&parent=3402"}],"wp:term":[{"taxonomy":"category","embeddable":true,"href":"https:\/\/formalprision.com\/index.php?rest_route=%2Fwp%2Fv2%2Fcategories&post=3402"},{"taxonomy":"post_tag","embeddable":true,"href":"https:\/\/formalprision.com\/index.php?rest_route=%2Fwp%2Fv2%2Ftags&post=3402"}],"curies":[{"name":"wp","href":"https:\/\/api.w.org\/{rel}","templated":true}]}}