{"id":3403,"date":"2014-04-08T22:50:00","date_gmt":"2014-04-08T22:50:00","guid":{"rendered":"http:\/\/formalprision.info\/2014\/04\/08\/empleado-del-imss-dice-que-mato-en\/"},"modified":"2015-06-03T08:38:49","modified_gmt":"2015-06-03T08:38:49","slug":"empleado-del-imss-dice-que-mato-en","status":"publish","type":"post","link":"https:\/\/formalprision.com\/?p=3403","title":{"rendered":"Empleado del IMSS dice que mat\u00f3 en defensa propia"},"content":{"rendered":"<div style=\"font-family: Noteworthy; font-size: 18px; font-weight: bold; line-height: 24px; -webkit-tap-highlight-color: rgba(26, 26, 26, 0.296875); -webkit-composition-fill-color: rgba(130, 98, 83, 0.0976563); -webkit-composition-frame-color: rgba(191, 107, 82, 0.496094); \">\n<div>Juan Pablo Barajas Pacheco, acusado de asesinar a una persona el fin de semana, rindi\u00f3 hoy declaraci\u00f3n y admiti\u00f3 parcialmente los hechos, argumentando defensa propia.<\/div>\n<div>Indic\u00f3 que el ahora occiso lo atac\u00f3 a pedradas y se le lanz\u00f3 encima, por lo que \u00e9l sac\u00f3 su navaja y lo hiri\u00f3.<\/div>\n<div>Hoy, Barajas Pacheco, quien dijo ser chofer de ambulancias en el IMSS y no contratista como sostienen las autoridades, &nbsp;enfrenta proceso ante el Juzgado Sexto Penal, acusado de homicidio calificado, por la muerte de Jorge Rodrigo Canul Chan, denunciado por la esposa de \u00e9ste, Rosa Mar\u00eda Chan Rodr\u00edguez.<\/div>\n<div>Durante su declaraci\u00f3n ante el juez, dijo que el s\u00e1bado a las 5 de la tarde, estaba tomando en casa de Luis Guzm\u00e1n Rodr\u00edguez, un alba\u00f1il que realiza trabajos con su hija,<\/div>\n<div>Estaba departiendo en la&nbsp;calle 35 A entre 56 y 58 del fraccionamiento Terranova y&nbsp;de pronto lleg\u00f3 el ahora occiso, insultando y ofendiendo.<\/div>\n<div>Discutieron, pero el sujeto, seg\u00fan la versi\u00f3n del detenido, le arroj\u00f3 unas piedras, que pudo esquivar por fortuna.<\/div>\n<div>\u201cSe me fue encima y&nbsp;saqu\u00e9 mi navaja y lo her\u00ed\u201d . indic\u00f3 el acusado, quien le hizo seis heridas en la&nbsp;espalda, costado, pierna y una en el coraz\u00f3n.<\/div>\n<div>Siguiendo con el relato, dijo que al ver lo que hab\u00eda sucedido, tom\u00f3 su camioneta y se fue rumbo al Perif\u00e9rico.<\/div>\n<div>Como estaba asustado, se perdi\u00f3, lleg\u00f3 a una casa abandonada, por lo que dej\u00f3 la camioneta y corri\u00f3 rumbo a Boxito Tanlum.<\/div>\n<div>Continu\u00f3 &nbsp;corriendo, pues &nbsp;asegura que unos sujetos de una camioneta lo quer\u00edan agredir, por lo que lleg\u00f3 hasta otra casa abandonada y se escondi\u00f3.<\/div>\n<div>Desde su escondite ve\u00eda pasar a los polic\u00edas, hasta que recibi\u00f3 una llamada de su hijo Adm\u00edn Gerardo, quien le pregunt\u00f3 d\u00f3nde se encontraba.<\/div>\n<div>El le dijo que estaba escondido y le pidi\u00f3 que lo perdonara porque estaba en problemas y en ese momento se cort\u00f3 la llamada.<\/div>\n<div>Minutos despu\u00e9s fue \u201cubicado\u201d, por lo que sali\u00f3 de su escondite por la parte trasera del bald\u00edo-<\/div>\n<div>Asegura que un oficial lo persigui\u00f3 y le&nbsp;&nbsp;dispar\u00f3 en 3 ocasiones, advirti\u00e9ndole que se entregara o lo iba a matar, por lo que decidi\u00f3 entregarse la sentir las balas muy cerca.<\/div>\n<div>El detenido fue representado por el abogado C\u00e9sar Hau Gonz\u00e1lez, quien busca que el Juez reclasifique el delito por homicidio en ri\u00f1a en car\u00e1cter de provocado, con lo que podr\u00eda salir libre bajo <\/p>\n<div class=\"separator\" style=\"clear: both;\"><a href=\"https:\/\/lh4.googleusercontent.com\/-0voRxETin3E\/U0R9Lq3lZhI\/AAAAAAAAgJ0\/bTUnmSr-S-A\/s640\/blogger-image-1987339456.jpg\" imageanchor=\"1\" style=\"margin-left: 1em; margin-right: 1em;\"><img decoding=\"async\" border=\"0\" src=\"https:\/\/lh4.googleusercontent.com\/-0voRxETin3E\/U0R9Lq3lZhI\/AAAAAAAAgJ0\/bTUnmSr-S-A\/s640\/blogger-image-1987339456.jpg\"><\/a><\/div>\n<p>fianza.<\/p><\/div>\n<div>\n<div class=\"separator\" style=\"clear: both;\"><\/div>\n<p><\/div>\n<\/div>\n","protected":false},"excerpt":{"rendered":"<p>Juan Pablo Barajas Pacheco, acusado de asesinar a una persona el fin de semana, rindi\u00f3 hoy declaraci\u00f3n y admiti\u00f3 parcialmente los hechos, argumentando defensa propia. Indic\u00f3 que el ahora occiso<\/p>\n","protected":false},"author":1,"featured_media":16917,"comment_status":"open","ping_status":"open","sticky":false,"template":"","format":"standard","meta":{"jetpack_post_was_ever_published":false,"_jetpack_newsletter_access":"","_jetpack_dont_email_post_to_subs":false,"_jetpack_newsletter_tier_id":0,"_jetpack_memberships_contains_paywalled_content":false,"_jetpack_memberships_contains_paid_content":false,"footnotes":"","jetpack_publicize_message":"","jetpack_publicize_feature_enabled":true,"jetpack_social_post_already_shared":false,"jetpack_social_options":{"image_generator_settings":{"template":"highway","default_image_id":0,"font":"","enabled":false},"version":2}},"categories":[6,3,1],"tags":[],"class_list":["post-3403","post","type-post","status-publish","format-standard","has-post-thumbnail","hentry","category-lo-mas-leido","category-portada","category-sin-categoria"],"jetpack_publicize_connections":[],"jetpack_featured_media_url":"https:\/\/formalprision.com\/wp-content\/uploads\/2014\/04\/blogger-image-1987339456.jpg","jetpack_sharing_enabled":true,"jetpack_shortlink":"https:\/\/wp.me\/p6id8p-ST","_links":{"self":[{"href":"https:\/\/formalprision.com\/index.php?rest_route=\/wp\/v2\/posts\/3403","targetHints":{"allow":["GET"]}}],"collection":[{"href":"https:\/\/formalprision.com\/index.php?rest_route=\/wp\/v2\/posts"}],"about":[{"href":"https:\/\/formalprision.com\/index.php?rest_route=\/wp\/v2\/types\/post"}],"author":[{"embeddable":true,"href":"https:\/\/formalprision.com\/index.php?rest_route=\/wp\/v2\/users\/1"}],"replies":[{"embeddable":true,"href":"https:\/\/formalprision.com\/index.php?rest_route=%2Fwp%2Fv2%2Fcomments&post=3403"}],"version-history":[{"count":0,"href":"https:\/\/formalprision.com\/index.php?rest_route=\/wp\/v2\/posts\/3403\/revisions"}],"wp:featuredmedia":[{"embeddable":true,"href":"https:\/\/formalprision.com\/index.php?rest_route=\/wp\/v2\/media\/16917"}],"wp:attachment":[{"href":"https:\/\/formalprision.com\/index.php?rest_route=%2Fwp%2Fv2%2Fmedia&parent=3403"}],"wp:term":[{"taxonomy":"category","embeddable":true,"href":"https:\/\/formalprision.com\/index.php?rest_route=%2Fwp%2Fv2%2Fcategories&post=3403"},{"taxonomy":"post_tag","embeddable":true,"href":"https:\/\/formalprision.com\/index.php?rest_route=%2Fwp%2Fv2%2Ftags&post=3403"}],"curies":[{"name":"wp","href":"https:\/\/api.w.org\/{rel}","templated":true}]}}