{"id":3410,"date":"2014-04-07T16:32:00","date_gmt":"2014-04-07T16:32:00","guid":{"rendered":"http:\/\/formalprision.info\/2014\/04\/07\/en-marcha-repoblamiento-del-hato\/"},"modified":"2015-06-03T08:38:53","modified_gmt":"2015-06-03T08:38:53","slug":"en-marcha-repoblamiento-del-hato","status":"publish","type":"post","link":"https:\/\/formalprision.com\/?p=3410","title":{"rendered":"En marcha repoblamiento del hato ganadero yucateco"},"content":{"rendered":"<div style=\"font-family: Noteworthy; font-size: 18px; font-weight: bold; line-height: 24px; -webkit-tap-highlight-color: rgba(26, 26, 26, 0.296875); -webkit-composition-fill-color: rgba(130, 98, 83, 0.0976563); -webkit-composition-frame-color: rgba(191, 107, 82, 0.496094); \">El hato ganadero bovino de la entidad se repoblar\u00e1 con el fin de incrementar la producci\u00f3n de carne y leche, adem\u00e1s de prevenir el desabasto de estos productos, tras entregarse 449 cabezas de este tipo de animal a 25 productores originarios de municipios del Oriente yucateco.<\/div>\n<div style=\"font-family: Noteworthy; font-size: 18px; font-weight: bold; line-height: 24px; -webkit-tap-highlight-color: rgba(26, 26, 26, 0.296875); -webkit-composition-fill-color: rgba(130, 98, 83, 0.0976563); -webkit-composition-frame-color: rgba(191, 107, 82, 0.496094); \">Como parte de una intensa gira de trabajo por las localidades de Tizim\u00edn y Espita, el Gobernador Rolando Zapata Bello encabez\u00f3 la entrega de vientres del proyecto estrat\u00e9gico de reactivaci\u00f3n de la cadena productiva bovina de carne y repoblamiento del hato ganadero, que representa una inversi\u00f3n de m\u00e1s de 7.5 millones de pesos.<\/div>\n<div style=\"font-family: Noteworthy; font-size: 18px; font-weight: bold; line-height: 24px; -webkit-tap-highlight-color: rgba(26, 26, 26, 0.296875); -webkit-composition-fill-color: rgba(130, 98, 83, 0.0976563); -webkit-composition-frame-color: rgba(191, 107, 82, 0.496094); \">Al dirigir un mensaje en las instalaciones de la Asociaci\u00f3n Ganadera Local de Tizim\u00edn, el titular del Poder Ejecutivo destac\u00f3 que esta entrega es un paso m\u00e1s para hacer florecer la ganader\u00eda yucateca y \u00e9sta se pueda ubicar en el lugar de \u00e9xito y avanzada, demostrando el trabajo conjunto de autoridades y productores.<\/div>\n<div style=\"font-family: Noteworthy; font-size: 18px; font-weight: bold; line-height: 24px; -webkit-tap-highlight-color: rgba(26, 26, 26, 0.296875); -webkit-composition-fill-color: rgba(130, 98, 83, 0.0976563); -webkit-composition-frame-color: rgba(191, 107, 82, 0.496094); \">\u00ab\u00c9ste es un programa que prioritariamente est\u00e1 impulsando en la regi\u00f3n Sur-Sureste el Gobierno federal, por eso debemos estar convencidos que hoy como nunca antes los apoyos est\u00e1n listos para aprovecharlos y fortalecer el trabajo, haciendo cada quien la parte que nos corresponda\u00bb, afirm\u00f3 Zapata Bello.<\/div>\n<div style=\"font-family: Noteworthy; font-size: 18px; font-weight: bold; line-height: 24px; -webkit-tap-highlight-color: rgba(26, 26, 26, 0.296875); -webkit-composition-fill-color: rgba(130, 98, 83, 0.0976563); -webkit-composition-frame-color: rgba(191, 107, 82, 0.496094); \">En presencia de los ganaderos beneficiarios, as\u00ed como autoridades estatales, municipales y federales, el mandatario estatal instruy\u00f3 a la Secretar\u00eda de Desarrollo Rural del Estado (SEDER) a proceder de inmediato con el programa Peso a Peso Ganadero y adem\u00e1s anunci\u00f3 el incremento de apoyo alimenticio en la materia para este a\u00f1o. &nbsp;<\/div>\n<div style=\"font-family: Noteworthy; font-size: 18px; font-weight: bold; line-height: 24px; -webkit-tap-highlight-color: rgba(26, 26, 26, 0.296875); -webkit-composition-fill-color: rgba(130, 98, 83, 0.0976563); -webkit-composition-frame-color: rgba(191, 107, 82, 0.496094); \">Al dar detalles del programa, el titular de la SEDER, Felipe Cervera Hern\u00e1ndez, explic\u00f3 que la entrega corresponde a la convocatoria emitida durante el 2013, y en la inversi\u00f3n participan de manera conjunta la Secretar\u00eda de Agricultura, Ganader\u00eda, Desarrollo Rural, Pesca y Alimentaci\u00f3n (SAGARPA), un cr\u00e9dito otorgado por parte de Fideicomisos Instituidos en Relaci\u00f3n con la Agricultura (FIRA) y la aportaci\u00f3n de los productores locales.<\/div>\n<div style=\"font-family: Noteworthy; font-size: 18px; font-weight: bold; line-height: 24px; -webkit-tap-highlight-color: rgba(26, 26, 26, 0.296875); -webkit-composition-fill-color: rgba(130, 98, 83, 0.0976563); -webkit-composition-frame-color: rgba(191, 107, 82, 0.496094); \">El funcionario estatal coment\u00f3 que el programa tambi\u00e9n busca mejorar la productividad y la rentabilidad de las empresas yucatecas del ramo y que los 25 beneficiarios son originarios de los municipios de Panab\u00e1, San Felipe, Espita, Cenotillo, Buctzotz, Tizim\u00edn, R\u00edo Lagartos y Sucil\u00e1.<\/div>\n<div style=\"font-family: Noteworthy; font-size: 18px; font-weight: bold; line-height: 24px; -webkit-tap-highlight-color: rgba(26, 26, 26, 0.296875); -webkit-composition-fill-color: rgba(130, 98, 83, 0.0976563); -webkit-composition-frame-color: rgba(191, 107, 82, 0.496094); \">Por su parte, el delegado de la SAGARPA, Manuel Escoffi\u00e9 Pompeyo, manifest\u00f3 que la entrega es garant\u00eda de que se est\u00e1n cumpliendo los compromisos del Presidente Enrique Pe\u00f1a Nieto y a su vez destac\u00f3 que Yucat\u00e1n tiene grandes oportunidades de exportaci\u00f3n al contar con un estatus sanitario perfecto que ha evitado graves enfermedades en el ganado.<\/div>\n<div style=\"font-family: Noteworthy; font-size: 18px; font-weight: bold; line-height: 24px; -webkit-tap-highlight-color: rgba(26, 26, 26, 0.296875); -webkit-composition-fill-color: rgba(130, 98, 83, 0.0976563); -webkit-composition-frame-color: rgba(191, 107, 82, 0.496094); \">En el mismo sentido, el residente estatal de FIRA, Jorge Flores Granados, reconoci\u00f3 que el Gobierno del Estado est\u00e1 atendiendo las directrices para el desarrollo de la ganader\u00eda y de las actividades productivas de Yucat\u00e1n.<\/div>\n<div style=\"font-family: Noteworthy; font-size: 18px; font-weight: bold; line-height: 24px; -webkit-tap-highlight-color: rgba(26, 26, 26, 0.296875); -webkit-composition-fill-color: rgba(130, 98, 83, 0.0976563); -webkit-composition-frame-color: rgba(191, 107, 82, 0.496094); \">&nbsp;Al hacer uso de la palabra, los presidentes de la Uni\u00f3n Ganadera Regional del Oriente de Yucat\u00e1n (UGROY), Luis Cepeda Cruz; y de la Asociaci\u00f3n Ganadera Local de Tizim\u00edn, Pedro Tec Tun, se\u00f1alaron que Yucat\u00e1n cuenta con calidad gen\u00e9tica y estatus sanitario para abastecer al centro y Norte del pa\u00eds, adem\u00e1s de destacar que los proyectos y programas se est\u00e1n dinamizando en la entidad.<\/div>\n<div style=\"font-family: Noteworthy; font-size: 18px; font-weight: bold; line-height: 24px; -webkit-tap-highlight-color: rgba(26, 26, 26, 0.296875); -webkit-composition-fill-color: rgba(130, 98, 83, 0.0976563); -webkit-composition-frame-color: rgba(191, 107, 82, 0.496094); \">A nombre de los beneficiarios, Manuel L\u00f3pez Rosado agradeci\u00f3 que los apoyos enfocados al campo yucateco est\u00e9n llegando en tiempo y forma para incrementar las producciones.<\/div>\n<div style=\"font-family: Noteworthy; font-size: 18px; font-weight: bold; line-height: 24px; -webkit-tap-highlight-color: rgba(26, 26, 26, 0.296875); -webkit-composition-fill-color: rgba(130, 98, 83, 0.0976563); -webkit-composition-frame-color: rgba(191, 107, 82, 0.496094); \">Tras el evento protocolario, el Gobernador, acompa\u00f1ado de la presidenta municipal de Tizim\u00edn, Rosario D\u00edaz G\u00f3ngora y otras autoridades presentes, realiz\u00f3 el banderazo de salida de las unidades que transportan las vaquillas que servir\u00e1n para el repoblamiento del ganado.<\/div>\n<div style=\"font-family: Noteworthy; font-size: 18px; font-weight: bold; line-height: 24px; -webkit-tap-highlight-color: rgba(26, 26, 26, 0.296875); -webkit-composition-fill-color: rgba(130, 98, 83, 0.0976563); -webkit-composition-frame-color: rgba(191, 107, 82, 0.496094); \">En el evento estuvieron presentes los diputados federal, William Sosa Altamira; y local, Leandra Moguel Lizama; as\u00ed como el director del Instituto de Desarrollo Regional y Municipal, Juan Jos\u00e9 Canul P\u00e9rez(comunicado)<\/p>\n<div class=\"separator\" style=\"clear: both;\"><a href=\"https:\/\/lh4.googleusercontent.com\/-fFxHd8TU3os\/U0LS_xrSQ4I\/AAAAAAAAgHg\/Ljux8H5IJck\/s640\/blogger-image-385386504.jpg\" imageanchor=\"1\" style=\"margin-left: 1em; margin-right: 1em;\"><img decoding=\"async\" border=\"0\" src=\"https:\/\/lh4.googleusercontent.com\/-fFxHd8TU3os\/U0LS_xrSQ4I\/AAAAAAAAgHg\/Ljux8H5IJck\/s640\/blogger-image-385386504.jpg\"><\/a><\/div>\n<\/div>\n","protected":false},"excerpt":{"rendered":"<p>El hato ganadero bovino de la entidad se repoblar\u00e1 con el fin de incrementar la producci\u00f3n de carne y leche, adem\u00e1s de prevenir el desabasto de estos productos, tras entregarse<\/p>\n","protected":false},"author":1,"featured_media":16931,"comment_status":"open","ping_status":"open","sticky":false,"template":"","format":"standard","meta":{"jetpack_post_was_ever_published":false,"_jetpack_newsletter_access":"","_jetpack_dont_email_post_to_subs":false,"_jetpack_newsletter_tier_id":0,"_jetpack_memberships_contains_paywalled_content":false,"_jetpack_memberships_contains_paid_content":false,"footnotes":"","jetpack_publicize_message":"","jetpack_publicize_feature_enabled":true,"jetpack_social_post_already_shared":false,"jetpack_social_options":{"image_generator_settings":{"template":"highway","default_image_id":0,"font":"","enabled":false},"version":2}},"categories":[17,1],"tags":[],"class_list":["post-3410","post","type-post","status-publish","format-standard","has-post-thumbnail","hentry","category-politica-y-gobierno","category-sin-categoria"],"jetpack_publicize_connections":[],"jetpack_featured_media_url":"https:\/\/formalprision.com\/wp-content\/uploads\/2014\/04\/blogger-image-385386504.jpg","jetpack_sharing_enabled":true,"jetpack_shortlink":"https:\/\/wp.me\/p6id8p-T0","_links":{"self":[{"href":"https:\/\/formalprision.com\/index.php?rest_route=\/wp\/v2\/posts\/3410","targetHints":{"allow":["GET"]}}],"collection":[{"href":"https:\/\/formalprision.com\/index.php?rest_route=\/wp\/v2\/posts"}],"about":[{"href":"https:\/\/formalprision.com\/index.php?rest_route=\/wp\/v2\/types\/post"}],"author":[{"embeddable":true,"href":"https:\/\/formalprision.com\/index.php?rest_route=\/wp\/v2\/users\/1"}],"replies":[{"embeddable":true,"href":"https:\/\/formalprision.com\/index.php?rest_route=%2Fwp%2Fv2%2Fcomments&post=3410"}],"version-history":[{"count":0,"href":"https:\/\/formalprision.com\/index.php?rest_route=\/wp\/v2\/posts\/3410\/revisions"}],"wp:featuredmedia":[{"embeddable":true,"href":"https:\/\/formalprision.com\/index.php?rest_route=\/wp\/v2\/media\/16931"}],"wp:attachment":[{"href":"https:\/\/formalprision.com\/index.php?rest_route=%2Fwp%2Fv2%2Fmedia&parent=3410"}],"wp:term":[{"taxonomy":"category","embeddable":true,"href":"https:\/\/formalprision.com\/index.php?rest_route=%2Fwp%2Fv2%2Fcategories&post=3410"},{"taxonomy":"post_tag","embeddable":true,"href":"https:\/\/formalprision.com\/index.php?rest_route=%2Fwp%2Fv2%2Ftags&post=3410"}],"curies":[{"name":"wp","href":"https:\/\/api.w.org\/{rel}","templated":true}]}}