{"id":3413,"date":"2014-04-05T20:56:00","date_gmt":"2014-04-05T20:56:00","guid":{"rendered":"http:\/\/formalprision.info\/2014\/04\/05\/el-municipio-de-cansahcab-cuenta-con\/"},"modified":"2015-06-03T08:38:54","modified_gmt":"2015-06-03T08:38:54","slug":"el-municipio-de-cansahcab-cuenta-con","status":"publish","type":"post","link":"https:\/\/formalprision.com\/?p=3413","title":{"rendered":"El municipio de Cansahcab cuenta con nuevas instalaciones deportivas."},"content":{"rendered":"<div style=\"font-family: Noteworthy; font-size: 18px; font-weight: bold; line-height: 24px; -webkit-tap-highlight-color: rgba(26, 26, 26, 0.296875); -webkit-composition-fill-color: rgba(130, 98, 83, 0.0976563); -webkit-composition-frame-color: rgba(191, 107, 82, 0.496094); \">Cansahcab, Yucat\u00e1n, 5 de abril de 2014.- Los habitantes de Cansahcab podr\u00e1n&nbsp;practicar actividades f\u00edsicas individuales y de conjunto en condiciones&nbsp;dignas y seguras en el nuevo Gimnasio de Usos M\u00faltiples \u201cProfesor Virgilio&nbsp;M\u00e9ndez Castillo\u201d, espacio que inaugur\u00f3 el Gobernador Rolando Zapata Bello, y&nbsp;en cuya edificaci\u00f3n se invirtieron siete millones de pesos.<\/div>\n<div style=\"font-family: Noteworthy; font-size: 18px; font-weight: bold; line-height: 24px; -webkit-tap-highlight-color: rgba(26, 26, 26, 0.296875); -webkit-composition-fill-color: rgba(130, 98, 83, 0.0976563); -webkit-composition-frame-color: rgba(191, 107, 82, 0.496094); \">Acompa\u00f1ado por el subsecretario de la Defensa Nacional, Virgilio Daniel&nbsp;M\u00e9ndez Baz\u00e1n; y por el presidente del Tribunal Superior de Justicia de&nbsp;Yucat\u00e1n, Marcos Celis Quintal, el titular del Poder Ejecutivo afirm\u00f3 que el&nbsp;Gobierno del Estado construye y refuerza la infraestructura deportiva en&nbsp;todo el territorio para contribuir al bienestar de los yucatecos.<\/div>\n<div style=\"font-family: Noteworthy; font-size: 18px; font-weight: bold; line-height: 24px; -webkit-tap-highlight-color: rgba(26, 26, 26, 0.296875); -webkit-composition-fill-color: rgba(130, 98, 83, 0.0976563); -webkit-composition-frame-color: rgba(191, 107, 82, 0.496094); \">Se\u00f1al\u00f3 que canchas como \u00e9sta, con caracter\u00edsticas que le permiten ser&nbsp;utilizada a cualquier hora del d\u00eda, ayudan a las personas a establecer el&nbsp;primer contacto con la actividad f\u00edsica para que despu\u00e9s esa acci\u00f3n se&nbsp;convierta en un h\u00e1bito que ayude a formar una sociedad m\u00e1s sana.<\/div>\n<div style=\"font-family: Noteworthy; font-size: 18px; font-weight: bold; line-height: 24px; -webkit-tap-highlight-color: rgba(26, 26, 26, 0.296875); -webkit-composition-fill-color: rgba(130, 98, 83, 0.0976563); -webkit-composition-frame-color: rgba(191, 107, 82, 0.496094); \">Al hacer uso de la palabra, el representante de la Secretar\u00eda de la Defensa&nbsp;Nacional (SEDENA), M\u00e9ndez Baz\u00e1n, recomend\u00f3 a los j\u00f3venes de todo Yucat\u00e1n que&nbsp;enfoquen sus esfuerzos y su tiempo libre a la pr\u00e1ctica deportiva, pues&nbsp;representa una de las mejores formas de adquirir disciplina, estar&nbsp;saludables, mantenerse alejados de conductas il\u00edcitas y del consumo de&nbsp;sustancias prohibidas.<\/div>\n<div style=\"font-family: Noteworthy; font-size: 18px; font-weight: bold; line-height: 24px; -webkit-tap-highlight-color: rgba(26, 26, 26, 0.296875); -webkit-composition-fill-color: rgba(130, 98, 83, 0.0976563); -webkit-composition-frame-color: rgba(191, 107, 82, 0.496094); \">En su intervenci\u00f3n, el alcalde anfitri\u00f3n, Felipe Chan May, agradeci\u00f3 al&nbsp;Gobernador el apoyo otorgado por las autoridades estatales para consolidar&nbsp;una infraestructura de calidad que beneficiar\u00e1, sin duda, a todos los&nbsp;pobladores de esa localidad.<\/div>\n<div style=\"font-family: Noteworthy; font-size: 18px; font-weight: bold; line-height: 24px; -webkit-tap-highlight-color: rgba(26, 26, 26, 0.296875); -webkit-composition-fill-color: rgba(130, 98, 83, 0.0976563); -webkit-composition-frame-color: rgba(191, 107, 82, 0.496094); \">En representaci\u00f3n de los habitantes de Cansahcab, el profesor Francisco Lara&nbsp;reconoci\u00f3 los esfuerzos del Gobierno del Estado para llevar, no s\u00f3lo a este&nbsp;municipio, sino a toda la entidad, obras deportivas que influir\u00e1n&nbsp;positivamente en la construcci\u00f3n de una sociedad saludable y productiva.<\/div>\n<div style=\"font-family: Noteworthy; font-size: 18px; font-weight: bold; line-height: 24px; -webkit-tap-highlight-color: rgba(26, 26, 26, 0.296875); -webkit-composition-fill-color: rgba(130, 98, 83, 0.0976563); -webkit-composition-frame-color: rgba(191, 107, 82, 0.496094); \">Al terminar el evento se entregaron art\u00edculos musicales para la Banda de&nbsp;Guerra, adem\u00e1s de balones y uniformes a estudiantes de la Escuela Secundaria&nbsp;\u201cV\u00edctor Manuel Mart\u00ednez Herrera\u201d.<\/div>\n<div style=\"font-family: Noteworthy; font-size: 18px; font-weight: bold; line-height: 24px; -webkit-tap-highlight-color: rgba(26, 26, 26, 0.296875); -webkit-composition-fill-color: rgba(130, 98, 83, 0.0976563); -webkit-composition-frame-color: rgba(191, 107, 82, 0.496094); \">Acto seguido, Zapata Bello y el subsecretario de la SEDENA realizaron el&nbsp;tiro inaugural a la canasta, con lo cual estas instalaciones quedaron a&nbsp;disposici\u00f3n de la poblaci\u00f3n. Previamente develaron la placa conmemorativa&nbsp;que celebra la apertura formal de ese espacio.<\/div>\n<div style=\"font-family: Noteworthy; font-size: 18px; font-weight: bold; line-height: 24px; -webkit-tap-highlight-color: rgba(26, 26, 26, 0.296875); -webkit-composition-fill-color: rgba(130, 98, 83, 0.0976563); -webkit-composition-frame-color: rgba(191, 107, 82, 0.496094); \">Acompa\u00f1aron al Gobernador en esta gira de trabajo el comandante de la X&nbsp;Regi\u00f3n Militar, Jes\u00fas Javier Castillo Cabrera; las legisladoras Guadalupe&nbsp;Ortega Pacheco, Mar\u00eda del Carmen Ordaz Mart\u00ednez y Leandra Moguel Lizama; y&nbsp;el director General del Instituto del Deporte de Yucat\u00e1n (IDEY), Juan Sosa&nbsp;Puerto, entre otras autoridades.<\/p>\n<div class=\"separator\" style=\"clear: both;\"><a href=\"https:\/\/lh4.googleusercontent.com\/-be4g6I8zn9w\/U0Bt-7vAN3I\/AAAAAAAAgGw\/BoHndnAqXmM\/s640\/blogger-image-2091987879.jpg\" imageanchor=\"1\" style=\"margin-left: 1em; margin-right: 1em;\"><img decoding=\"async\" border=\"0\" src=\"https:\/\/lh4.googleusercontent.com\/-be4g6I8zn9w\/U0Bt-7vAN3I\/AAAAAAAAgGw\/BoHndnAqXmM\/s640\/blogger-image-2091987879.jpg\"><\/a><\/div>\n<\/div>\n<div style=\"font-family: Noteworthy; font-size: 18px; font-weight: bold; line-height: 24px; -webkit-tap-highlight-color: rgba(26, 26, 26, 0.296875); -webkit-composition-fill-color: rgba(130, 98, 83, 0.0976563); -webkit-composition-frame-color: rgba(191, 107, 82, 0.496094); \"><\/div>\n<div style=\"font-family: Noteworthy; font-size: 18px; font-weight: bold; line-height: 24px; -webkit-tap-highlight-color: rgba(26, 26, 26, 0.296875); -webkit-composition-fill-color: rgba(130, 98, 83, 0.0976563); -webkit-composition-frame-color: rgba(191, 107, 82, 0.496094); \"><\/div>\n","protected":false},"excerpt":{"rendered":"<p>Cansahcab, Yucat\u00e1n, 5 de abril de 2014.- Los habitantes de Cansahcab podr\u00e1n&nbsp;practicar actividades f\u00edsicas individuales y de conjunto en condiciones&nbsp;dignas y seguras en el nuevo Gimnasio de Usos M\u00faltiples \u201cProfesor<\/p>\n","protected":false},"author":1,"featured_media":16937,"comment_status":"open","ping_status":"open","sticky":false,"template":"","format":"standard","meta":{"jetpack_post_was_ever_published":false,"_jetpack_newsletter_access":"","_jetpack_dont_email_post_to_subs":false,"_jetpack_newsletter_tier_id":0,"_jetpack_memberships_contains_paywalled_content":false,"_jetpack_memberships_contains_paid_content":false,"footnotes":"","jetpack_publicize_message":"","jetpack_publicize_feature_enabled":true,"jetpack_social_post_already_shared":false,"jetpack_social_options":{"image_generator_settings":{"template":"highway","default_image_id":0,"font":"","enabled":false},"version":2}},"categories":[17,1],"tags":[],"class_list":["post-3413","post","type-post","status-publish","format-standard","has-post-thumbnail","hentry","category-politica-y-gobierno","category-sin-categoria"],"jetpack_publicize_connections":[],"jetpack_featured_media_url":"https:\/\/formalprision.com\/wp-content\/uploads\/2014\/04\/blogger-image-2091987879.jpg","jetpack_sharing_enabled":true,"jetpack_shortlink":"https:\/\/wp.me\/p6id8p-T3","_links":{"self":[{"href":"https:\/\/formalprision.com\/index.php?rest_route=\/wp\/v2\/posts\/3413","targetHints":{"allow":["GET"]}}],"collection":[{"href":"https:\/\/formalprision.com\/index.php?rest_route=\/wp\/v2\/posts"}],"about":[{"href":"https:\/\/formalprision.com\/index.php?rest_route=\/wp\/v2\/types\/post"}],"author":[{"embeddable":true,"href":"https:\/\/formalprision.com\/index.php?rest_route=\/wp\/v2\/users\/1"}],"replies":[{"embeddable":true,"href":"https:\/\/formalprision.com\/index.php?rest_route=%2Fwp%2Fv2%2Fcomments&post=3413"}],"version-history":[{"count":0,"href":"https:\/\/formalprision.com\/index.php?rest_route=\/wp\/v2\/posts\/3413\/revisions"}],"wp:featuredmedia":[{"embeddable":true,"href":"https:\/\/formalprision.com\/index.php?rest_route=\/wp\/v2\/media\/16937"}],"wp:attachment":[{"href":"https:\/\/formalprision.com\/index.php?rest_route=%2Fwp%2Fv2%2Fmedia&parent=3413"}],"wp:term":[{"taxonomy":"category","embeddable":true,"href":"https:\/\/formalprision.com\/index.php?rest_route=%2Fwp%2Fv2%2Fcategories&post=3413"},{"taxonomy":"post_tag","embeddable":true,"href":"https:\/\/formalprision.com\/index.php?rest_route=%2Fwp%2Fv2%2Ftags&post=3413"}],"curies":[{"name":"wp","href":"https:\/\/api.w.org\/{rel}","templated":true}]}}