{"id":3418,"date":"2014-04-05T03:46:00","date_gmt":"2014-04-05T03:46:00","guid":{"rendered":"http:\/\/formalprision.info\/2014\/04\/05\/entregan-obras-de-reconstruccion-de\/"},"modified":"2015-06-03T08:38:54","modified_gmt":"2015-06-03T08:38:54","slug":"entregan-obras-de-reconstruccion-de","status":"publish","type":"post","link":"https:\/\/formalprision.com\/?p=3418","title":{"rendered":"Entregan obras de reconstrucci\u00f3n de calles en Valladolid"},"content":{"rendered":"<div style=\"font-family: Noteworthy; font-size: 18px; font-weight: bold; line-height: 24px; -webkit-tap-highlight-color: rgba(26, 26, 26, 0.296875); -webkit-composition-fill-color: rgba(130, 98, 83, 0.0976563); -webkit-composition-frame-color: rgba(191, 107, 82, 0.496094); \">\n<div>Valladolid, Yucat\u00e1n, &nbsp;4 de marzo de 2014.- Habitantes de comisar\u00edas en&nbsp;situaci\u00f3n vulnerable de Valladolid tendr\u00e1n acceso a infraestructura&nbsp;educativa y servicios p\u00fablicos de calidad, tras la entrega de los trabajos&nbsp;de construcci\u00f3n y pavimentaci\u00f3n de calles, adem\u00e1s de un espacio de&nbsp;alimentaci\u00f3n, en los que se erogaron recursos superiores a los 5.5 millones&nbsp;de pesos.<\/div>\n<div>En gira de trabajo por las comisar\u00edas vallisoletanas de Tesoco y Popol\u00e1,&nbsp;adem\u00e1s de la colonia Emiliano Zapata de la cabecera municipal, el Gobernador&nbsp;Rolando Zapata Bello entreg\u00f3 dichas obras que permiten ofrecer mejores&nbsp;condiciones para una educaci\u00f3n integral e incrementar la conectividad entre&nbsp;las regiones de la entidad.<\/div>\n<div>Acompa\u00f1ado del alcalde anfitri\u00f3n, Roger Alcocer Garc\u00eda, el titular del Poder&nbsp;Ejecutivo destac\u00f3 que con acciones de esta naturaleza se busca no s\u00f3lo&nbsp;mejorar la imagen urbana, sino que se contribuye a fortalecer los canales de&nbsp;conectividad que detonen la econom\u00eda de Valladolid y sus comisar\u00edas.<\/div>\n<div>\u00abEstamos haciendo acciones que permiten que se desarrolle la econom\u00eda de&nbsp;todo Valladolid; desde el inicio de nuestra administraci\u00f3n hemos invertido&nbsp;m\u00e1s de 135 millones de pesos en obras viales para este municipio\u00bb, enfatiz\u00f3.<\/div>\n<div>Ante beneficiarios, legisladores, y autoridades estatales y federales,&nbsp;Zapata Bello reconoci\u00f3 que contar con servicios b\u00e1sicos acordes a las&nbsp;necesidades de la poblaci\u00f3n, as\u00ed como con mejores espacios para que los&nbsp;estudiantes reciban una educaci\u00f3n integral, &nbsp;es indispensable para que los&nbsp;yucatecos vivan en condiciones de bienestar.<\/div>\n<div>\u00abEl Gobierno del Estado tiene un compromiso con la educaci\u00f3n &nbsp;y aqu\u00ed quiero&nbsp;decirles que no descuidamos nada, tenemos que garantizar que nuestros&nbsp;j\u00f3venes tengan un lugar en una escuela acorde a su edad y nivel educativo,&nbsp;pero sobre todo que esa educaci\u00f3n sea de calidad\u00bb, subray\u00f3.<\/div>\n<div>Al dar detalles de los proyectos entregados este d\u00eda, el secretario de Obras&nbsp;P\u00fablicas del Estado, Daniel Quintal Ic, explic\u00f3 que estos consistieron en la&nbsp;construcci\u00f3n de un comedor para la primaria de Tiempo Completo \u00abJos\u00e9 Mar\u00eda&nbsp;Morelos y Pav\u00f3n\u00bb de la comisar\u00eda de Tesoco, con capacidad para atender a 42&nbsp;usuarios.<\/div>\n<div>Puntualiz\u00f3 que tambi\u00e9n se realiz\u00f3 la entrega de la reconstrucci\u00f3n de casi&nbsp;dos kil\u00f3metros de calles del municipio y la ampliaci\u00f3n de 705 metros&nbsp;lineales de la red de agua potable de la colonia Emiliano Zapata de la&nbsp;capital vallisoletana.<\/div>\n<div>En representaci\u00f3n de los vecinos beneficiados, Mar\u00eda Julia Vidal Dzul&nbsp;reconoci\u00f3 la labor que realiza el Gobierno del Estado para mejorar las&nbsp;condiciones de vida de las comunidades m\u00e1s vulnerables de la entidad.<\/div>\n<div>\u00abGracias a estas obras podemos desplazarnos con mayor facilidad, &nbsp;adem\u00e1s nos&nbsp;ayudan a &nbsp;evitar enfermedades causadas por el polvo\u00bb, coment\u00f3.<\/div>\n<div>Acompa\u00f1aron al mandatario los legisladores federal y local, &nbsp;William Sosa&nbsp;Altamira y Gonzalo Escalante Alcocer, respectivamente. &nbsp;Adem\u00e1s estuvieron&nbsp;los directores de los Institutos de Infraestructura Carretera del Estado&nbsp;(INCAY), Javier Osante Sol\u00eds; y para el Desarrollo y Certificaci\u00f3n de la&nbsp;Infraestructura F\u00edsica Educativa &nbsp;(IDEFEY), V\u00edctor Castillo Espinosa.(comunicado)(comunicado)<\/p>\n<div class=\"separator\" style=\"clear: both;\"><a href=\"https:\/\/lh3.googleusercontent.com\/-31iBHylJoaE\/Uz98o4MwhhI\/AAAAAAAAgFg\/PFj44Nrm34k\/s640\/blogger-image-1475461954.jpg\" imageanchor=\"1\" style=\"margin-left: 1em; margin-right: 1em;\"><img decoding=\"async\" border=\"0\" src=\"https:\/\/lh3.googleusercontent.com\/-31iBHylJoaE\/Uz98o4MwhhI\/AAAAAAAAgFg\/PFj44Nrm34k\/s640\/blogger-image-1475461954.jpg\"><\/a><\/div>\n<\/div>\n<div><\/div>\n<\/div>\n","protected":false},"excerpt":{"rendered":"<p>Valladolid, Yucat\u00e1n, &nbsp;4 de marzo de 2014.- Habitantes de comisar\u00edas en&nbsp;situaci\u00f3n vulnerable de Valladolid tendr\u00e1n acceso a infraestructura&nbsp;educativa y servicios p\u00fablicos de calidad, tras la entrega de los trabajos&nbsp;de construcci\u00f3n<\/p>\n","protected":false},"author":1,"featured_media":16947,"comment_status":"open","ping_status":"open","sticky":false,"template":"","format":"standard","meta":{"jetpack_post_was_ever_published":false,"_jetpack_newsletter_access":"","_jetpack_dont_email_post_to_subs":false,"_jetpack_newsletter_tier_id":0,"_jetpack_memberships_contains_paywalled_content":false,"_jetpack_memberships_contains_paid_content":false,"footnotes":"","jetpack_publicize_message":"","jetpack_publicize_feature_enabled":true,"jetpack_social_post_already_shared":false,"jetpack_social_options":{"image_generator_settings":{"template":"highway","default_image_id":0,"font":"","enabled":false},"version":2}},"categories":[17,1],"tags":[],"class_list":["post-3418","post","type-post","status-publish","format-standard","has-post-thumbnail","hentry","category-politica-y-gobierno","category-sin-categoria"],"jetpack_publicize_connections":[],"jetpack_featured_media_url":"https:\/\/formalprision.com\/wp-content\/uploads\/2014\/04\/blogger-image-1475461954.jpg","jetpack_sharing_enabled":true,"jetpack_shortlink":"https:\/\/wp.me\/p6id8p-T8","_links":{"self":[{"href":"https:\/\/formalprision.com\/index.php?rest_route=\/wp\/v2\/posts\/3418","targetHints":{"allow":["GET"]}}],"collection":[{"href":"https:\/\/formalprision.com\/index.php?rest_route=\/wp\/v2\/posts"}],"about":[{"href":"https:\/\/formalprision.com\/index.php?rest_route=\/wp\/v2\/types\/post"}],"author":[{"embeddable":true,"href":"https:\/\/formalprision.com\/index.php?rest_route=\/wp\/v2\/users\/1"}],"replies":[{"embeddable":true,"href":"https:\/\/formalprision.com\/index.php?rest_route=%2Fwp%2Fv2%2Fcomments&post=3418"}],"version-history":[{"count":0,"href":"https:\/\/formalprision.com\/index.php?rest_route=\/wp\/v2\/posts\/3418\/revisions"}],"wp:featuredmedia":[{"embeddable":true,"href":"https:\/\/formalprision.com\/index.php?rest_route=\/wp\/v2\/media\/16947"}],"wp:attachment":[{"href":"https:\/\/formalprision.com\/index.php?rest_route=%2Fwp%2Fv2%2Fmedia&parent=3418"}],"wp:term":[{"taxonomy":"category","embeddable":true,"href":"https:\/\/formalprision.com\/index.php?rest_route=%2Fwp%2Fv2%2Fcategories&post=3418"},{"taxonomy":"post_tag","embeddable":true,"href":"https:\/\/formalprision.com\/index.php?rest_route=%2Fwp%2Fv2%2Ftags&post=3418"}],"curies":[{"name":"wp","href":"https:\/\/api.w.org\/{rel}","templated":true}]}}