{"id":3419,"date":"2014-04-05T03:37:00","date_gmt":"2014-04-05T03:37:00","guid":{"rendered":"http:\/\/formalprision.info\/2014\/04\/05\/ingresa-conalep-valladolid-al-sistema\/"},"modified":"2015-06-03T08:38:54","modified_gmt":"2015-06-03T08:38:54","slug":"ingresa-conalep-valladolid-al-sistema","status":"publish","type":"post","link":"https:\/\/formalprision.com\/?p=3419","title":{"rendered":"Ingresa CONALEP Valladolid al Sistema Nacional de Bachillerato"},"content":{"rendered":"<div style=\"font-family: Noteworthy; font-size: 18px; font-weight: bold; line-height: 24px; -webkit-tap-highlight-color: rgba(26, 26, 26, 0.296875); -webkit-composition-fill-color: rgba(130, 98, 83, 0.0976563); -webkit-composition-frame-color: rgba(191, 107, 82, 0.496094); \">Valladolid, Yucat\u00e1n, 4 de abril de 2014.- El Gobernador Rolando Zapata Bello&nbsp;recibi\u00f3 de manos de la directora General del Colegio Nacional de Educaci\u00f3n&nbsp;Profesional T\u00e9cnica (CONALEP), Candita Gil Jim\u00e9nez, el documento donde se&nbsp;constata el ingreso del plantel Valladolid al Sistema Nacional de&nbsp;Bachillerato (SNB), con lo que \u00e9ste se convierte en el primero en Yucat\u00e1n de&nbsp;este subsistema en obtener la certificaci\u00f3n.<\/div>\n<div style=\"font-family: Noteworthy; font-size: 18px; font-weight: bold; line-height: 24px; -webkit-tap-highlight-color: rgba(26, 26, 26, 0.296875); -webkit-composition-fill-color: rgba(130, 98, 83, 0.0976563); -webkit-composition-frame-color: rgba(191, 107, 82, 0.496094); \">El plantel Valladolid del Colegio es el primero en incorporarse al SNB de&nbsp;los cinco que hay en el estado, y es el 121 del sistema CONALEP a nivel&nbsp;nacional; adem\u00e1s se trata del n\u00famero 694 que obtiene la acreditaci\u00f3n entre&nbsp;los m\u00e1s de 15 mil planteles de bachillerato de todos los subsistemas que hay&nbsp;en M\u00e9xico.<\/div>\n<div style=\"font-family: Noteworthy; font-size: 18px; font-weight: bold; line-height: 24px; -webkit-tap-highlight-color: rgba(26, 26, 26, 0.296875); -webkit-composition-fill-color: rgba(130, 98, 83, 0.0976563); -webkit-composition-frame-color: rgba(191, 107, 82, 0.496094); \">En el marco de la primera visita de Gil Jim\u00e9nez a un evento oficial en una&nbsp;entidad federativa, el Gobernador afirm\u00f3 que este importante logro acad\u00e9mico&nbsp;se debe a la labor entre autoridades y docentes que confirman el gran&nbsp;compromiso que mantienen en beneficio de la juventud yucateca.<\/div>\n<div style=\"font-family: Noteworthy; font-size: 18px; font-weight: bold; line-height: 24px; -webkit-tap-highlight-color: rgba(26, 26, 26, 0.296875); -webkit-composition-fill-color: rgba(130, 98, 83, 0.0976563); -webkit-composition-frame-color: rgba(191, 107, 82, 0.496094); \">\u201cEste reconocimiento se alcanz\u00f3 por el gran trabajo en equipo que se fij\u00f3&nbsp;metas claras y con disciplina se pudieron cumplir los elementos necesarios&nbsp;para acceder a esta certificaci\u00f3n. Por eso vengo a reconocer ese esfuerzo de&nbsp;la sede Valladolid y de los dem\u00e1s planteles que ya est\u00e1n encaminados a&nbsp;obtener el mismo distintivo\u201d, afirm\u00f3.<\/div>\n<div style=\"font-family: Noteworthy; font-size: 18px; font-weight: bold; line-height: 24px; -webkit-tap-highlight-color: rgba(26, 26, 26, 0.296875); -webkit-composition-fill-color: rgba(130, 98, 83, 0.0976563); -webkit-composition-frame-color: rgba(191, 107, 82, 0.496094); \">En el evento, 350 alumnos de las carreras de Enfermer\u00eda, Alimentos y&nbsp;Bebidas, Inform\u00e1tica, y Hospitalidad Tur\u00edstica de dicho plantel recibieron&nbsp;igual n\u00famero de Certificados de Competencias Laborales de las empresas&nbsp;Microsoft y la organizaci\u00f3n \u201cConocer\u201d, con los cuales los estudiantes<\/div>\n<div style=\"font-family: Noteworthy; font-size: 18px; font-weight: bold; line-height: 24px; -webkit-tap-highlight-color: rgba(26, 26, 26, 0.296875); -webkit-composition-fill-color: rgba(130, 98, 83, 0.0976563); -webkit-composition-frame-color: rgba(191, 107, 82, 0.496094); \">fortalecen su formaci\u00f3n de cara a su ingreso al mundo del trabajo.<\/div>\n<div style=\"font-family: Noteworthy; font-size: 18px; font-weight: bold; line-height: 24px; -webkit-tap-highlight-color: rgba(26, 26, 26, 0.296875); -webkit-composition-fill-color: rgba(130, 98, 83, 0.0976563); -webkit-composition-frame-color: rgba(191, 107, 82, 0.496094); \">En su mensaje, Gil Jim\u00e9nez reconoci\u00f3 a Zapata Bello por ser un gran aliado&nbsp;de la educaci\u00f3n media superior y del CONALEP, pues la labor es palpable en<\/div>\n<div style=\"font-family: Noteworthy; font-size: 18px; font-weight: bold; line-height: 24px; -webkit-tap-highlight-color: rgba(26, 26, 26, 0.296875); -webkit-composition-fill-color: rgba(130, 98, 83, 0.0976563); -webkit-composition-frame-color: rgba(191, 107, 82, 0.496094); \">beneficio de miles de j\u00f3venes de Yucat\u00e1n.<\/div>\n<div style=\"font-family: Noteworthy; font-size: 18px; font-weight: bold; line-height: 24px; -webkit-tap-highlight-color: rgba(26, 26, 26, 0.296875); -webkit-composition-fill-color: rgba(130, 98, 83, 0.0976563); -webkit-composition-frame-color: rgba(191, 107, 82, 0.496094); \">\u201cLe felicito porque usted ha visto en estos j\u00f3venes una inversi\u00f3n; lo&nbsp;constatan los hechos, entiendo que al gobernar un estado lo que sobran son&nbsp;necesidades y que usted vea en los rostros de estos j\u00f3venes el presente y el&nbsp;futuro promisorio, en verdad Gobernador se lo aplaudo y se lo agradezco\u201d,&nbsp;expres\u00f3.<\/div>\n<div style=\"font-family: Noteworthy; font-size: 18px; font-weight: bold; line-height: 24px; -webkit-tap-highlight-color: rgba(26, 26, 26, 0.296875); -webkit-composition-fill-color: rgba(130, 98, 83, 0.0976563); -webkit-composition-frame-color: rgba(191, 107, 82, 0.496094); \">El director del Colegio en el estado, Manuel Carrillo Esquivel, anunci\u00f3 que&nbsp;el plantel Tizim\u00edn tambi\u00e9n se incorpor\u00f3 al SNB, como parte de la meta de que&nbsp;todos los centros escolares del nivel en la entidad ingresen a este Sistema&nbsp;este mismo a\u00f1o.<\/div>\n<div style=\"font-family: Noteworthy; font-size: 18px; font-weight: bold; line-height: 24px; -webkit-tap-highlight-color: rgba(26, 26, 26, 0.296875); -webkit-composition-fill-color: rgba(130, 98, 83, 0.0976563); -webkit-composition-frame-color: rgba(191, 107, 82, 0.496094); \">En su intervenci\u00f3n, el alcalde vallisoletano, Roger Alcocer Garc\u00eda, destac\u00f3&nbsp;que el CONALEP es uno de los subsistemas que m\u00e1s ha aportado a la&nbsp;construcci\u00f3n del entramado educativo al Oriente, pues desde hace 35 a\u00f1os se&nbsp;encarga de formar profesionalmente a los j\u00f3venes de Valladolid y de&nbsp;municipios aleda\u00f1os.<\/div>\n<div style=\"font-family: Noteworthy; font-size: 18px; font-weight: bold; line-height: 24px; -webkit-tap-highlight-color: rgba(26, 26, 26, 0.296875); -webkit-composition-fill-color: rgba(130, 98, 83, 0.0976563); -webkit-composition-frame-color: rgba(191, 107, 82, 0.496094); \">Como parte de una intensa gira de trabajo por esta zona del territorio&nbsp;yucateco, el mandatario encabez\u00f3 tambi\u00e9n la sexta entrega de computadoras a&nbsp;docentes de ense\u00f1anza b\u00e1sica y en esta ocasi\u00f3n 403 profesores fueron&nbsp;beneficiados, con lo cual mil 914 maestros han obtenido un equipo de c\u00f3mputo&nbsp;por parte del Gobierno del Estado desde febrero a la fecha.<\/div>\n<div style=\"font-family: Noteworthy; font-size: 18px; font-weight: bold; line-height: 24px; -webkit-tap-highlight-color: rgba(26, 26, 26, 0.296875); -webkit-composition-fill-color: rgba(130, 98, 83, 0.0976563); -webkit-composition-frame-color: rgba(191, 107, 82, 0.496094); \">En ese evento, Zapata Bello record\u00f3 que en el \u00cdndice de Desempe\u00f1o Educativo&nbsp;Incluyente (IDEI), Yucat\u00e1n obtuvo el segundo lugar nacional en el nivel&nbsp;primaria, resultado que posiciona a la entidad en un contexto de avanzada.<\/div>\n<div style=\"font-family: Noteworthy; font-size: 18px; font-weight: bold; line-height: 24px; -webkit-tap-highlight-color: rgba(26, 26, 26, 0.296875); -webkit-composition-fill-color: rgba(130, 98, 83, 0.0976563); -webkit-composition-frame-color: rgba(191, 107, 82, 0.496094); \">\u201cEstos resultados nos marcan grandes retos, porque queremos que la educaci\u00f3n&nbsp;se convierta en la piedra angular del desarrollo econ\u00f3mico del estado;&nbsp;necesitamos que la econom\u00eda de Yucat\u00e1n despegue y para eso es indispensable&nbsp;que con base en la educaci\u00f3n se generen empleos y se lleve bienestar a la&nbsp;casa de todos los yucatecos\u201d, dijo<\/div>\n<div style=\"font-family: Noteworthy; font-size: 18px; font-weight: bold; line-height: 24px; -webkit-tap-highlight-color: rgba(26, 26, 26, 0.296875); -webkit-composition-fill-color: rgba(130, 98, 83, 0.0976563); -webkit-composition-frame-color: rgba(191, 107, 82, 0.496094); \">En la gira tambi\u00e9n estuvieron los delegados de las Secretar\u00edas de Educaci\u00f3n&nbsp;P\u00fablica (SEP), Wilberth Chi G\u00f3ngora, y del Trabajo y Previsi\u00f3n Social&nbsp;(STPS), Ricardo B\u00e9jar Herrera; los legisladores, Flor D\u00edaz Castillo, William&nbsp;Sosa Altamira y Gonzalo Escalante Alcocer; adem\u00e1s del comandante de la XXXII&nbsp;Zona Militar, Luis Manuel V\u00e9lez Fern\u00e1ndez de Lara.<\/div>\n<div style=\"font-family: Noteworthy; font-size: 18px; font-weight: bold; line-height: 24px; -webkit-tap-highlight-color: rgba(26, 26, 26, 0.296875); -webkit-composition-fill-color: rgba(130, 98, 83, 0.0976563); -webkit-composition-frame-color: rgba(191, 107, 82, 0.496094); \">Asimismo, el rector de la Universidad Tecnol\u00f3gica Metropolitana (UTM), Ariel&nbsp;Aldecua Kuk; y los directores de Educaci\u00f3n Primaria y Media Superior de la&nbsp;Secretar\u00eda estatal del ramo (SEGEY), Delio Peniche Novelo y Gabriela Zapata&nbsp;Villalobos, respectivamente.<\/div>\n<div style=\"font-family: Noteworthy; font-size: 18px; font-weight: bold; line-height: 24px; -webkit-tap-highlight-color: rgba(26, 26, 26, 0.296875); -webkit-composition-fill-color: rgba(130, 98, 83, 0.0976563); -webkit-composition-frame-color: rgba(191, 107, 82, 0.496094); \">Tambi\u00e9n, los directores del Instituto de Desarrollo Regional y Municipal&nbsp;(INDERM), Juan Jos\u00e9 Canul P\u00e9rez; y del CONALEP Valladolid, Yara Baeza&nbsp;Zetina; as\u00ed como el presidente del Comit\u00e9 de &nbsp;Vinculaci\u00f3n del Colegio en&nbsp;Valladolid, Ricardo D\u00e1jer Nahum, entre otras autoridades.(comunicado)<\/p>\n<div class=\"separator\" style=\"clear: both;\"><a href=\"https:\/\/lh4.googleusercontent.com\/-Gu8dusHspGY\/Uz96ZW4PcSI\/AAAAAAAAgFU\/I0zznaVQeL0\/s640\/blogger-image--609895801.jpg\" imageanchor=\"1\" style=\"margin-left: 1em; margin-right: 1em;\"><img decoding=\"async\" border=\"0\" src=\"https:\/\/lh4.googleusercontent.com\/-Gu8dusHspGY\/Uz96ZW4PcSI\/AAAAAAAAgFU\/I0zznaVQeL0\/s640\/blogger-image--609895801.jpg\"><\/a><\/div>\n<\/div>\n","protected":false},"excerpt":{"rendered":"<p>Valladolid, Yucat\u00e1n, 4 de abril de 2014.- El Gobernador Rolando Zapata Bello&nbsp;recibi\u00f3 de manos de la directora General del Colegio Nacional de Educaci\u00f3n&nbsp;Profesional T\u00e9cnica (CONALEP), Candita Gil Jim\u00e9nez, el documento<\/p>\n","protected":false},"author":1,"featured_media":16949,"comment_status":"open","ping_status":"open","sticky":false,"template":"","format":"standard","meta":{"jetpack_post_was_ever_published":false,"_jetpack_newsletter_access":"","_jetpack_dont_email_post_to_subs":false,"_jetpack_newsletter_tier_id":0,"_jetpack_memberships_contains_paywalled_content":false,"_jetpack_memberships_contains_paid_content":false,"footnotes":"","jetpack_publicize_message":"","jetpack_publicize_feature_enabled":true,"jetpack_social_post_already_shared":false,"jetpack_social_options":{"image_generator_settings":{"template":"highway","default_image_id":0,"font":"","enabled":false},"version":2}},"categories":[14,17,1],"tags":[],"class_list":["post-3419","post","type-post","status-publish","format-standard","has-post-thumbnail","hentry","category-merida","category-politica-y-gobierno","category-sin-categoria"],"jetpack_publicize_connections":[],"jetpack_featured_media_url":"https:\/\/formalprision.com\/wp-content\/uploads\/2014\/04\/blogger-image-609895801.jpg","jetpack_sharing_enabled":true,"jetpack_shortlink":"https:\/\/wp.me\/p6id8p-T9","_links":{"self":[{"href":"https:\/\/formalprision.com\/index.php?rest_route=\/wp\/v2\/posts\/3419","targetHints":{"allow":["GET"]}}],"collection":[{"href":"https:\/\/formalprision.com\/index.php?rest_route=\/wp\/v2\/posts"}],"about":[{"href":"https:\/\/formalprision.com\/index.php?rest_route=\/wp\/v2\/types\/post"}],"author":[{"embeddable":true,"href":"https:\/\/formalprision.com\/index.php?rest_route=\/wp\/v2\/users\/1"}],"replies":[{"embeddable":true,"href":"https:\/\/formalprision.com\/index.php?rest_route=%2Fwp%2Fv2%2Fcomments&post=3419"}],"version-history":[{"count":0,"href":"https:\/\/formalprision.com\/index.php?rest_route=\/wp\/v2\/posts\/3419\/revisions"}],"wp:featuredmedia":[{"embeddable":true,"href":"https:\/\/formalprision.com\/index.php?rest_route=\/wp\/v2\/media\/16949"}],"wp:attachment":[{"href":"https:\/\/formalprision.com\/index.php?rest_route=%2Fwp%2Fv2%2Fmedia&parent=3419"}],"wp:term":[{"taxonomy":"category","embeddable":true,"href":"https:\/\/formalprision.com\/index.php?rest_route=%2Fwp%2Fv2%2Fcategories&post=3419"},{"taxonomy":"post_tag","embeddable":true,"href":"https:\/\/formalprision.com\/index.php?rest_route=%2Fwp%2Fv2%2Ftags&post=3419"}],"curies":[{"name":"wp","href":"https:\/\/api.w.org\/{rel}","templated":true}]}}