{"id":3421,"date":"2014-04-04T23:22:00","date_gmt":"2014-04-04T23:22:00","guid":{"rendered":"http:\/\/formalprision.info\/2014\/04\/04\/atencion-oportuna-incendios-forestales\/"},"modified":"2015-06-03T08:38:55","modified_gmt":"2015-06-03T08:38:55","slug":"atencion-oportuna-incendios-forestales","status":"publish","type":"post","link":"https:\/\/formalprision.com\/?p=3421","title":{"rendered":"Atenci\u00f3n oportuna a incendios forestales en el estado"},"content":{"rendered":"<div style=\"font-family: Noteworthy; font-size: 18px; font-weight: bold; line-height: 24px; -webkit-tap-highlight-color: rgba(26, 26, 26, 0.296875); -webkit-composition-fill-color: rgba(130, 98, 83, 0.0976563); -webkit-composition-frame-color: rgba(191, 107, 82, 0.496094); \">M\u00e9rida, Yucat\u00e1n, 4 de abril de 2014.- Autoridades del grupo operativo del Comit\u00e9 de Prevenci\u00f3n y Combate de Incendios informaron que en lo que va de la temporada de quemas se han registrado 339 eventos entre siniestros y conatos en casi dos mil 41 hect\u00e1reas del territorio yucateco.<\/div>\n<div style=\"font-family: Noteworthy; font-size: 18px; font-weight: bold; line-height: 24px; -webkit-tap-highlight-color: rgba(26, 26, 26, 0.296875); -webkit-composition-fill-color: rgba(130, 98, 83, 0.0976563); -webkit-composition-frame-color: rgba(191, 107, 82, 0.496094); \">De acuerdo a la informaci\u00f3n proporcionada por dicho Comit\u00e9, durante el periodo comprendido del 26 de marzo al 2 de abril se verificaron 124 incendios en 783 hect\u00e1reas de todo el estado, sin embargo, ninguno de estos represent\u00f3 una p\u00e9rdida de valor forestal.<\/div>\n<div style=\"font-family: Noteworthy; font-size: 18px; font-weight: bold; line-height: 24px; -webkit-tap-highlight-color: rgba(26, 26, 26, 0.296875); -webkit-composition-fill-color: rgba(130, 98, 83, 0.0976563); -webkit-composition-frame-color: rgba(191, 107, 82, 0.496094); \">Ante el jefe operativo de la Unidad Estatal de Protecci\u00f3n Civil (PROCIVY), Salvador Arteaga Trillo, se destac\u00f3 que en los municipios de Abal\u00e1, Tizim\u00edn, Dzemul y Yaxkukul fue donde se registraron los incendios m\u00e1s relevantes de la semana.<\/div>\n<div style=\"font-family: Noteworthy; font-size: 18px; font-weight: bold; line-height: 24px; -webkit-tap-highlight-color: rgba(26, 26, 26, 0.296875); -webkit-composition-fill-color: rgba(130, 98, 83, 0.0976563); -webkit-composition-frame-color: rgba(191, 107, 82, 0.496094); \">En su turno, el director de Siniestros y Rescates de la Secretar\u00eda de Seguridad P\u00fablica (SSP), Jorge Flores Mart\u00ednez, dio a conocer que durante ese mismo periodo, el Cuerpo de Bomberos proporcion\u00f3 171 servicios en la ciudad y 36 en las diversas regiones de Yucat\u00e1n.<\/div>\n<div style=\"font-family: Noteworthy; font-size: 18px; font-weight: bold; line-height: 24px; -webkit-tap-highlight-color: rgba(26, 26, 26, 0.296875); -webkit-composition-fill-color: rgba(130, 98, 83, 0.0976563); -webkit-composition-frame-color: rgba(191, 107, 82, 0.496094); \">A\u00f1adi\u00f3 que en M\u00e9rida fueron sofocados diversos incendios que consumieron alrededor de 149 hect\u00e1reas, mientras que en otras zonas del territorio estatal se quemaron cerca de 30 hect\u00e1reas.<\/div>\n<div style=\"font-family: Noteworthy; font-size: 18px; font-weight: bold; line-height: 24px; -webkit-tap-highlight-color: rgba(26, 26, 26, 0.296875); -webkit-composition-fill-color: rgba(130, 98, 83, 0.0976563); -webkit-composition-frame-color: rgba(191, 107, 82, 0.496094); \">A fin de mantener a raya los incendios forestales se cuenta con el apoyo de 200 bomberos de la SSP distribuidos en 35 puntos de la entidad. Adem\u00e1s, PROCIVY tiene activos 514 brigadistas y la Comisi\u00f3n Nacional Forestal (CONAFOR) un total de 43 en Xcan, Chemax; y Colonia Yucat\u00e1n, Tizim\u00edn; adem\u00e1s de los municipios de Motul y Tekax. &nbsp;<\/div>\n<div style=\"font-family: Noteworthy; font-size: 18px; font-weight: bold; line-height: 24px; -webkit-tap-highlight-color: rgba(26, 26, 26, 0.296875); -webkit-composition-fill-color: rgba(130, 98, 83, 0.0976563); -webkit-composition-frame-color: rgba(191, 107, 82, 0.496094); \">Autoridades de PROCIVY recomendaron a la poblaci\u00f3n seguir las medidas de prevenci\u00f3n para evitar el fuego, entre las que destacan no tirar colillas de cigarro encendidas en la v\u00eda p\u00fablica y tampoco botellas pues pueden generar un efecto lupa e iniciar un siniestro. De igual forma hicieron un llamado a no tirar basura, ya que los desechos propician la propagaci\u00f3n de las llamas a la orilla de la carretera.<\/div>\n<div style=\"font-family: Noteworthy; font-size: 18px; font-weight: bold; line-height: 24px; -webkit-tap-highlight-color: rgba(26, 26, 26, 0.296875); -webkit-composition-fill-color: rgba(130, 98, 83, 0.0976563); -webkit-composition-frame-color: rgba(191, 107, 82, 0.496094); \">Asimismo, se exhort\u00f3 a los productores agr\u00edcolas a no realizar quemas durante el mes de abril, as\u00ed como a estar pendientes de los cambios del viento que pueden ocasionar la propagaci\u00f3n del fuego.<\/div>\n<div style=\"font-family: Noteworthy; font-size: 18px; font-weight: bold; line-height: 24px; -webkit-tap-highlight-color: rgba(26, 26, 26, 0.296875); -webkit-composition-fill-color: rgba(130, 98, 83, 0.0976563); -webkit-composition-frame-color: rgba(191, 107, 82, 0.496094); \">Al hacer uso de la palabra, el director T\u00e9cnico del Organismo de Cuenca Pen\u00ednsula de Yucat\u00e1n (OCPY) de la Comisi\u00f3n Nacional del Agua (CONAGUA), Jos\u00e9 Luis Acosta Rodr\u00edguez, explic\u00f3 que para las pr\u00f3ximas 96 horas se esperan condiciones de cielo despejado a medio nublado con temperaturas en M\u00e9rida de 38 grados, en la costa de 34 y al Sur de la entidad el term\u00f3metro podr\u00eda llegar a los 40 grados cent\u00edgrados.<\/div>\n<div style=\"font-family: Noteworthy; font-size: 18px; font-weight: bold; line-height: 24px; -webkit-tap-highlight-color: rgba(26, 26, 26, 0.296875); -webkit-composition-fill-color: rgba(130, 98, 83, 0.0976563); -webkit-composition-frame-color: rgba(191, 107, 82, 0.496094); \">A partir de este &nbsp;lunes 7 y hasta el mi\u00e9rcoles 9, la situaci\u00f3n cambiar\u00e1 ante la llegada del frente fr\u00edo n\u00famero 48, el cual puede provocar un ligero descenso en las temperaturas.<\/div>\n<div style=\"font-family: Noteworthy; font-size: 18px; font-weight: bold; line-height: 24px; -webkit-tap-highlight-color: rgba(26, 26, 26, 0.296875); -webkit-composition-fill-color: rgba(130, 98, 83, 0.0976563); -webkit-composition-frame-color: rgba(191, 107, 82, 0.496094); \">Asistieron al evento el director General de Desarrollo Rural de la Secretar\u00eda estatal del ramo (SEDER), Carlos Carrillo Maldonado; y el jefe de Protecci\u00f3n contra Incendios Forestales de la CONAFOR, Manuel Mora Ugalde. &nbsp;<\/p>\n<div class=\"separator\" style=\"clear: both;\"><a href=\"https:\/\/lh3.googleusercontent.com\/-BoZMQnWhJJ0\/Uz8-qEkrIgI\/AAAAAAAAgE0\/GToJ9cVxNmU\/s640\/blogger-image--2049378358.jpg\" imageanchor=\"1\" style=\"margin-left: 1em; margin-right: 1em;\"><img decoding=\"async\" border=\"0\" src=\"https:\/\/lh3.googleusercontent.com\/-BoZMQnWhJJ0\/Uz8-qEkrIgI\/AAAAAAAAgE0\/GToJ9cVxNmU\/s640\/blogger-image--2049378358.jpg\"><\/a><\/div>\n<\/div>\n","protected":false},"excerpt":{"rendered":"<p>M\u00e9rida, Yucat\u00e1n, 4 de abril de 2014.- Autoridades del grupo operativo del Comit\u00e9 de Prevenci\u00f3n y Combate de Incendios informaron que en lo que va de la temporada de quemas<\/p>\n","protected":false},"author":1,"featured_media":16953,"comment_status":"open","ping_status":"open","sticky":false,"template":"","format":"standard","meta":{"jetpack_post_was_ever_published":false,"_jetpack_newsletter_access":"","_jetpack_dont_email_post_to_subs":false,"_jetpack_newsletter_tier_id":0,"_jetpack_memberships_contains_paywalled_content":false,"_jetpack_memberships_contains_paid_content":false,"footnotes":"","jetpack_publicize_message":"","jetpack_publicize_feature_enabled":true,"jetpack_social_post_already_shared":false,"jetpack_social_options":{"image_generator_settings":{"template":"highway","default_image_id":0,"font":"","enabled":false},"version":2}},"categories":[17,1],"tags":[],"class_list":["post-3421","post","type-post","status-publish","format-standard","has-post-thumbnail","hentry","category-politica-y-gobierno","category-sin-categoria"],"jetpack_publicize_connections":[],"jetpack_featured_media_url":"https:\/\/formalprision.com\/wp-content\/uploads\/2014\/04\/blogger-image-2049378358.jpg","jetpack_sharing_enabled":true,"jetpack_shortlink":"https:\/\/wp.me\/p6id8p-Tb","_links":{"self":[{"href":"https:\/\/formalprision.com\/index.php?rest_route=\/wp\/v2\/posts\/3421","targetHints":{"allow":["GET"]}}],"collection":[{"href":"https:\/\/formalprision.com\/index.php?rest_route=\/wp\/v2\/posts"}],"about":[{"href":"https:\/\/formalprision.com\/index.php?rest_route=\/wp\/v2\/types\/post"}],"author":[{"embeddable":true,"href":"https:\/\/formalprision.com\/index.php?rest_route=\/wp\/v2\/users\/1"}],"replies":[{"embeddable":true,"href":"https:\/\/formalprision.com\/index.php?rest_route=%2Fwp%2Fv2%2Fcomments&post=3421"}],"version-history":[{"count":0,"href":"https:\/\/formalprision.com\/index.php?rest_route=\/wp\/v2\/posts\/3421\/revisions"}],"wp:featuredmedia":[{"embeddable":true,"href":"https:\/\/formalprision.com\/index.php?rest_route=\/wp\/v2\/media\/16953"}],"wp:attachment":[{"href":"https:\/\/formalprision.com\/index.php?rest_route=%2Fwp%2Fv2%2Fmedia&parent=3421"}],"wp:term":[{"taxonomy":"category","embeddable":true,"href":"https:\/\/formalprision.com\/index.php?rest_route=%2Fwp%2Fv2%2Fcategories&post=3421"},{"taxonomy":"post_tag","embeddable":true,"href":"https:\/\/formalprision.com\/index.php?rest_route=%2Fwp%2Fv2%2Ftags&post=3421"}],"curies":[{"name":"wp","href":"https:\/\/api.w.org\/{rel}","templated":true}]}}