{"id":3429,"date":"2014-04-03T22:58:00","date_gmt":"2014-04-03T22:58:00","guid":{"rendered":"http:\/\/formalprision.info\/2014\/04\/03\/se-presentaron-los-resultados-de\/"},"modified":"2015-06-03T08:38:56","modified_gmt":"2015-06-03T08:38:56","slug":"se-presentaron-los-resultados-de","status":"publish","type":"post","link":"https:\/\/formalprision.com\/?p=3429","title":{"rendered":"Se presentaron los resultados del \u00cdndice de Desempe\u00f1o Educativo\nIncluyente."},"content":{"rendered":"<div style=\"font-family: Noteworthy; font-size: 18px; font-weight: bold; line-height: 24px; -webkit-tap-highlight-color: rgba(26, 26, 26, 0.296875); -webkit-composition-fill-color: rgba(130, 98, 83, 0.0976563); -webkit-composition-frame-color: rgba(191, 107, 82, 0.496094); \">\n<div>M\u00e9rida, Yucat\u00e1n, 3 de abril de 2014.- En Yucat\u00e1n, los diagn\u00f3sticos no se&nbsp;quedan en el papel sino que se convierten en acci\u00f3n responsable, tal es el&nbsp;caso del \u00cdndice de Desempe\u00f1o Educativo Incluyente (IDEI), el cual ha&nbsp;permitido al Gobierno del Estado ejecutar y fortalecer estrategias en este&nbsp;\u00e1mbito, lo que ya beneficia a docentes, alumnos y padres de familia de los&nbsp;106 municipios de la entidad, afirm\u00f3 el Gobernador Rolando Zapata Bello.<\/div>\n<div>Durante la presentaci\u00f3n de ese indicador, realizada en el Sal\u00f3n de la&nbsp;Historia de la sede del Poder Ejecutivo estatal, el mandatario se\u00f1al\u00f3 que la&nbsp;base de un crecimiento econ\u00f3mico sustentable es la educaci\u00f3n de calidad; de&nbsp;ah\u00ed la apuesta de esta administraci\u00f3n para impulsar pol\u00edticas p\u00fablicas que&nbsp;fundamenten un mejor marco en esta materia para todos los yucatecos.<\/div>\n<div>En el IDEI, Yucat\u00e1n obtuvo el segundo lugar nacional en la evaluaci\u00f3n del&nbsp;nivel primaria, mientras que en secundaria alcanz\u00f3 el s\u00e9ptimo esca\u00f1o. Para&nbsp;obtener estos resultados se analizaron dimensiones como el aporte educativo&nbsp;de la entidad, participaci\u00f3n de padres de familia, supervisi\u00f3n,&nbsp;actualizaci\u00f3n magisterial, profesionalizaci\u00f3n docente, permanencia,<\/div>\n<div>aprendizaje y cobertura.<\/div>\n<div>Al respecto, Zapata bello, acompa\u00f1ado por el presidente de Mexicanos Primero&nbsp;A.C., Claudio X. Gonz\u00e1lez Guajardo, destac\u00f3 la labor que los profesores de&nbsp;Yucat\u00e1n han hecho para conseguir que el estado destaque en las pruebas de&nbsp;medici\u00f3n de la calidad y avance educativo a nivel nacional.<\/div>\n<div>Los maestros y maestras, puntualiz\u00f3, son parte fundamental en la edificaci\u00f3n&nbsp;de un estado en el que la ense\u00f1anza es el piso firme para la construcci\u00f3n&nbsp;del bienestar social y econ\u00f3mico para toda la poblaci\u00f3n.<\/div>\n<div>\u201cPorque los retos que tenemos ante nosotros, los retos de infraestructura,&nbsp;de aprendizaje, los digitales, administrativos y de permanencia, s\u00f3lo los&nbsp;podemos resolver con la participaci\u00f3n de todos: los docentes en el aula, los&nbsp;padres y madres de familia, las organizaciones sociales vigilando y las&nbsp;autoridades implementando con eficacia las pol\u00edticas\u201d, agreg\u00f3.<\/div>\n<div>En su intervenci\u00f3n, Gonz\u00e1lez Guajardo reconoci\u00f3 a Yucat\u00e1n como un ejemplo&nbsp;nacional pues es una entidad en la que con base en los acuerdos y el trabajo&nbsp;de toda la sociedad en un tema toral como lo es la educaci\u00f3n, se puede&nbsp;avanzar y mantener una trayectoria ascendente en los \u00edndices evaluadores&nbsp;tanto nacionales como internacionales.<\/div>\n<div>\u201cEn ese sentido, Yucat\u00e1n es una luz que da el ejemplo en este tema para todo&nbsp;el pa\u00eds y M\u00e9xico necesita ese ejemplo. Reconozco aqu\u00ed la labor del&nbsp;Gobernador y sus colaboradores para que este estado se mantenga a la&nbsp;vanguardia en el avance de la calidad educativa\u201d, expres\u00f3.<\/div>\n<div>Al respecto, el secretario de Educaci\u00f3n del Estado, Ra\u00fal Godoy Monta\u00f1ez,&nbsp;a\u00f1adi\u00f3 que en el territorio yucateco el impulso a la ense\u00f1anza cuenta con la&nbsp;fuerza de todos los actores de la sociedad, por lo que se constituye como un&nbsp;fen\u00f3meno social complejo, que obtiene su fuerza de escuchar todas las voces&nbsp;para tomar las mejores decisiones en beneficio de los estudiantes.<\/div>\n<div>En el evento estuvieron los presidentes de la Junta de Gobierno y&nbsp;Coordinaci\u00f3n Pol\u00edtica del Congreso local, Luis Hevia Jim\u00e9nez; y del Tribunal&nbsp;Superior de Justicia de Yucat\u00e1n, Marcos Celis Quintal; as\u00ed como la&nbsp;legisladora local, Flor D\u00edaz Castillo.<\/div>\n<div>Tambi\u00e9n, el delegado de la Secretar\u00eda de Educaci\u00f3n P\u00fablica, Wilberth Chi&nbsp;G\u00f3ngora; y el presidente del Consejo Coordinador Empresarial (CCE), Jos\u00e9&nbsp;Manuel L\u00f3pez Campos.<\/p>\n<div class=\"separator\" style=\"clear: both;\"><a href=\"https:\/\/lh3.googleusercontent.com\/-gw24HE_HjCU\/Uz3no6ISdII\/AAAAAAAAgCc\/bhR2ph62NaM\/s640\/blogger-image--25207179.jpg\" imageanchor=\"1\" style=\"margin-left: 1em; margin-right: 1em;\"><img decoding=\"async\" border=\"0\" src=\"https:\/\/lh3.googleusercontent.com\/-gw24HE_HjCU\/Uz3no6ISdII\/AAAAAAAAgCc\/bhR2ph62NaM\/s640\/blogger-image--25207179.jpg\"><\/a><\/div>\n<\/div>\n<\/div>\n<div style=\"font-family: Noteworthy; font-size: 18px; font-weight: bold; line-height: 24px; -webkit-tap-highlight-color: rgba(26, 26, 26, 0.296875); -webkit-composition-fill-color: rgba(130, 98, 83, 0.0976563); -webkit-composition-frame-color: rgba(191, 107, 82, 0.496094); \"><\/div>\n","protected":false},"excerpt":{"rendered":"<p>M\u00e9rida, Yucat\u00e1n, 3 de abril de 2014.- En Yucat\u00e1n, los diagn\u00f3sticos no se&nbsp;quedan en el papel sino que se convierten en acci\u00f3n responsable, tal es el&nbsp;caso del \u00cdndice de Desempe\u00f1o<\/p>\n","protected":false},"author":1,"featured_media":16969,"comment_status":"open","ping_status":"open","sticky":false,"template":"","format":"standard","meta":{"jetpack_post_was_ever_published":false,"_jetpack_newsletter_access":"","_jetpack_dont_email_post_to_subs":false,"_jetpack_newsletter_tier_id":0,"_jetpack_memberships_contains_paywalled_content":false,"_jetpack_memberships_contains_paid_content":false,"footnotes":"","jetpack_publicize_message":"","jetpack_publicize_feature_enabled":true,"jetpack_social_post_already_shared":false,"jetpack_social_options":{"image_generator_settings":{"template":"highway","default_image_id":0,"font":"","enabled":false},"version":2}},"categories":[17,1],"tags":[],"class_list":["post-3429","post","type-post","status-publish","format-standard","has-post-thumbnail","hentry","category-politica-y-gobierno","category-sin-categoria"],"jetpack_publicize_connections":[],"jetpack_featured_media_url":"https:\/\/formalprision.com\/wp-content\/uploads\/2014\/04\/blogger-image-25207179.jpg","jetpack_sharing_enabled":true,"jetpack_shortlink":"https:\/\/wp.me\/p6id8p-Tj","_links":{"self":[{"href":"https:\/\/formalprision.com\/index.php?rest_route=\/wp\/v2\/posts\/3429","targetHints":{"allow":["GET"]}}],"collection":[{"href":"https:\/\/formalprision.com\/index.php?rest_route=\/wp\/v2\/posts"}],"about":[{"href":"https:\/\/formalprision.com\/index.php?rest_route=\/wp\/v2\/types\/post"}],"author":[{"embeddable":true,"href":"https:\/\/formalprision.com\/index.php?rest_route=\/wp\/v2\/users\/1"}],"replies":[{"embeddable":true,"href":"https:\/\/formalprision.com\/index.php?rest_route=%2Fwp%2Fv2%2Fcomments&post=3429"}],"version-history":[{"count":0,"href":"https:\/\/formalprision.com\/index.php?rest_route=\/wp\/v2\/posts\/3429\/revisions"}],"wp:featuredmedia":[{"embeddable":true,"href":"https:\/\/formalprision.com\/index.php?rest_route=\/wp\/v2\/media\/16969"}],"wp:attachment":[{"href":"https:\/\/formalprision.com\/index.php?rest_route=%2Fwp%2Fv2%2Fmedia&parent=3429"}],"wp:term":[{"taxonomy":"category","embeddable":true,"href":"https:\/\/formalprision.com\/index.php?rest_route=%2Fwp%2Fv2%2Fcategories&post=3429"},{"taxonomy":"post_tag","embeddable":true,"href":"https:\/\/formalprision.com\/index.php?rest_route=%2Fwp%2Fv2%2Ftags&post=3429"}],"curies":[{"name":"wp","href":"https:\/\/api.w.org\/{rel}","templated":true}]}}