{"id":3434,"date":"2014-04-03T08:19:00","date_gmt":"2014-04-03T08:19:00","guid":{"rendered":"http:\/\/formalprision.info\/2014\/04\/03\/se-reunen-en-yucatan-estudiantes-y\/"},"modified":"2015-06-03T08:38:57","modified_gmt":"2015-06-03T08:38:57","slug":"se-reunen-en-yucatan-estudiantes-y","status":"publish","type":"post","link":"https:\/\/formalprision.com\/?p=3434","title":{"rendered":"Se re\u00fanen en Yucat\u00e1n estudiantes y especialistas en desarrollo\nindustrial y cient\u00edfico."},"content":{"rendered":"<div style=\"font-family: Noteworthy; font-size: 18px; font-weight: bold; line-height: 24px; -webkit-tap-highlight-color: rgba(26, 26, 26, 0.296875); -webkit-composition-fill-color: rgba(130, 98, 83, 0.0976563); -webkit-composition-frame-color: rgba(191, 107, 82, 0.496094); \">M\u00e9rida, Yucat\u00e1n, 2 de abril de 2014.- J\u00f3venes universitarios de las \u00e1reas de&nbsp;tecnol\u00f3gicas, industriales y desarrollo inform\u00e1tico de todo el pa\u00eds se&nbsp;re\u00fanen en Yucat\u00e1n para intercambiar experiencias, conocimientos y proyectos&nbsp;en el marco del Congreso Nacional de Tecnolog\u00eda Industrial (CONATI 2014),&nbsp;organizado por la Universidad Tecnol\u00f3gica Metropolitana (UTM).&nbsp;<\/div>\n<div style=\"font-family: Noteworthy; font-size: 18px; font-weight: bold; line-height: 24px; -webkit-tap-highlight-color: rgba(26, 26, 26, 0.296875); -webkit-composition-fill-color: rgba(130, 98, 83, 0.0976563); -webkit-composition-frame-color: rgba(191, 107, 82, 0.496094); \">El secretario General de Gobierno, V\u00edctor Caballero Dur\u00e1n y el director de&nbsp;la Comisi\u00f3n Nacional para el Uso Eficiente de la Energ\u00eda (CONUEE) de la&nbsp;Secretar\u00eda del ramo (SENER), Od\u00f3n de Buen Rodr\u00edguez, inauguraron dicho&nbsp;encuentro, que tiene como sede el Gran Museo del Mundo Maya de esta capital.<\/div>\n<div style=\"font-family: Noteworthy; font-size: 18px; font-weight: bold; line-height: 24px; -webkit-tap-highlight-color: rgba(26, 26, 26, 0.296875); -webkit-composition-fill-color: rgba(130, 98, 83, 0.0976563); -webkit-composition-frame-color: rgba(191, 107, 82, 0.496094); \">El foro, que tiene como estrategia principal la divulgaci\u00f3n cient\u00edfica y&nbsp;tecnol\u00f3gica en las \u00e1reas de Procesos Industriales, Manufactura, Ahorro de&nbsp;energ\u00eda, Mantenimiento, Dise\u00f1o, y Automatizaci\u00f3n, se realiza durante tres&nbsp;d\u00edas en la entidad, concentrando las tendencias y conocimiento de la&nbsp;actualidad en la rama de innovaci\u00f3n industrial.<\/div>\n<div style=\"font-family: Noteworthy; font-size: 18px; font-weight: bold; line-height: 24px; -webkit-tap-highlight-color: rgba(26, 26, 26, 0.296875); -webkit-composition-fill-color: rgba(130, 98, 83, 0.0976563); -webkit-composition-frame-color: rgba(191, 107, 82, 0.496094); \">El Congreso, que tambi\u00e9n se celebra en el marco del XV aniversario de la&nbsp;UTM, re\u00fane a lo m\u00e1s selecto de los expositores en desarrollo industrial y&nbsp;cient\u00edfico de varias universidades e instituciones internacionales como la&nbsp;NASA, el Centro de Investigaci\u00f3n Cient\u00edfica de Yucat\u00e1n (CICY), el Sistema&nbsp;Nacional de Investigadores, (SIN) y el Centro de Investigaciones de Energ\u00eda<\/p>\n<div class=\"separator\" style=\"clear: both;\">(CIE), de la UNAM.<\/div>\n<\/div>\n<div style=\"font-family: Noteworthy; font-size: 18px; font-weight: bold; line-height: 24px; -webkit-tap-highlight-color: rgba(26, 26, 26, 0.296875); -webkit-composition-fill-color: rgba(130, 98, 83, 0.0976563); -webkit-composition-frame-color: rgba(191, 107, 82, 0.496094); \">En la ceremonia, Caballero Dur\u00e1n resalt\u00f3 que para el Gobierno del Estado la&nbsp;educaci\u00f3n representa una prioridad, pues en ella radica el origen del&nbsp;bienestar y por ello una educaci\u00f3n de calidad es la principal apuesta de la&nbsp;presente administraci\u00f3n.<\/div>\n<div style=\"font-family: Noteworthy; font-size: 18px; font-weight: bold; line-height: 24px; -webkit-tap-highlight-color: rgba(26, 26, 26, 0.296875); -webkit-composition-fill-color: rgba(130, 98, 83, 0.0976563); -webkit-composition-frame-color: rgba(191, 107, 82, 0.496094); \">\u201cPrecisamente por ello, un eje vital es el apoyo a la innovaci\u00f3n y a la&nbsp;tecnolog\u00eda, que se realiza desde el Gobierno, un impulso a la innovaci\u00f3n que&nbsp;est\u00e1 respaldado &nbsp;por una s\u00f3lida apuesta a la educaci\u00f3n superior para&nbsp;garantizar las competencias que nos permitan un desarrollo econ\u00f3mico y&nbsp;social a corto, mediano y largo plazo\u201d, afirm\u00f3.<\/div>\n<div style=\"font-family: Noteworthy; font-size: 18px; font-weight: bold; line-height: 24px; -webkit-tap-highlight-color: rgba(26, 26, 26, 0.296875); -webkit-composition-fill-color: rgba(130, 98, 83, 0.0976563); -webkit-composition-frame-color: rgba(191, 107, 82, 0.496094); \">El funcionario record\u00f3 la apuesta que el Gobierno del Estado realiza por las&nbsp;nuevas tecnolog\u00edas y &nbsp;la preparaci\u00f3n de las generaciones de estudiantes, por&nbsp;ello, dijo, recientemente se cre\u00f3 el cl\u00faster de empresas en el Parque&nbsp;Cient\u00edfico del Estado, que producen tecnolog\u00eda de vanguardia y que son un&nbsp;semillero de futuros cient\u00edficos, investigadores y desarrolladores.<\/div>\n<div style=\"font-family: Noteworthy; font-size: 18px; font-weight: bold; line-height: 24px; -webkit-tap-highlight-color: rgba(26, 26, 26, 0.296875); -webkit-composition-fill-color: rgba(130, 98, 83, 0.0976563); -webkit-composition-frame-color: rgba(191, 107, 82, 0.496094); \">Al tomar la palabra, el representante de la SENER destac\u00f3 el gran trabajo&nbsp;que se realiza en Yucat\u00e1n en cuanto a la preparaci\u00f3n de los futuros&nbsp;desarrolladores de tecnolog\u00edas y elogi\u00f3 las pol\u00edticas p\u00fablicas de educaci\u00f3n&nbsp;implementadas en la entidad.<\/div>\n<div style=\"font-family: Noteworthy; font-size: 18px; font-weight: bold; line-height: 24px; -webkit-tap-highlight-color: rgba(26, 26, 26, 0.296875); -webkit-composition-fill-color: rgba(130, 98, 83, 0.0976563); -webkit-composition-frame-color: rgba(191, 107, 82, 0.496094); \">Asimismo, el funcionario dijo que como ejemplo del trabajo coordinado entre&nbsp;el Gobierno federal y estatal a favor de tecnolog\u00edas m\u00e1s eficientes y de&nbsp;menor costo, se ha logrado aterrizar dos proyectos pilotos de iluminaci\u00f3n&nbsp;p\u00fablica en los municipios de Baca y Motul, que se espera comiencen a dar&nbsp;resultados exitosos a corto plazo.<\/div>\n<div style=\"font-family: Noteworthy; font-size: 18px; font-weight: bold; line-height: 24px; -webkit-tap-highlight-color: rgba(26, 26, 26, 0.296875); -webkit-composition-fill-color: rgba(130, 98, 83, 0.0976563); -webkit-composition-frame-color: rgba(191, 107, 82, 0.496094); \">En su oportunidad, el rector de la UTM, Ariel Aldecua Kuk, se\u00f1al\u00f3 que los&nbsp;talleres y conferencias est\u00e1n dirigidos a acad\u00e9micos y alumnos, as\u00ed como a&nbsp;empresarios y miembros del sector industrial, pues uno de los principios de&nbsp;la Universidad es el innovar y construir plataformas apropiadas para&nbsp;compartir experiencias en el ser y el saber hacer del sector industrial.<\/div>\n<div style=\"font-family: Noteworthy; font-size: 18px; font-weight: bold; line-height: 24px; -webkit-tap-highlight-color: rgba(26, 26, 26, 0.296875); -webkit-composition-fill-color: rgba(130, 98, 83, 0.0976563); -webkit-composition-frame-color: rgba(191, 107, 82, 0.496094); \">Record\u00f3 que CONATI lleva ya 10 a\u00f1os de realizarse y en esta edici\u00f3n el tema&nbsp;ser\u00e1 la creatividad industrial, para realizar proyectos que sean novedosos y&nbsp;diferentes para estar a la vanguardia del conocimiento industrial. &nbsp;(Comunicado)<\/p>\n<div class=\"separator\" style=\"clear: both;\"><a href=\"https:\/\/lh6.googleusercontent.com\/-MpBWy8xzkQo\/Uz0ZdIw8zII\/AAAAAAAAgBI\/DlPSxyR_K6Y\/s640\/blogger-image--2070191572.jpg\" imageanchor=\"1\" style=\"margin-left: 1em; margin-right: 1em;\"><img decoding=\"async\" border=\"0\" src=\"https:\/\/lh6.googleusercontent.com\/-MpBWy8xzkQo\/Uz0ZdIw8zII\/AAAAAAAAgBI\/DlPSxyR_K6Y\/s640\/blogger-image--2070191572.jpg\"><\/a><\/div>\n<\/div>\n<div><\/div>\n","protected":false},"excerpt":{"rendered":"<p>M\u00e9rida, Yucat\u00e1n, 2 de abril de 2014.- J\u00f3venes universitarios de las \u00e1reas de&nbsp;tecnol\u00f3gicas, industriales y desarrollo inform\u00e1tico de todo el pa\u00eds se&nbsp;re\u00fanen en Yucat\u00e1n para intercambiar experiencias, conocimientos y proyectos&nbsp;en<\/p>\n","protected":false},"author":1,"featured_media":16979,"comment_status":"open","ping_status":"open","sticky":false,"template":"","format":"standard","meta":{"jetpack_post_was_ever_published":false,"_jetpack_newsletter_access":"","_jetpack_dont_email_post_to_subs":false,"_jetpack_newsletter_tier_id":0,"_jetpack_memberships_contains_paywalled_content":false,"_jetpack_memberships_contains_paid_content":false,"footnotes":"","jetpack_publicize_message":"","jetpack_publicize_feature_enabled":true,"jetpack_social_post_already_shared":false,"jetpack_social_options":{"image_generator_settings":{"template":"highway","default_image_id":0,"font":"","enabled":false},"version":2}},"categories":[17,1],"tags":[],"class_list":["post-3434","post","type-post","status-publish","format-standard","has-post-thumbnail","hentry","category-politica-y-gobierno","category-sin-categoria"],"jetpack_publicize_connections":[],"jetpack_featured_media_url":"https:\/\/formalprision.com\/wp-content\/uploads\/2014\/04\/blogger-image-2070191572.jpg","jetpack_sharing_enabled":true,"jetpack_shortlink":"https:\/\/wp.me\/p6id8p-To","_links":{"self":[{"href":"https:\/\/formalprision.com\/index.php?rest_route=\/wp\/v2\/posts\/3434","targetHints":{"allow":["GET"]}}],"collection":[{"href":"https:\/\/formalprision.com\/index.php?rest_route=\/wp\/v2\/posts"}],"about":[{"href":"https:\/\/formalprision.com\/index.php?rest_route=\/wp\/v2\/types\/post"}],"author":[{"embeddable":true,"href":"https:\/\/formalprision.com\/index.php?rest_route=\/wp\/v2\/users\/1"}],"replies":[{"embeddable":true,"href":"https:\/\/formalprision.com\/index.php?rest_route=%2Fwp%2Fv2%2Fcomments&post=3434"}],"version-history":[{"count":0,"href":"https:\/\/formalprision.com\/index.php?rest_route=\/wp\/v2\/posts\/3434\/revisions"}],"wp:featuredmedia":[{"embeddable":true,"href":"https:\/\/formalprision.com\/index.php?rest_route=\/wp\/v2\/media\/16979"}],"wp:attachment":[{"href":"https:\/\/formalprision.com\/index.php?rest_route=%2Fwp%2Fv2%2Fmedia&parent=3434"}],"wp:term":[{"taxonomy":"category","embeddable":true,"href":"https:\/\/formalprision.com\/index.php?rest_route=%2Fwp%2Fv2%2Fcategories&post=3434"},{"taxonomy":"post_tag","embeddable":true,"href":"https:\/\/formalprision.com\/index.php?rest_route=%2Fwp%2Fv2%2Ftags&post=3434"}],"curies":[{"name":"wp","href":"https:\/\/api.w.org\/{rel}","templated":true}]}}