{"id":3436,"date":"2014-04-03T06:10:00","date_gmt":"2014-04-03T06:10:00","guid":{"rendered":"http:\/\/formalprision.info\/2014\/04\/03\/presidente-del-pri-en-yucatan-emite\/"},"modified":"2015-06-03T08:38:57","modified_gmt":"2015-06-03T08:38:57","slug":"presidente-del-pri-en-yucatan-emite","status":"publish","type":"post","link":"https:\/\/formalprision.com\/?p=3436","title":{"rendered":"Presidente del PRI en Yucat\u00e1n emite en Twitter mensaje &quot;inc\u00f3modo y\nantigobiernista&quot;"},"content":{"rendered":"<div style=\"font-family: Noteworthy; font-size: 18px; font-weight: bold; line-height: 24px; -webkit-tap-highlight-color: rgba(26, 26, 26, 0.296875); -webkit-composition-fill-color: rgba(130, 98, 83, 0.0976563); -webkit-composition-frame-color: rgba(191, 107, 82, 0.496094); \">\n<div class=\"separator\" style=\"clear: both;\"><a href=\"https:\/\/lh5.googleusercontent.com\/-csfHQA8EryE\/Uzz7UkDmOoI\/AAAAAAAAgAs\/pp-IjLN_KT4\/s640\/blogger-image--1642911227.jpg\" imageanchor=\"1\" style=\"margin-left: 1em; margin-right: 1em;\"><img decoding=\"async\" border=\"0\" src=\"https:\/\/lh5.googleusercontent.com\/-csfHQA8EryE\/Uzz7UkDmOoI\/AAAAAAAAgAs\/pp-IjLN_KT4\/s640\/blogger-image--1642911227.jpg\"><\/a><\/div>\n<div style=\"-webkit-tap-highlight-color: rgba(26, 26, 26, 0.296875); \">DESDE LA CARCEL (columna de opini\u00f3n y trascendidos) M\u00e9rida, Yucat\u00e1n, a 3 de abril de 2014. Luego de unas semanas de ausencia, aqu\u00ed estamos nuevamente escribiendo \u00abDesde la C\u00e1rcel\u00bb enter\u00e1ndonos y enter\u00e1ndoles de los \u00faltimos sucesos ocurridos en el mundo de la pol\u00edtica y las redes sociales en M\u00e9rida.<\/div>\n<p>Desde nuestra celda nos hemos enterado que en&nbsp;una situaci\u00f3n que&nbsp;se ha prestado a especulaciones, el presidente estatal del PRI, Carlos Pav\u00f3n Flores, public\u00f3 en redes sociales un comentario \u201cantigobiernista\u201d.<\/p><\/div>\n<div style=\"font-family: Noteworthy; font-size: 18px; font-weight: bold; line-height: 24px; -webkit-tap-highlight-color: rgba(26, 26, 26, 0.296875); -webkit-composition-fill-color: rgba(130, 98, 83, 0.0976563); -webkit-composition-frame-color: rgba(191, 107, 82, 0.496094); \">A trav\u00e9s de su cuenta de Twitter (@carlospavonf), el dirigente pri\u00edsta publico dicho comentario, mismo que fue borrado instantes despu\u00e9s, aunque ya hab\u00eda sido \u201cguardado\u201d por varios de los internautas.<\/div>\n<div style=\"font-family: Noteworthy; font-size: 18px; font-weight: bold; line-height: 24px; -webkit-tap-highlight-color: rgba(26, 26, 26, 0.296875); -webkit-composition-fill-color: rgba(130, 98, 83, 0.0976563); -webkit-composition-frame-color: rgba(191, 107, 82, 0.496094); \">Debido a que el pri\u00edsta no atribuy\u00f3 esta publicaci\u00f3n a un presunto \u00abhackeo\u00bbde su cuenta, los internautas meridanos especulan sobre lo sucedido, se\u00f1alando desde un posible error del dirigente, hasta la revelaci\u00f3n de su &nbsp;\u201cpaternidad\u201d en una popular y antigobiernista cuenta de Twitter en M\u00e9rida.<\/div>\n<div style=\"font-family: Noteworthy; font-size: 18px; font-weight: bold; line-height: 24px; -webkit-tap-highlight-color: rgba(26, 26, 26, 0.296875); -webkit-composition-fill-color: rgba(130, 98, 83, 0.0976563); -webkit-composition-frame-color: rgba(191, 107, 82, 0.496094); \">El \u201ctuit inc\u00f3modo\u201d del presidente del PRI tuvo lugar el s\u00e1bado en la madrugada, cuando el directivo public\u00f3 un mensaje promocional de la cuenta @retioMID (\u00abfilial\u00bb de @retenesmerida)canales que desde hace varios a\u00f1os se usan para informar sobre la ubicaci\u00f3n de retenes y los presuntos abusos de la polic\u00eda en M\u00e9rida.<\/div>\n<div style=\"font-family: Noteworthy; font-size: 18px; font-weight: bold; line-height: 24px; -webkit-tap-highlight-color: rgba(26, 26, 26, 0.296875); -webkit-composition-fill-color: rgba(130, 98, 83, 0.0976563); -webkit-composition-frame-color: rgba(191, 107, 82, 0.496094); \">Esa noche, en su \u201ctuit\u201d n\u00famero 5391, Carlos Pav\u00f3n escribi\u00f3 lo siguiente \u201c\u00bfQu\u00e9 son 500 c\u00e1maras controladas por el Gob contra 100mil c\u00e1maras controladas por ciudadanos? Reporta desde tu Iphone\u201d.<\/div>\n<div style=\"font-family: Noteworthy; font-size: 18px; font-weight: bold; line-height: 24px; -webkit-tap-highlight-color: rgba(26, 26, 26, 0.296875); -webkit-composition-fill-color: rgba(130, 98, 83, 0.0976563); -webkit-composition-frame-color: rgba(191, 107, 82, 0.496094); \">Este mensaje promocional lo lo utiliza cotidianamente la cuenta @retioMID &nbsp;para invitar a descargar una aplicaci\u00f3n que permite, entre otras cosas, &nbsp;reportar malas acciones de la polic\u00eda y la ubicaci\u00f3n de retenes.<\/div>\n<div style=\"font-family: Noteworthy; font-size: 18px; font-weight: bold; line-height: 24px; -webkit-tap-highlight-color: rgba(26, 26, 26, 0.296875); -webkit-composition-fill-color: rgba(130, 98, 83, 0.0976563); -webkit-composition-frame-color: rgba(191, 107, 82, 0.496094); \">El promocional no fue un \u201cretuit\u201d del dirigente, sino que fue escrito como \u201coriginal\u201d, por lo tanto no fue un \u00aberror\u00bb de dedo, sino que presuntamente fue escrito deliberadamente.<\/div>\n<div style=\"font-family: Noteworthy; font-size: 18px; font-weight: bold; line-height: 24px; -webkit-tap-highlight-color: rgba(26, 26, 26, 0.296875); -webkit-composition-fill-color: rgba(130, 98, 83, 0.0976563); -webkit-composition-frame-color: rgba(191, 107, 82, 0.496094); \">Las dudas de los internautas sobre lo sucedido se acrecentaron de inmediato, cuando el tuit 5391 fue borrado a los pocos instantes &nbsp;de la cuenta del dirigente pri\u00edsta.<\/div>\n<div style=\"font-family: Noteworthy; font-size: 18px; font-weight: bold; line-height: 24px; -webkit-tap-highlight-color: rgba(26, 26, 26, 0.296875); -webkit-composition-fill-color: rgba(130, 98, 83, 0.0976563); -webkit-composition-frame-color: rgba(191, 107, 82, 0.496094); \">No hubo explicaci\u00f3n de por medio, por lo que primero se crey\u00f3 que hab\u00eda sido \u00abhackeada\u00bb, pero Carlos Pav\u00f3n nunca dijo que fuera as\u00ed y, por el contrario, continu\u00f3 publicando sus tuits a la ma\u00f1ana siguiente, como si nada hubiera sucedido.<\/div>\n<div style=\"font-family: Noteworthy; font-size: 18px; font-weight: bold; line-height: 24px; -webkit-tap-highlight-color: rgba(26, 26, 26, 0.296875); -webkit-composition-fill-color: rgba(130, 98, 83, 0.0976563); -webkit-composition-frame-color: rgba(191, 107, 82, 0.496094); \">Entre las sospechas de los que documentaron lo sucedido figura la posibilidad de que Carlos Pav\u00f3n sea uno de los operadores an\u00f3nimos de la popular cuenta \u201cantigobiernista\u201d @retenesmerida y @retioMID, que tantos dolores de cabeza han dado a los gobiernos locales.<\/div>\n<div style=\"font-family: Noteworthy; font-size: 18px; font-weight: bold; line-height: 24px; -webkit-tap-highlight-color: rgba(26, 26, 26, 0.296875); -webkit-composition-fill-color: rgba(130, 98, 83, 0.0976563); -webkit-composition-frame-color: rgba(191, 107, 82, 0.496094); \">Esto ser\u00eda algo extra\u00f1o, toda vez que las publicaciones de esta cuenta han sido en su mayor\u00eda contra la polic\u00eda estatal, dependiente del gobierno del Estado, que en las \u00faltima dos administraciones han sido emanados del PRI, partido del que hoy es dirigente Pav\u00f3n Flores.<\/div>\n<div style=\"font-family: Noteworthy; font-size: 18px; font-weight: bold; line-height: 24px; -webkit-tap-highlight-color: rgba(26, 26, 26, 0.296875); -webkit-composition-fill-color: rgba(130, 98, 83, 0.0976563); -webkit-composition-frame-color: rgba(191, 107, 82, 0.496094); \">Seg\u00fan los &nbsp;\u00abespeculadores\u00bb, Carlos Pav\u00f3n se equivoc\u00f3 de cuenta y us\u00f3 la suya para publicar lo que quer\u00eda poner en la otra.<\/div>\n<div style=\"font-family: Noteworthy; font-size: 18px; font-weight: bold; line-height: 24px; -webkit-tap-highlight-color: rgba(26, 26, 26, 0.296875); -webkit-composition-fill-color: rgba(130, 98, 83, 0.0976563); -webkit-composition-frame-color: rgba(191, 107, 82, 0.496094); \">Sin embargo, en una explicaci\u00f3n m\u00e1s l\u00f3gica, otros internautas se\u00f1alaron que el tuit fue lanzado autom\u00e1ticamente cuando Carlos Pav\u00f3n baj\u00f3 la aplicaci\u00f3n y la instal\u00f3 para usarla, ya que esa noche comenz\u00f3 a seguir la cuenta de @retioYUC, otra filial de @retenesmerida.<\/div>\n<div style=\"font-family: Noteworthy; font-size: 18px; font-weight: bold; line-height: 24px; -webkit-tap-highlight-color: rgba(26, 26, 26, 0.296875); -webkit-composition-fill-color: rgba(130, 98, 83, 0.0976563); -webkit-composition-frame-color: rgba(191, 107, 82, 0.496094); \">De acuerdo con esto, por su poca experiencia en redes sociales y la falta de un asesor especializado, Carlos Pav\u00f3n desconoc\u00eda que al instalar la aplicaci\u00f3n publicar\u00eda un \u00abtuit\u00bb en autom\u00e1tico y que para su mala fortuna \u00e9ste ser\u00eda un mensaje \u00abantigobiernista\u00bb.<\/div>\n<div style=\"font-family: Noteworthy; font-size: 18px; font-weight: bold; line-height: 24px; -webkit-tap-highlight-color: rgba(26, 26, 26, 0.296875); -webkit-composition-fill-color: rgba(130, 98, 83, 0.0976563); -webkit-composition-frame-color: rgba(191, 107, 82, 0.496094); \">A\u00fan as\u00ed, consideraron que no debi\u00f3 bajar la App sabiendo que ese canal es \u00abenemigo\u00bb del gobierno, pues que se prestar\u00eda a malos entendidos, como finalmente sucedi\u00f3.<\/div>\n<div style=\"font-family: Noteworthy; font-size: 18px; font-weight: bold; line-height: 24px; -webkit-tap-highlight-color: rgba(26, 26, 26, 0.296875); -webkit-composition-fill-color: rgba(130, 98, 83, 0.0976563); -webkit-composition-frame-color: rgba(191, 107, 82, 0.496094); \">Otras posibilidades, menos probables, &nbsp;sobre lo sucedido indican que el dirigente &nbsp;encarg\u00f3 &nbsp;la operaci\u00f3n de su cuenta a una tercera persona o empresa y que de ella haya sido la \u201cequivocaci\u00f3n\u201d, aunque por el contenido de sus mensajes en Twitter se desprende con facilidad que \u00e9l la \u00f3pera personalmente.<\/div>\n<div style=\"font-family: Noteworthy; font-size: 18px; font-weight: bold; line-height: 24px; -webkit-tap-highlight-color: rgba(26, 26, 26, 0.296875); -webkit-composition-fill-color: rgba(130, 98, 83, 0.0976563); -webkit-composition-frame-color: rgba(191, 107, 82, 0.496094); \">Pese a que en este portal se le cuestion\u00f3, tambi\u00e9n a trav\u00e9s de Twitter, sobre lo sucedido, el presidente del PRI no respondi\u00f3, por lo que sucedi\u00f3.<\/div>\n<div style=\"font-family: Noteworthy; font-size: 18px; font-weight: bold; line-height: 24px; -webkit-tap-highlight-color: rgba(26, 26, 26, 0.296875); -webkit-composition-fill-color: rgba(130, 98, 83, 0.0976563); -webkit-composition-frame-color: rgba(191, 107, 82, 0.496094); \">Es muy probable que lo sucedido tenga una explicaci\u00f3n l\u00f3gica, como el que el \u00abtuit\u00bb se haya publicado \u00aben autom\u00e1tico\u00bb al bajar la App de @RetioYUC, pero mientras el dirigente no lo aclare, &nbsp;continuaran las dudas y especulaciones de&nbsp;lo que hay detr\u00e1s de esto.<\/div>\n<div style=\"font-family: Noteworthy; font-size: 18px; font-weight: bold; line-height: 24px; -webkit-tap-highlight-color: rgba(26, 26, 26, 0.296875); -webkit-composition-fill-color: rgba(130, 98, 83, 0.0976563); -webkit-composition-frame-color: rgba(191, 107, 82, 0.496094); \">&nbsp;Estaremos pendientes para saber qu\u00e9 sucedi\u00f3 con este asunto.<\/div>\n<div style=\"font-family: Noteworthy; font-size: 18px; font-weight: bold; line-height: 24px; -webkit-tap-highlight-color: rgba(26, 26, 26, 0.296875); -webkit-composition-fill-color: rgba(130, 98, 83, 0.0976563); -webkit-composition-frame-color: rgba(191, 107, 82, 0.496094); \">En la primera fotograf\u00eda de las tres que acompa\u00f1an esta informaci\u00f3n aparece el \u00abtuit\u00bb inc\u00f3modo, en la segunda el mensaje promocional de @retioMID &nbsp;y en la tercera se aprecia que el \u00abtuit inc\u00f3modo\u00bb ya no existe en los registros.<\/div>\n<div style=\"font-family: Noteworthy; font-size: 18px; font-weight: bold; line-height: 24px; -webkit-tap-highlight-color: rgba(26, 26, 26, 0.296875); -webkit-composition-fill-color: rgba(130, 98, 83, 0.0976563); -webkit-composition-frame-color: rgba(191, 107, 82, 0.496094); \"><\/p>\n<div class=\"separator\" style=\"clear: both;\"><a href=\"https:\/\/lh3.googleusercontent.com\/-NiwAe697z48\/Uzz7PA3-68I\/AAAAAAAAgAk\/7C6j6lmWT94\/s640\/blogger-image-558958789.jpg\" imageanchor=\"1\" style=\"margin-left: 1em; margin-right: 1em;\"><img decoding=\"async\" border=\"0\" src=\"https:\/\/lh3.googleusercontent.com\/-NiwAe697z48\/Uzz7PA3-68I\/AAAAAAAAgAk\/7C6j6lmWT94\/s640\/blogger-image-558958789.jpg\"><\/a><\/div>\n<div class=\"separator\" style=\"clear: both;\"><a href=\"https:\/\/lh3.googleusercontent.com\/-HurD28mjP3E\/Uzz7HbjFm_I\/AAAAAAAAgAc\/_VOhOLGQTMs\/s640\/blogger-image--815908793.jpg\" imageanchor=\"1\" style=\"margin-left: 1em; margin-right: 1em;\"><img decoding=\"async\" border=\"0\" src=\"https:\/\/lh3.googleusercontent.com\/-HurD28mjP3E\/Uzz7HbjFm_I\/AAAAAAAAgAc\/_VOhOLGQTMs\/s640\/blogger-image--815908793.jpg\"><\/a><\/div>\n<div class=\"separator\" style=\"clear: both;\"><\/div>\n<\/div>\n","protected":false},"excerpt":{"rendered":"<p>DESDE LA CARCEL (columna de opini\u00f3n y trascendidos) M\u00e9rida, Yucat\u00e1n, a 3 de abril de 2014. Luego de unas semanas de ausencia, aqu\u00ed estamos nuevamente escribiendo \u00abDesde la C\u00e1rcel\u00bb enter\u00e1ndonos<\/p>\n","protected":false},"author":1,"featured_media":16983,"comment_status":"open","ping_status":"open","sticky":false,"template":"","format":"standard","meta":{"jetpack_post_was_ever_published":false,"_jetpack_newsletter_access":"","_jetpack_dont_email_post_to_subs":false,"_jetpack_newsletter_tier_id":0,"_jetpack_memberships_contains_paywalled_content":false,"_jetpack_memberships_contains_paid_content":false,"footnotes":"","jetpack_publicize_message":"","jetpack_publicize_feature_enabled":true,"jetpack_social_post_already_shared":false,"jetpack_social_options":{"image_generator_settings":{"template":"highway","default_image_id":0,"font":"","enabled":false},"version":2}},"categories":[17,1,49],"tags":[],"class_list":["post-3436","post","type-post","status-publish","format-standard","has-post-thumbnail","hentry","category-politica-y-gobierno","category-sin-categoria","category-tocho-morocho"],"jetpack_publicize_connections":[],"jetpack_featured_media_url":"https:\/\/formalprision.com\/wp-content\/uploads\/2014\/04\/blogger-image-1642911227.jpg","jetpack_sharing_enabled":true,"jetpack_shortlink":"https:\/\/wp.me\/p6id8p-Tq","_links":{"self":[{"href":"https:\/\/formalprision.com\/index.php?rest_route=\/wp\/v2\/posts\/3436","targetHints":{"allow":["GET"]}}],"collection":[{"href":"https:\/\/formalprision.com\/index.php?rest_route=\/wp\/v2\/posts"}],"about":[{"href":"https:\/\/formalprision.com\/index.php?rest_route=\/wp\/v2\/types\/post"}],"author":[{"embeddable":true,"href":"https:\/\/formalprision.com\/index.php?rest_route=\/wp\/v2\/users\/1"}],"replies":[{"embeddable":true,"href":"https:\/\/formalprision.com\/index.php?rest_route=%2Fwp%2Fv2%2Fcomments&post=3436"}],"version-history":[{"count":0,"href":"https:\/\/formalprision.com\/index.php?rest_route=\/wp\/v2\/posts\/3436\/revisions"}],"wp:featuredmedia":[{"embeddable":true,"href":"https:\/\/formalprision.com\/index.php?rest_route=\/wp\/v2\/media\/16983"}],"wp:attachment":[{"href":"https:\/\/formalprision.com\/index.php?rest_route=%2Fwp%2Fv2%2Fmedia&parent=3436"}],"wp:term":[{"taxonomy":"category","embeddable":true,"href":"https:\/\/formalprision.com\/index.php?rest_route=%2Fwp%2Fv2%2Fcategories&post=3436"},{"taxonomy":"post_tag","embeddable":true,"href":"https:\/\/formalprision.com\/index.php?rest_route=%2Fwp%2Fv2%2Ftags&post=3436"}],"curies":[{"name":"wp","href":"https:\/\/api.w.org\/{rel}","templated":true}]}}