{"id":3439,"date":"2014-04-03T00:11:00","date_gmt":"2014-04-03T00:11:00","guid":{"rendered":"http:\/\/formalprision.info\/2014\/04\/03\/promueven-creacion-del-centro-de\/"},"modified":"2015-06-03T08:38:58","modified_gmt":"2015-06-03T08:38:58","slug":"promueven-creacion-del-centro-de","status":"publish","type":"post","link":"https:\/\/formalprision.com\/?p=3439","title":{"rendered":"Promueven creaci\u00f3n del Centro de Innovaci\u00f3n y Desarrollo de la Moda en\nla entidad"},"content":{"rendered":"<div style=\"font-family: Noteworthy; font-size: 18px; font-weight: bold; line-height: 24px; -webkit-tap-highlight-color: rgba(26, 26, 26, 0.296875); -webkit-composition-fill-color: rgba(130, 98, 83, 0.0976563); -webkit-composition-frame-color: rgba(191, 107, 82, 0.496094); \">M\u00e9rida, Yucat\u00e1n, 2 de abril de 2014.- Yucat\u00e1n podr\u00eda contar en breve con un&nbsp;Centro de Innovaci\u00f3n y Desarrollo de la Moda, que permitir\u00e1 incrementar la&nbsp;competitividad y dise\u00f1o de los productos yucatecos para impulsar su&nbsp;comercializaci\u00f3n en el mercado nacional e internacional, informaron&nbsp;empresarios de la industria del vestido del estado.<\/div>\n<div style=\"font-family: Noteworthy; font-size: 18px; font-weight: bold; line-height: 24px; -webkit-tap-highlight-color: rgba(26, 26, 26, 0.296875); -webkit-composition-fill-color: rgba(130, 98, 83, 0.0976563); -webkit-composition-frame-color: rgba(191, 107, 82, 0.496094); \">El Gobernador Rolando Zapata Bello se reuni\u00f3 con los integrantes de la nueva&nbsp;directiva de la C\u00e1mara Nacional de la Industria del Vestido (CANAIVE),&nbsp;encabezada por Reynaldo Perdomo Castellanos, quienes refrendaron el&nbsp;compromiso de continuar trabajando en el fortalecimiento de este sector a&nbsp;fin de seguir generando empleos para los yucatecos.<\/div>\n<div style=\"font-family: Noteworthy; font-size: 18px; font-weight: bold; line-height: 24px; -webkit-tap-highlight-color: rgba(26, 26, 26, 0.296875); -webkit-composition-fill-color: rgba(130, 98, 83, 0.0976563); -webkit-composition-frame-color: rgba(191, 107, 82, 0.496094); \">El nuevo presidente de la CANAIVE destac\u00f3 que hoy en d\u00eda la industria del&nbsp;vestido necesita desarrollar m\u00e1s infraestructura tanto a nivel de dise\u00f1o de&nbsp;productos como de procesos que le permitan al estado incursionar en otros&nbsp;mercados del mundo, de ah\u00ed la necesidad de crear el Centro de Innovaci\u00f3n yDesarrollo de la Moda.<\/div>\n<div style=\"font-family: Noteworthy; font-size: 18px; font-weight: bold; line-height: 24px; -webkit-tap-highlight-color: rgba(26, 26, 26, 0.296875); -webkit-composition-fill-color: rgba(130, 98, 83, 0.0976563); -webkit-composition-frame-color: rgba(191, 107, 82, 0.496094); \">Dicho espacio, se\u00f1al\u00f3, ser\u00eda una extensi\u00f3n del centro nacional que se&nbsp;encuentra en Pachuca, y combinar\u00eda todos los aspectos relacionados con la&nbsp;moda desde el dise\u00f1o de accesorios, zapatos, bolsos y dem\u00e1s productos que puedan&nbsp;consolidarnos no s\u00f3lo como la capital de la guayabera, sino de la&nbsp;industria del vestido en todo el pa\u00eds.<\/div>\n<div style=\"font-family: Noteworthy; font-size: 18px; font-weight: bold; line-height: 24px; -webkit-tap-highlight-color: rgba(26, 26, 26, 0.296875); -webkit-composition-fill-color: rgba(130, 98, 83, 0.0976563); -webkit-composition-frame-color: rgba(191, 107, 82, 0.496094); \">En evento celebrado en el Sal\u00f3n de los Retratos del Palacio de Gobierno, el&nbsp;titular del Poder Ejecutivo asegur\u00f3 que es necesario incrementar el valor&nbsp;agregado del producto local y qu\u00e9 mejor que un centro que detone el&nbsp;potencial de la mano de obra yucateca.<\/div>\n<div style=\"font-family: Noteworthy; font-size: 18px; font-weight: bold; line-height: 24px; -webkit-tap-highlight-color: rgba(26, 26, 26, 0.296875); -webkit-composition-fill-color: rgba(130, 98, 83, 0.0976563); -webkit-composition-frame-color: rgba(191, 107, 82, 0.496094); \">\u201cSin duda es muy importante apostarle a espacios como \u00e9ste que consideren a&nbsp;la industria del vestido como un sector estrat\u00e9gico en el estado, pero si&nbsp;queremos que esto sea posible debemos trabajar de manera coordinada y seguir&nbsp;apost\u00e1ndole a la capacitaci\u00f3n, la innovaci\u00f3n y la competitividad, y para&nbsp;ello cuentan con todo el apoyo del Gobierno del Estado\u201d, enfatiz\u00f3. &nbsp;<\/div>\n<div style=\"font-family: Noteworthy; font-size: 18px; font-weight: bold; line-height: 24px; -webkit-tap-highlight-color: rgba(26, 26, 26, 0.296875); -webkit-composition-fill-color: rgba(130, 98, 83, 0.0976563); -webkit-composition-frame-color: rgba(191, 107, 82, 0.496094); \">En su turno, el ex dirigente de la CANAIVE, Carlos Worbis Rosado, reconoci\u00f3&nbsp;el apoyo que las autoridades estatales han ofrecido a trav\u00e9s de diversos&nbsp;esquemas de financiamiento y recientemente del programa Bienestar Escolar,&nbsp;el cual permiti\u00f3 que los afiliados a la C\u00e1mara pudieran confeccionar las&nbsp;chamarras, mochilas y uniformes que recibieron los estudiantes.<\/div>\n<div style=\"font-family: Noteworthy; font-size: 18px; font-weight: bold; line-height: 24px; -webkit-tap-highlight-color: rgba(26, 26, 26, 0.296875); -webkit-composition-fill-color: rgba(130, 98, 83, 0.0976563); -webkit-composition-frame-color: rgba(191, 107, 82, 0.496094); \">En ese sentido, Worbis Rosado subray\u00f3 que gracias a esta sinergia entre&nbsp;empresarios y autoridades, Yucat\u00e1n ha sido considerado como ejemplo a nivel&nbsp;nacional e incluso estados como Jalisco y Guanajuato ya han replicado esta&nbsp;estrategia. &nbsp;<\/div>\n<div style=\"font-family: Noteworthy; font-size: 18px; font-weight: bold; line-height: 24px; -webkit-tap-highlight-color: rgba(26, 26, 26, 0.296875); -webkit-composition-fill-color: rgba(130, 98, 83, 0.0976563); -webkit-composition-frame-color: rgba(191, 107, 82, 0.496094); \">Actualmente la industria del vestido en Yucat\u00e1n ofrece empleo a 13 mil&nbsp;personas de las cuales el 70 por ciento son del interior del estado<\/p>\n<div class=\"separator\" style=\"clear: both;\"><a href=\"https:\/\/lh6.googleusercontent.com\/-QqRova53qSY\/UzynQKANB0I\/AAAAAAAAf_s\/Lyzd3kdbPz0\/s640\/blogger-image--1847071089.jpg\" imageanchor=\"1\" style=\"margin-left: 1em; margin-right: 1em;\"><img decoding=\"async\" border=\"0\" src=\"https:\/\/lh6.googleusercontent.com\/-QqRova53qSY\/UzynQKANB0I\/AAAAAAAAf_s\/Lyzd3kdbPz0\/s640\/blogger-image--1847071089.jpg\"><\/a><\/div>\n<\/div>\n","protected":false},"excerpt":{"rendered":"<p>M\u00e9rida, Yucat\u00e1n, 2 de abril de 2014.- Yucat\u00e1n podr\u00eda contar en breve con un&nbsp;Centro de Innovaci\u00f3n y Desarrollo de la Moda, que permitir\u00e1 incrementar la&nbsp;competitividad y dise\u00f1o de los productos<\/p>\n","protected":false},"author":1,"featured_media":16989,"comment_status":"open","ping_status":"open","sticky":false,"template":"","format":"standard","meta":{"jetpack_post_was_ever_published":false,"_jetpack_newsletter_access":"","_jetpack_dont_email_post_to_subs":false,"_jetpack_newsletter_tier_id":0,"_jetpack_memberships_contains_paywalled_content":false,"_jetpack_memberships_contains_paid_content":false,"footnotes":"","jetpack_publicize_message":"","jetpack_publicize_feature_enabled":true,"jetpack_social_post_already_shared":false,"jetpack_social_options":{"image_generator_settings":{"template":"highway","default_image_id":0,"font":"","enabled":false},"version":2}},"categories":[17,1],"tags":[],"class_list":["post-3439","post","type-post","status-publish","format-standard","has-post-thumbnail","hentry","category-politica-y-gobierno","category-sin-categoria"],"jetpack_publicize_connections":[],"jetpack_featured_media_url":"https:\/\/formalprision.com\/wp-content\/uploads\/2014\/04\/blogger-image-1847071089.jpg","jetpack_sharing_enabled":true,"jetpack_shortlink":"https:\/\/wp.me\/p6id8p-Tt","_links":{"self":[{"href":"https:\/\/formalprision.com\/index.php?rest_route=\/wp\/v2\/posts\/3439","targetHints":{"allow":["GET"]}}],"collection":[{"href":"https:\/\/formalprision.com\/index.php?rest_route=\/wp\/v2\/posts"}],"about":[{"href":"https:\/\/formalprision.com\/index.php?rest_route=\/wp\/v2\/types\/post"}],"author":[{"embeddable":true,"href":"https:\/\/formalprision.com\/index.php?rest_route=\/wp\/v2\/users\/1"}],"replies":[{"embeddable":true,"href":"https:\/\/formalprision.com\/index.php?rest_route=%2Fwp%2Fv2%2Fcomments&post=3439"}],"version-history":[{"count":0,"href":"https:\/\/formalprision.com\/index.php?rest_route=\/wp\/v2\/posts\/3439\/revisions"}],"wp:featuredmedia":[{"embeddable":true,"href":"https:\/\/formalprision.com\/index.php?rest_route=\/wp\/v2\/media\/16989"}],"wp:attachment":[{"href":"https:\/\/formalprision.com\/index.php?rest_route=%2Fwp%2Fv2%2Fmedia&parent=3439"}],"wp:term":[{"taxonomy":"category","embeddable":true,"href":"https:\/\/formalprision.com\/index.php?rest_route=%2Fwp%2Fv2%2Fcategories&post=3439"},{"taxonomy":"post_tag","embeddable":true,"href":"https:\/\/formalprision.com\/index.php?rest_route=%2Fwp%2Fv2%2Ftags&post=3439"}],"curies":[{"name":"wp","href":"https:\/\/api.w.org\/{rel}","templated":true}]}}