{"id":3561,"date":"2014-03-12T05:39:00","date_gmt":"2014-03-12T05:39:00","guid":{"rendered":"http:\/\/formalprision.info\/2014\/03\/12\/mueren-otros-dos-pescadores-que\/"},"modified":"2015-06-03T08:39:28","modified_gmt":"2015-06-03T08:39:28","slug":"mueren-otros-dos-pescadores-que","status":"publish","type":"post","link":"https:\/\/formalprision.com\/?p=3561","title":{"rendered":"Mueren otros dos pescadores que capturaban pepino de mar"},"content":{"rendered":"<div style=\"font-family: Noteworthy; font-size: 18px; font-weight: bold; line-height: 24px; -webkit-tap-highlight-color: rgba(26, 26, 26, 0.296875); -webkit-composition-fill-color: rgba(130, 98, 83, 0.0976563); -webkit-composition-frame-color: rgba(191, 107, 82, 0.496094); \">El Ministerio P\u00fablico report\u00f3 este martes la muerte de otros dos pescadores que buceaban para capturar pepino de mar y se descompresi\u00f3n air\u00f3n.<\/div>\n<div style=\"font-family: Noteworthy; font-size: 18px; font-weight: bold; line-height: 24px; -webkit-tap-highlight-color: rgba(26, 26, 26, 0.296875); -webkit-composition-fill-color: rgba(130, 98, 83, 0.0976563); -webkit-composition-frame-color: rgba(191, 107, 82, 0.496094); \">El primer deceso ocurri\u00f3 a las&nbsp;09:20 horas, en la Cl\u00ednica de M\u00e9rida, donde atend\u00edan a Jos\u00e9 Manuel Pinz\u00f3n Zapata, de 36 a\u00f1os de edad y oriundo de Celest\u00fan<\/div>\n<div style=\"font-family: Noteworthy; font-size: 18px; font-weight: bold; line-height: 24px; -webkit-tap-highlight-color: rgba(26, 26, 26, 0.296875); -webkit-composition-fill-color: rgba(130, 98, 83, 0.0976563); -webkit-composition-frame-color: rgba(191, 107, 82, 0.496094); \">El cuerpo fue identificado por su padre Manuel Jes\u00fas, quien se\u00f1al\u00f3 que el lunes a las siete de la ma\u00f1ana salieron a bucear a una profundidad de siete brazas en el puerto de Dzilam de Bravo, cuando Jos\u00e9 Manuel sufri\u00f3 una descompresi\u00f3n, siendo trasladado al referido nosocomio, pero muri\u00f3 despu\u00e9s por embolia gaseosa&nbsp;por descompresi\u00f3n.<\/div>\n<div style=\"font-family: Noteworthy; font-size: 18px; font-weight: bold; line-height: 24px; -webkit-tap-highlight-color: rgba(26, 26, 26, 0.296875); -webkit-composition-fill-color: rgba(130, 98, 83, 0.0976563); -webkit-composition-frame-color: rgba(191, 107, 82, 0.496094); \">El otro deceso tuvo lugar en el puerto de Las Coloradas y la v\u00edctima fue identificada como H\u00e9ctor Obando Hern\u00e1ndez, de &nbsp;28 a\u00f1os de edad y quien era vecino de Rancho Viejo, Canc\u00fan, Quintana Roo.&nbsp;<\/div>\n<div style=\"font-family: Noteworthy; font-size: 18px; font-weight: bold; line-height: 24px; -webkit-tap-highlight-color: rgba(26, 26, 26, 0.296875); -webkit-composition-fill-color: rgba(130, 98, 83, 0.0976563); -webkit-composition-frame-color: rgba(191, 107, 82, 0.496094); \">El cuerpo fue identificado por su padre Eddy Ovando, quien dijo que eran cerca de las 05:30 horas de este martes cuando salieron a pescar a bordo de la embarcaci\u00f3n de nombre \u201cAquiles 3\u201d .<\/div>\n<div style=\"font-family: Noteworthy; font-size: 18px; font-weight: bold; line-height: 24px; -webkit-tap-highlight-color: rgba(26, 26, 26, 0.296875); -webkit-composition-fill-color: rgba(130, 98, 83, 0.0976563); -webkit-composition-frame-color: rgba(191, 107, 82, 0.496094); \">Estaban buceando a 10 brazas cuando a su hijo le falt\u00f3 el aire, falleciendo momentos despu\u00e9s debido a una embolia gaseosa por descompresi\u00f3n.<\/p>\n<div class=\"separator\" style=\"clear: both;\"><a href=\"https:\/\/lh4.googleusercontent.com\/-VhIiHwhJl00\/Ux_zFnQaW1I\/AAAAAAAAfgs\/AQ7Zal2LxoA\/s640\/blogger-image--1959226547.jpg\" imageanchor=\"1\" style=\"margin-left: 1em; margin-right: 1em;\"><img decoding=\"async\" border=\"0\" src=\"https:\/\/lh4.googleusercontent.com\/-VhIiHwhJl00\/Ux_zFnQaW1I\/AAAAAAAAfgs\/AQ7Zal2LxoA\/s640\/blogger-image--1959226547.jpg\"><\/a><\/div>\n<\/div>\n","protected":false},"excerpt":{"rendered":"<p>El Ministerio P\u00fablico report\u00f3 este martes la muerte de otros dos pescadores que buceaban para capturar pepino de mar y se descompresi\u00f3n air\u00f3n. El primer deceso ocurri\u00f3 a las&nbsp;09:20 horas,<\/p>\n","protected":false},"author":1,"featured_media":17232,"comment_status":"open","ping_status":"open","sticky":false,"template":"","format":"standard","meta":{"jetpack_post_was_ever_published":false,"_jetpack_newsletter_access":"","_jetpack_dont_email_post_to_subs":false,"_jetpack_newsletter_tier_id":0,"_jetpack_memberships_contains_paywalled_content":false,"_jetpack_memberships_contains_paid_content":false,"footnotes":"","jetpack_publicize_message":"","jetpack_publicize_feature_enabled":true,"jetpack_social_post_already_shared":false,"jetpack_social_options":{"image_generator_settings":{"template":"highway","default_image_id":0,"font":"","enabled":false},"version":2}},"categories":[7,3,1],"tags":[],"class_list":["post-3561","post","type-post","status-publish","format-standard","has-post-thumbnail","hentry","category-breves","category-portada","category-sin-categoria"],"jetpack_publicize_connections":[],"jetpack_featured_media_url":"https:\/\/formalprision.com\/wp-content\/uploads\/2014\/03\/blogger-image-1959226547.jpg","jetpack_sharing_enabled":true,"jetpack_shortlink":"https:\/\/wp.me\/p6id8p-Vr","_links":{"self":[{"href":"https:\/\/formalprision.com\/index.php?rest_route=\/wp\/v2\/posts\/3561","targetHints":{"allow":["GET"]}}],"collection":[{"href":"https:\/\/formalprision.com\/index.php?rest_route=\/wp\/v2\/posts"}],"about":[{"href":"https:\/\/formalprision.com\/index.php?rest_route=\/wp\/v2\/types\/post"}],"author":[{"embeddable":true,"href":"https:\/\/formalprision.com\/index.php?rest_route=\/wp\/v2\/users\/1"}],"replies":[{"embeddable":true,"href":"https:\/\/formalprision.com\/index.php?rest_route=%2Fwp%2Fv2%2Fcomments&post=3561"}],"version-history":[{"count":0,"href":"https:\/\/formalprision.com\/index.php?rest_route=\/wp\/v2\/posts\/3561\/revisions"}],"wp:featuredmedia":[{"embeddable":true,"href":"https:\/\/formalprision.com\/index.php?rest_route=\/wp\/v2\/media\/17232"}],"wp:attachment":[{"href":"https:\/\/formalprision.com\/index.php?rest_route=%2Fwp%2Fv2%2Fmedia&parent=3561"}],"wp:term":[{"taxonomy":"category","embeddable":true,"href":"https:\/\/formalprision.com\/index.php?rest_route=%2Fwp%2Fv2%2Fcategories&post=3561"},{"taxonomy":"post_tag","embeddable":true,"href":"https:\/\/formalprision.com\/index.php?rest_route=%2Fwp%2Fv2%2Ftags&post=3561"}],"curies":[{"name":"wp","href":"https:\/\/api.w.org\/{rel}","templated":true}]}}