{"id":3567,"date":"2014-03-11T22:07:00","date_gmt":"2014-03-11T22:07:00","guid":{"rendered":"http:\/\/formalprision.info\/2014\/03\/11\/entregan-silla-de-ruedas-y-una-protesis\/"},"modified":"2015-06-03T08:39:29","modified_gmt":"2015-06-03T08:39:29","slug":"entregan-silla-de-ruedas-y-una-protesis","status":"publish","type":"post","link":"https:\/\/formalprision.com\/?p=3567","title":{"rendered":"Entregan silla de ruedas y una pr\u00f3tesis a polic\u00edas y sus familias"},"content":{"rendered":"<div style=\"font-family: Noteworthy; font-size: 18px; font-weight: bold; line-height: 24px; -webkit-tap-highlight-color: rgba(26, 26, 26, 0.296875); -webkit-composition-fill-color: rgba(130, 98, 83, 0.0976563); -webkit-composition-frame-color: rgba(191, 107, 82, 0.496094); \">M\u00e9rida, Yucat\u00e1n, 11 de marzo de 2014.- Cumpliendo con la labor de apoyar a&nbsp;las familias del personal operativo y administrativo de la Secretar\u00eda de&nbsp;Seguridad P\u00fablica (SSP), la presidenta del Patronato Pro-Hijo del Polic\u00eda,&nbsp;Mar\u00eda Ang\u00e9lica Fern\u00e1ndez de Said\u00e9n, entreg\u00f3 dos sillas de ruedas y una&nbsp;pr\u00f3tesis de pierna izquierda.<\/div>\n<div style=\"font-family: Noteworthy; font-size: 18px; font-weight: bold; line-height: 24px; -webkit-tap-highlight-color: rgba(26, 26, 26, 0.296875); -webkit-composition-fill-color: rgba(130, 98, 83, 0.0976563); -webkit-composition-frame-color: rgba(191, 107, 82, 0.496094); \">Fue el polic\u00eda primero Cruz S\u00e1nchez Uc, con 20 a\u00f1os de antig\u00fcedad, quien&nbsp;recibi\u00f3 la extremidad artificial, ya que perdi\u00f3 una de sus piernas a causa&nbsp;de la diabetes que padece.<\/div>\n<div style=\"font-family: Noteworthy; font-size: 18px; font-weight: bold; line-height: 24px; -webkit-tap-highlight-color: rgba(26, 26, 26, 0.296875); -webkit-composition-fill-color: rgba(130, 98, 83, 0.0976563); -webkit-composition-frame-color: rgba(191, 107, 82, 0.496094); \">Otro de los beneficiarios fue el joven Jes\u00fas Arturo Gorgonio Poot, quien&nbsp;naci\u00f3 con hidrocefalia cong\u00e9nita y el cual recibi\u00f3 una silla de ruedas para&nbsp;que sus familiares puedan transportarlo c\u00f3modamente. Su padre es el segundo&nbsp;oficial Juan Gorgonio Cruz, con 14 a\u00f1os de servicio en la Polic\u00eda Estatal.<\/div>\n<div style=\"font-family: Noteworthy; font-size: 18px; font-weight: bold; line-height: 24px; -webkit-tap-highlight-color: rgba(26, 26, 26, 0.296875); -webkit-composition-fill-color: rgba(130, 98, 83, 0.0976563); -webkit-composition-frame-color: rgba(191, 107, 82, 0.496094); \">Finalmente, tambi\u00e9n recibi\u00f3 una silla de ruedas Eraclio G\u00f3mez Naranjo,&nbsp;adscrito al Departamento de Servicios Generales. El trabajador tuvo un&nbsp;accidente con su motocicleta y sufri\u00f3 rotura de cadera.<\/div>\n<div style=\"font-family: Noteworthy; font-size: 18px; font-weight: bold; line-height: 24px; -webkit-tap-highlight-color: rgba(26, 26, 26, 0.296875); -webkit-composition-fill-color: rgba(130, 98, 83, 0.0976563); -webkit-composition-frame-color: rgba(191, 107, 82, 0.496094); \">Cada uno de ellos, junto con sus familiares, agradeci\u00f3 la atenci\u00f3n que&nbsp;constantemente brinda el Patronato Pro-Hijo del Polic\u00eda.<\/div>\n<div style=\"font-family: Noteworthy; font-size: 18px; font-weight: bold; line-height: 24px; -webkit-tap-highlight-color: rgba(26, 26, 26, 0.296875); -webkit-composition-fill-color: rgba(130, 98, 83, 0.0976563); -webkit-composition-frame-color: rgba(191, 107, 82, 0.496094); \">La se\u00f1ora Fern\u00e1ndez de Said\u00e9n les dijo que continuar\u00e1 pendiente de sus&nbsp;tratamientos para seguir apoy\u00e1ndolos en lo que requieran para el cuidado de&nbsp;su salud.<\/p>\n<div class=\"separator\" style=\"clear: both;\"><a href=\"https:\/\/lh6.googleusercontent.com\/-nfYBdMfc-MA\/Ux-JJJRWa3I\/AAAAAAAAffE\/8B2YbCKy57s\/s640\/blogger-image-259931512.jpg\" imageanchor=\"1\" style=\"margin-left: 1em; margin-right: 1em;\"><img decoding=\"async\" border=\"0\" src=\"https:\/\/lh6.googleusercontent.com\/-nfYBdMfc-MA\/Ux-JJJRWa3I\/AAAAAAAAffE\/8B2YbCKy57s\/s640\/blogger-image-259931512.jpg\"><\/a><\/div>\n<\/div>\n","protected":false},"excerpt":{"rendered":"<p>M\u00e9rida, Yucat\u00e1n, 11 de marzo de 2014.- Cumpliendo con la labor de apoyar a&nbsp;las familias del personal operativo y administrativo de la Secretar\u00eda de&nbsp;Seguridad P\u00fablica (SSP), la presidenta del Patronato<\/p>\n","protected":false},"author":1,"featured_media":17244,"comment_status":"open","ping_status":"open","sticky":false,"template":"","format":"standard","meta":{"jetpack_post_was_ever_published":false,"_jetpack_newsletter_access":"","_jetpack_dont_email_post_to_subs":false,"_jetpack_newsletter_tier_id":0,"_jetpack_memberships_contains_paywalled_content":false,"_jetpack_memberships_contains_paid_content":false,"footnotes":"","jetpack_publicize_message":"","jetpack_publicize_feature_enabled":true,"jetpack_social_post_already_shared":false,"jetpack_social_options":{"image_generator_settings":{"template":"highway","default_image_id":0,"font":"","enabled":false},"version":2}},"categories":[17,1],"tags":[],"class_list":["post-3567","post","type-post","status-publish","format-standard","has-post-thumbnail","hentry","category-politica-y-gobierno","category-sin-categoria"],"jetpack_publicize_connections":[],"jetpack_featured_media_url":"https:\/\/formalprision.com\/wp-content\/uploads\/2014\/03\/blogger-image-259931512.jpg","jetpack_sharing_enabled":true,"jetpack_shortlink":"https:\/\/wp.me\/p6id8p-Vx","_links":{"self":[{"href":"https:\/\/formalprision.com\/index.php?rest_route=\/wp\/v2\/posts\/3567","targetHints":{"allow":["GET"]}}],"collection":[{"href":"https:\/\/formalprision.com\/index.php?rest_route=\/wp\/v2\/posts"}],"about":[{"href":"https:\/\/formalprision.com\/index.php?rest_route=\/wp\/v2\/types\/post"}],"author":[{"embeddable":true,"href":"https:\/\/formalprision.com\/index.php?rest_route=\/wp\/v2\/users\/1"}],"replies":[{"embeddable":true,"href":"https:\/\/formalprision.com\/index.php?rest_route=%2Fwp%2Fv2%2Fcomments&post=3567"}],"version-history":[{"count":0,"href":"https:\/\/formalprision.com\/index.php?rest_route=\/wp\/v2\/posts\/3567\/revisions"}],"wp:featuredmedia":[{"embeddable":true,"href":"https:\/\/formalprision.com\/index.php?rest_route=\/wp\/v2\/media\/17244"}],"wp:attachment":[{"href":"https:\/\/formalprision.com\/index.php?rest_route=%2Fwp%2Fv2%2Fmedia&parent=3567"}],"wp:term":[{"taxonomy":"category","embeddable":true,"href":"https:\/\/formalprision.com\/index.php?rest_route=%2Fwp%2Fv2%2Fcategories&post=3567"},{"taxonomy":"post_tag","embeddable":true,"href":"https:\/\/formalprision.com\/index.php?rest_route=%2Fwp%2Fv2%2Ftags&post=3567"}],"curies":[{"name":"wp","href":"https:\/\/api.w.org\/{rel}","templated":true}]}}