{"id":3570,"date":"2014-03-11T18:10:00","date_gmt":"2014-03-11T18:10:00","guid":{"rendered":"http:\/\/formalprision.info\/2014\/03\/11\/pantera-otro-narco-que-en-dos-ocasiones\/"},"modified":"2015-06-03T08:39:30","modified_gmt":"2015-06-03T08:39:30","slug":"pantera-otro-narco-que-en-dos-ocasiones","status":"publish","type":"post","link":"https:\/\/formalprision.com\/?p=3570","title":{"rendered":"&quot;El Pantera&quot;, otro narco que &quot;muri\u00f3&quot; en dos ocasiones"},"content":{"rendered":"<div>\n<div style=\"font-family: Noteworthy; font-size: 18px; font-weight: bold; line-height: 24px; -webkit-tap-highlight-color: rgba(26, 26, 26, 0.296875); -webkit-composition-fill-color: rgba(130, 98, 83, 0.0976563); -webkit-composition-frame-color: rgba(191, 107, 82, 0.496094); -webkit-text-size-adjust: auto; \">Pese a que durante la administraci\u00f3n de Felipe Calder\u00f3n se dio por muerto a Nazario Moreno Gonz\u00e1lez (a) \u00abEl Chayo\u00bb, este narcotraficante, l\u00edder fundador de \u00abLa Familia Michoacana\u00bb, estaba vivi, hasta que fue abatido recientemente.<\/div>\n<div>Sin embargo, \u00e9ste no ha sido el \u00fanico narco famoso que ha sido dado por muerto por las autoridades, ya que&nbsp;Francisco Galeana N\u00fa\u00f1ez, de 49 a\u00f1os, conocido en Michoac\u00e1n por ser uno de los l\u00edderes de Los Caballeros Templarios, fue resucitado por el gobierno federal que encabeza Enrique Pe\u00f1a Nieto para despu\u00e9s reportar su muerte en un enfrentamiento en el municipio de Arteaga la noche del jueves.<\/div>\n<\/div>\n<div>\n<div style=\"font-family: Noteworthy; font-size: 18px; font-weight: bold; line-height: 24px; -webkit-tap-highlight-color: rgba(26, 26, 26, 0.296875); -webkit-composition-fill-color: rgba(130, 98, 83, 0.0976563); -webkit-composition-frame-color: rgba(191, 107, 82, 0.496094); \">El Pantera, como se le apoda, construy\u00f3 una carrera delictiva en Michoac\u00e1n. Pertenec\u00eda a Los Caballeros Templarios. Controlaba el tr\u00e1fico de droga y el cobro de extorsiones a empresarios y a productores en los municipios de Apatzing\u00e1n, Uruapan, Gabriel Zamora, Zinacuaretiro, Nuevo Parangaricutiro y Tingambato.<\/div>\n<div style=\"font-family: Noteworthy; font-size: 18px; font-weight: bold; line-height: 24px; -webkit-tap-highlight-color: rgba(26, 26, 26, 0.296875); -webkit-composition-fill-color: rgba(130, 98, 83, 0.0976563); -webkit-composition-frame-color: rgba(191, 107, 82, 0.496094); \">Su apodo hace referencia a los tatuajes en su cuerpo.<\/div>\n<div style=\"font-family: Noteworthy; font-size: 18px; font-weight: bold; line-height: 24px; -webkit-tap-highlight-color: rgba(26, 26, 26, 0.296875); -webkit-composition-fill-color: rgba(130, 98, 83, 0.0976563); -webkit-composition-frame-color: rgba(191, 107, 82, 0.496094); \">Desde 2009, El Pantera estuvo en los registros de las autoridades federales. Ese a\u00f1o fue detenido por militares en el municipio de Apatzing\u00e1n. Los uniformados le marcaron el alto cuando viajaba a bordo de un Cadillac met\u00e1lico, l\u00ednea Escalade, modelo 2007. Iban a revisar la unidad como un movimiento de rutina.<\/div>\n<div style=\"font-family: Noteworthy; font-size: 18px; font-weight: bold; line-height: 24px; -webkit-tap-highlight-color: rgba(26, 26, 26, 0.296875); -webkit-composition-fill-color: rgba(130, 98, 83, 0.0976563); -webkit-composition-frame-color: rgba(191, 107, 82, 0.496094); \">Los soldados encontraron en el Cadillac que manejaba El Pantera: una escopeta calibre .12 mm. con 54 cartuchos \u00fatiles al calibre, una escuadra, calibre .45 mm. con tres cargadores abastecidos con 14 cartuchos \u00fatiles al calibre.<\/div>\n<div style=\"font-family: Noteworthy; font-size: 18px; font-weight: bold; line-height: 24px; -webkit-tap-highlight-color: rgba(26, 26, 26, 0.296875); -webkit-composition-fill-color: rgba(130, 98, 83, 0.0976563); -webkit-composition-frame-color: rgba(191, 107, 82, 0.496094); \">Adem\u00e1s de 5 kilos de metanfetamina, tambi\u00e9n conocida como \u00abcrystal, ice o hielo\u00bb, el equivalente a 50 mil dosis de dicha droga, distribuida en cinco paquetes confeccionados con pl\u00e1stico, listos para su venta y distribuci\u00f3n, y 2 mil 400 d\u00f3lares, inform\u00f3 la Procuradur\u00eda General de la Rep\u00fablica en ese momento.<\/div>\n<div style=\"font-family: Noteworthy; font-size: 18px; font-weight: bold; line-height: 24px; -webkit-tap-highlight-color: rgba(26, 26, 26, 0.296875); -webkit-composition-fill-color: rgba(130, 98, 83, 0.0976563); -webkit-composition-frame-color: rgba(191, 107, 82, 0.496094); \">Fue remitido al penal de Uruapan donde estuvo preso al menos de cuatro a\u00f1os, pero nunca precisaron las autoridades sobre la sentencia o cuando abandon\u00f3 la c\u00e1rcel. E1 10 de abril de 2013 la Comisi\u00f3n Nacional de Seguridad report\u00f3 en un comunicado un enfrentamiento entre templarios y fuerzas federales en el municipio de Gabriel Zamora, en el que supuestamente fue abatido El Pantera. Otros cuatro presuntos templarios murieron en ese ataque armado.<\/div>\n<div style=\"font-family: Noteworthy; font-size: 18px; font-weight: bold; line-height: 24px; -webkit-tap-highlight-color: rgba(26, 26, 26, 0.296875); -webkit-composition-fill-color: rgba(130, 98, 83, 0.0976563); -webkit-composition-frame-color: rgba(191, 107, 82, 0.496094); \">El nombre de El Pantera volvi\u00f3 a llegar a los o\u00eddos del gobierno federal. \u00a1Estaba vivo!<\/div>\n<div style=\"font-family: Noteworthy; font-size: 18px; font-weight: bold; line-height: 24px; -webkit-tap-highlight-color: rgba(26, 26, 26, 0.296875); -webkit-composition-fill-color: rgba(130, 98, 83, 0.0976563); -webkit-composition-frame-color: rgba(191, 107, 82, 0.496094); \">El Sistema Nacional de Seguridad P\u00fablica indic\u00f3 que en operativos pasados Jos\u00e9 Aibar y Nancy Karina Bucio, presuntamente vinculados con El Pantera, dieron informaci\u00f3n que permiti\u00f3 ubicar los recorridos que hac\u00eda el supuesto l\u00edder regional de los templarios.<\/div>\n<div style=\"font-family: Noteworthy; font-size: 18px; font-weight: bold; line-height: 24px; -webkit-tap-highlight-color: rgba(26, 26, 26, 0.296875); -webkit-composition-fill-color: rgba(130, 98, 83, 0.0976563); -webkit-composition-frame-color: rgba(191, 107, 82, 0.496094); \">El 6 de febrero tambi\u00e9n se tuvo noticias de El Pantera, cuando por la madrugada polic\u00edas federales capturaron en el municipio de Uruapan a C\u00e1ndido P\u00e9rez Garc\u00eda, El Chirrin, de 28 a\u00f1os.<\/div>\n<div style=\"font-family: Noteworthy; font-size: 18px; font-weight: bold; line-height: 24px; -webkit-tap-highlight-color: rgba(26, 26, 26, 0.296875); -webkit-composition-fill-color: rgba(130, 98, 83, 0.0976563); -webkit-composition-frame-color: rgba(191, 107, 82, 0.496094); \">C\u00e1ndido P\u00e9rez, compadre de El Pantera, manifest\u00f3 ser el encargado del cobro de extorsiones para Los Templarios en los municipios de Jicalan, Jucutacato, Cusato y Caracuata.<\/div>\n<div style=\"font-family: Noteworthy; font-size: 18px; font-weight: bold; line-height: 24px; -webkit-tap-highlight-color: rgba(26, 26, 26, 0.296875); -webkit-composition-fill-color: rgba(130, 98, 83, 0.0976563); -webkit-composition-frame-color: rgba(191, 107, 82, 0.496094); \">Cuando El Pantera no estaba o se ausentaba, C\u00e1ndido P\u00e9rez se quedaba como \u00abencargado interino\u00bb de la plaza.<\/div>\n<div style=\"font-family: Noteworthy; font-size: 18px; font-weight: bold; line-height: 24px; -webkit-tap-highlight-color: rgba(26, 26, 26, 0.296875); -webkit-composition-fill-color: rgba(130, 98, 83, 0.0976563); -webkit-composition-frame-color: rgba(191, 107, 82, 0.496094); \">El 27 de febrero, polic\u00edas federales le marcaron el alto a dos camionetas que circulaban en la carretera Nueva Italia-L\u00e1zaro C\u00e1rdenas. En una de ellas iba El Pantera.<\/div>\n<div style=\"font-family: Noteworthy; font-size: 18px; font-weight: bold; line-height: 24px; -webkit-tap-highlight-color: rgba(26, 26, 26, 0.296875); -webkit-composition-fill-color: rgba(130, 98, 83, 0.0976563); -webkit-composition-frame-color: rgba(191, 107, 82, 0.496094); \">Ahora s\u00ed, Francisco Galeana N\u00fa\u00f1ez, El Pantera, coordinador regional de Los Caballeros Templarios, fue abatido en un enfrentamiento registrado en el municipio de Arteaga, Michoac\u00e1n, inform\u00f3 el gobierno federal.<\/div>\n<\/div>\n<div>\n<div class=\"separator\" style=\"clear: both;\"><a href=\"https:\/\/lh3.googleusercontent.com\/-IMTNCkpuMao\/Ux9RhoR1ddI\/AAAAAAAAfec\/CZKN-rVF7zA\/s640\/blogger-image--135395646.jpg\" imageanchor=\"1\" style=\"margin-left: 1em; margin-right: 1em;\"><img decoding=\"async\" border=\"0\" src=\"https:\/\/lh3.googleusercontent.com\/-IMTNCkpuMao\/Ux9RhoR1ddI\/AAAAAAAAfec\/CZKN-rVF7zA\/s640\/blogger-image--135395646.jpg\"><\/a><\/div>\n<p><\/div>\n","protected":false},"excerpt":{"rendered":"<p>Pese a que durante la administraci\u00f3n de Felipe Calder\u00f3n se dio por muerto a Nazario Moreno Gonz\u00e1lez (a) \u00abEl Chayo\u00bb, este narcotraficante, l\u00edder fundador de \u00abLa Familia Michoacana\u00bb, estaba vivi,<\/p>\n","protected":false},"author":1,"featured_media":17250,"comment_status":"open","ping_status":"open","sticky":false,"template":"","format":"standard","meta":{"jetpack_post_was_ever_published":false,"_jetpack_newsletter_access":"","_jetpack_dont_email_post_to_subs":false,"_jetpack_newsletter_tier_id":0,"_jetpack_memberships_contains_paywalled_content":false,"_jetpack_memberships_contains_paid_content":false,"footnotes":"","jetpack_publicize_message":"","jetpack_publicize_feature_enabled":true,"jetpack_social_post_already_shared":false,"jetpack_social_options":{"image_generator_settings":{"template":"highway","default_image_id":0,"font":"","enabled":false},"version":2}},"categories":[21,1,49],"tags":[],"class_list":["post-3570","post","type-post","status-publish","format-standard","has-post-thumbnail","hentry","category-nacionales","category-sin-categoria","category-tocho-morocho"],"jetpack_publicize_connections":[],"jetpack_featured_media_url":"https:\/\/formalprision.com\/wp-content\/uploads\/2014\/03\/blogger-image-135395646.jpg","jetpack_sharing_enabled":true,"jetpack_shortlink":"https:\/\/wp.me\/p6id8p-VA","_links":{"self":[{"href":"https:\/\/formalprision.com\/index.php?rest_route=\/wp\/v2\/posts\/3570","targetHints":{"allow":["GET"]}}],"collection":[{"href":"https:\/\/formalprision.com\/index.php?rest_route=\/wp\/v2\/posts"}],"about":[{"href":"https:\/\/formalprision.com\/index.php?rest_route=\/wp\/v2\/types\/post"}],"author":[{"embeddable":true,"href":"https:\/\/formalprision.com\/index.php?rest_route=\/wp\/v2\/users\/1"}],"replies":[{"embeddable":true,"href":"https:\/\/formalprision.com\/index.php?rest_route=%2Fwp%2Fv2%2Fcomments&post=3570"}],"version-history":[{"count":0,"href":"https:\/\/formalprision.com\/index.php?rest_route=\/wp\/v2\/posts\/3570\/revisions"}],"wp:featuredmedia":[{"embeddable":true,"href":"https:\/\/formalprision.com\/index.php?rest_route=\/wp\/v2\/media\/17250"}],"wp:attachment":[{"href":"https:\/\/formalprision.com\/index.php?rest_route=%2Fwp%2Fv2%2Fmedia&parent=3570"}],"wp:term":[{"taxonomy":"category","embeddable":true,"href":"https:\/\/formalprision.com\/index.php?rest_route=%2Fwp%2Fv2%2Fcategories&post=3570"},{"taxonomy":"post_tag","embeddable":true,"href":"https:\/\/formalprision.com\/index.php?rest_route=%2Fwp%2Fv2%2Ftags&post=3570"}],"curies":[{"name":"wp","href":"https:\/\/api.w.org\/{rel}","templated":true}]}}