{"id":3634,"date":"2014-02-27T05:02:00","date_gmt":"2014-02-27T05:02:00","guid":{"rendered":"http:\/\/formalprision.info\/2014\/02\/27\/directiva-de-leones-de-yucatan-le-da-la\/"},"modified":"2015-06-03T08:39:44","modified_gmt":"2015-06-03T08:39:44","slug":"directiva-de-leones-de-yucatan-le-da-la","status":"publish","type":"post","link":"https:\/\/formalprision.com\/?p=3634","title":{"rendered":"Directiva de Leones de Yucat\u00e1n le da la bienvenida a jugadores y cuerpo\nt\u00e9cnico"},"content":{"rendered":"<div style=\"font-family: Noteworthy; font-size: 18px; font-weight: bold; line-height: 24px; -webkit-tap-highlight-color: rgba(26, 26, 26, 0.296875); -webkit-composition-fill-color: rgba(130, 98, 83, 0.0976563); -webkit-composition-frame-color: rgba(191, 107, 82, 0.496094); \">Mazatl\u00e1n, Sin. (leones.mx \/ Mario Serrano) 26 de febrero.- La directiva y todo el cuerpo t\u00e9cnico de los Leones de Yucat\u00e1n, se reunieron la tarde de este mi\u00e9rcoles en el hotel sede de Mazatl\u00e1n para afinar los \u00faltimos detalles del Campamento 2014.<\/div>\n<div style=\"font-family: Noteworthy; font-size: 18px; font-weight: bold; line-height: 24px; -webkit-tap-highlight-color: rgba(26, 26, 26, 0.296875); -webkit-composition-fill-color: rgba(130, 98, 83, 0.0976563); -webkit-composition-frame-color: rgba(191, 107, 82, 0.496094); \">Erick y Juan Jos\u00e9 Arellano le dieron la bienvenida al manager melenudo Mat\u00edas Carrillo y a su equipo de trabajo que buscar\u00e1n regresarle a la afici\u00f3n yucateca un t\u00edtulo m\u00e1s de la Liga Mexicana de Beisbol.<\/div>\n<div style=\"font-family: Noteworthy; font-size: 18px; font-weight: bold; line-height: 24px; -webkit-tap-highlight-color: rgba(26, 26, 26, 0.296875); -webkit-composition-fill-color: rgba(130, 98, 83, 0.0976563); -webkit-composition-frame-color: rgba(191, 107, 82, 0.496094); \">En la reuni\u00f3n en la que se ajustaron los \u00faltimos detalles de la pretemporada que se llevar\u00e1 a cabo en Mazatl\u00e1n y posteriormente en M\u00e9rida, tambi\u00e9n estuvieron el Arq. Gabriel Lozano, Juan Carlos Canizales, Juan Jos\u00e9 Pacho, Luis Arredondo, Eliseo Garz\u00f3n, Juan de Dios Ch\u00e1vez, Santos Hern\u00e1ndez, Daniel Fern\u00e1ndez, Aziel Rubio, Salvador Garibay, Adolfo Navarro.<\/div>\n<div style=\"font-family: Noteworthy; font-size: 18px; font-weight: bold; line-height: 24px; -webkit-tap-highlight-color: rgba(26, 26, 26, 0.296875); -webkit-composition-fill-color: rgba(130, 98, 83, 0.0976563); -webkit-composition-frame-color: rgba(191, 107, 82, 0.496094); \">\u201cQueremos ser un equipo protagonista, tenemos al mejor staff t\u00e9cnico de la LMB y por eso queremos que sus conocimientos los trasmitan a cada jugador para que los triunfos lleguen solos\u201d mencion\u00f3 Erick Arellano durante la reuni\u00f3n.<\/div>\n<div style=\"font-family: Noteworthy; font-size: 18px; font-weight: bold; line-height: 24px; -webkit-tap-highlight-color: rgba(26, 26, 26, 0.296875); -webkit-composition-fill-color: rgba(130, 98, 83, 0.0976563); -webkit-composition-frame-color: rgba(191, 107, 82, 0.496094); \">Posterior a ese encuentro, la directiva melenuda ofreci\u00f3 una cena de gala a todo el equipo para darles la bienvenida y dar a conocer la forma en que se trabajar\u00e1 en el Campamento y durante la Temporada 2014 de la LMB.<\/div>\n<div style=\"font-family: Noteworthy; font-size: 18px; font-weight: bold; line-height: 24px; -webkit-tap-highlight-color: rgba(26, 26, 26, 0.296875); -webkit-composition-fill-color: rgba(130, 98, 83, 0.0976563); -webkit-composition-frame-color: rgba(191, 107, 82, 0.496094); \">Juan Jose Arellano, presidente de la organizaci\u00f3n selv\u00e1tica hablo acerca de la actitud y entrega que quieren de cada pelotero en el terreno de juego \u201custedes son el ejemplo para nuestra afici\u00f3n y sobre todo para los ni\u00f1os, esperamos el cien por ciento de ustedes\u201d, dijo.<\/div>\n<div style=\"font-family: Noteworthy; font-size: 18px; font-weight: bold; line-height: 24px; -webkit-tap-highlight-color: rgba(26, 26, 26, 0.296875); -webkit-composition-fill-color: rgba(130, 98, 83, 0.0976563); -webkit-composition-frame-color: rgba(191, 107, 82, 0.496094); \">A su vez, el presidente ejecutivo Erick Arellano, apuntal\u00f3 que la reestructuraci\u00f3n del equipo se debi\u00f3 a que buscar\u00e1n alzar el nombre de Yucat\u00e1n en toda la rep\u00fablica, \u201cTodos estamos partiendo de cero, pero nuestra actitud nos llevar\u00e1 muy lejos\u201d expres\u00f3.<\/div>\n<div style=\"font-family: Noteworthy; font-size: 18px; font-weight: bold; line-height: 24px; -webkit-tap-highlight-color: rgba(26, 26, 26, 0.296875); -webkit-composition-fill-color: rgba(130, 98, 83, 0.0976563); -webkit-composition-frame-color: rgba(191, 107, 82, 0.496094); \">Por \u00faltimo, el piloto melenudo Mat\u00edas Carrillo dijo estar emocionado de formar parte de este proyecto y espera lo mejor de cada pelotero en cada juego, \u201cEstoy orgulloso de pertenecer a Leones y estar al frente de ustedes, jugaremos en conjunto para ganar, vamos a pasarla bien\u201d finaliz\u00f3.<\/div>\n<div style=\"font-family: Noteworthy; font-size: 18px; font-weight: bold; line-height: 24px; -webkit-tap-highlight-color: rgba(26, 26, 26, 0.296875); -webkit-composition-fill-color: rgba(130, 98, 83, 0.0976563); -webkit-composition-frame-color: rgba(191, 107, 82, 0.496094); \">A esta cena acudieron los m\u00e1s de 40 jugadores que a partir de este jueves iniciar\u00e1n una nueva aventura en el Campamento melenudo, buscando un puesto en el roster titular de 28 jugadores que encarar\u00e1 la Temporada 2014 de la LMB.<\/p>\n<div class=\"separator\" style=\"clear: both;\"><a href=\"https:\/\/lh4.googleusercontent.com\/-ZWDenCeZ_vs\/Uw7G0pWbPnI\/AAAAAAAAfO0\/nw1TsI65Hx0\/s640\/blogger-image-1160552297.jpg\" imageanchor=\"1\" style=\"margin-left: 1em; margin-right: 1em;\"><img decoding=\"async\" border=\"0\" src=\"https:\/\/lh4.googleusercontent.com\/-ZWDenCeZ_vs\/Uw7G0pWbPnI\/AAAAAAAAfO0\/nw1TsI65Hx0\/s640\/blogger-image-1160552297.jpg\"><\/a><\/div>\n<\/div>\n","protected":false},"excerpt":{"rendered":"<p>Mazatl\u00e1n, Sin. (leones.mx \/ Mario Serrano) 26 de febrero.- La directiva y todo el cuerpo t\u00e9cnico de los Leones de Yucat\u00e1n, se reunieron la tarde de este mi\u00e9rcoles en el<\/p>\n","protected":false},"author":1,"featured_media":17377,"comment_status":"open","ping_status":"open","sticky":false,"template":"","format":"standard","meta":{"jetpack_post_was_ever_published":false,"_jetpack_newsletter_access":"","_jetpack_dont_email_post_to_subs":false,"_jetpack_newsletter_tier_id":0,"_jetpack_memberships_contains_paywalled_content":false,"_jetpack_memberships_contains_paid_content":false,"footnotes":"","jetpack_publicize_message":"","jetpack_publicize_feature_enabled":true,"jetpack_social_post_already_shared":false,"jetpack_social_options":{"image_generator_settings":{"template":"highway","default_image_id":0,"font":"","enabled":false},"version":2}},"categories":[4,1],"tags":[],"class_list":["post-3634","post","type-post","status-publish","format-standard","has-post-thumbnail","hentry","category-deportes","category-sin-categoria"],"jetpack_publicize_connections":[],"jetpack_featured_media_url":"https:\/\/formalprision.com\/wp-content\/uploads\/2014\/02\/blogger-image-1160552297.jpg","jetpack_sharing_enabled":true,"jetpack_shortlink":"https:\/\/wp.me\/p6id8p-WC","_links":{"self":[{"href":"https:\/\/formalprision.com\/index.php?rest_route=\/wp\/v2\/posts\/3634","targetHints":{"allow":["GET"]}}],"collection":[{"href":"https:\/\/formalprision.com\/index.php?rest_route=\/wp\/v2\/posts"}],"about":[{"href":"https:\/\/formalprision.com\/index.php?rest_route=\/wp\/v2\/types\/post"}],"author":[{"embeddable":true,"href":"https:\/\/formalprision.com\/index.php?rest_route=\/wp\/v2\/users\/1"}],"replies":[{"embeddable":true,"href":"https:\/\/formalprision.com\/index.php?rest_route=%2Fwp%2Fv2%2Fcomments&post=3634"}],"version-history":[{"count":0,"href":"https:\/\/formalprision.com\/index.php?rest_route=\/wp\/v2\/posts\/3634\/revisions"}],"wp:featuredmedia":[{"embeddable":true,"href":"https:\/\/formalprision.com\/index.php?rest_route=\/wp\/v2\/media\/17377"}],"wp:attachment":[{"href":"https:\/\/formalprision.com\/index.php?rest_route=%2Fwp%2Fv2%2Fmedia&parent=3634"}],"wp:term":[{"taxonomy":"category","embeddable":true,"href":"https:\/\/formalprision.com\/index.php?rest_route=%2Fwp%2Fv2%2Fcategories&post=3634"},{"taxonomy":"post_tag","embeddable":true,"href":"https:\/\/formalprision.com\/index.php?rest_route=%2Fwp%2Fv2%2Ftags&post=3634"}],"curies":[{"name":"wp","href":"https:\/\/api.w.org\/{rel}","templated":true}]}}