{"id":3667,"date":"2014-02-22T16:32:00","date_gmt":"2014-02-22T16:32:00","guid":{"rendered":"http:\/\/formalprision.info\/2014\/02\/22\/arrestan-al-guzman\/"},"modified":"2015-06-03T08:39:52","modified_gmt":"2015-06-03T08:39:52","slug":"arrestan-al-guzman","status":"publish","type":"post","link":"https:\/\/formalprision.com\/?p=3667","title":{"rendered":"Arrestan al &quot;Chapo&quot; Guzm\u00e1n"},"content":{"rendered":"<div style=\"font-family: Noteworthy; font-size: 18px; font-weight: bold; line-height: 24px; -webkit-tap-highlight-color: rgba(26, 26, 26, 0.296875); -webkit-composition-fill-color: rgba(130, 98, 83, 0.0976563); -webkit-composition-frame-color: rgba(191, 107, 82, 0.496094); \"><\/div>\n<div style=\"font-family: Noteworthy; font-size: 18px; font-weight: bold; line-height: 24px; -webkit-tap-highlight-color: rgba(26, 26, 26, 0.296875); -webkit-composition-fill-color: rgba(130, 98, 83, 0.0976563); -webkit-composition-frame-color: rgba(191, 107, 82, 0.496094); \">Autoridades mexicanas y de Estados Unidos aseguran que el l\u00edder del c\u00e1rtel de Sinaloa, Joaqu\u00edn El Chapo Guzm\u00e1n fue capturado la noche de ayer en Mazatl\u00e1n.<\/div>\n<div style=\"font-family: Noteworthy; font-size: 18px; font-weight: bold; line-height: 24px; -webkit-tap-highlight-color: rgba(26, 26, 26, 0.296875); -webkit-composition-fill-color: rgba(130, 98, 83, 0.0976563); -webkit-composition-frame-color: rgba(191, 107, 82, 0.496094); \">De acuerdo con informes de la agencia de noticias Associated Press (AP) el polic\u00eda que confirm\u00f3 la detenci\u00f3n prefiri\u00f3 el anonimato, sin embargo asegur\u00f3 que El Chapo fue capturado en un balneario en el estado de Sinaloa.<\/div>\n<div style=\"font-family: Noteworthy; font-size: 18px; font-weight: bold; line-height: 24px; -webkit-tap-highlight-color: rgba(26, 26, 26, 0.296875); -webkit-composition-fill-color: rgba(130, 98, 83, 0.0976563); -webkit-composition-frame-color: rgba(191, 107, 82, 0.496094); \">Guzm\u00e1n fue detenido a las en un resort de la ciudad costera de Mazatl\u00e1n, en un operativo con informaci\u00f3n de la oficina antidrogas estadounidense (DEA).<\/div>\n<div style=\"font-family: Noteworthy; font-size: 18px; font-weight: bold; line-height: 24px; -webkit-tap-highlight-color: rgba(26, 26, 26, 0.296875); -webkit-composition-fill-color: rgba(130, 98, 83, 0.0976563); -webkit-composition-frame-color: rgba(191, 107, 82, 0.496094); \">\n<div style=\"-webkit-tap-highlight-color: rgba(26, 26, 26, 0.296875); \">Desde el pasado d\u00eda 13, fuerzas de seguridad mexicana iniciaron un fuerte e ininterrumpido operativo en Culiac\u00e1n, capital de Sinaloa, del que se hab\u00edan dado escuetos detalles oficiales y que seg\u00fan la prensa ten\u00eda como objetivo la captura de \u00abEl Chapo\u00bb y de su socio Ismael &#8216;Mayo&#8217; Zambada, uno de los principales l\u00edderes del c\u00e1rtel de Sinaloa.&nbsp;<\/div>\n<div style=\"-webkit-tap-highlight-color: rgba(26, 26, 26, 0.296875); \">Fruto del operativo, el viernes fue detenido Jes\u00fas Pe\u00f1a Gonz\u00e1lez, uno de los jefes de seguridad de &#8216;Mayo&#8217; Zambada.&nbsp;<\/div>\n<div style=\"-webkit-tap-highlight-color: rgba(26, 26, 26, 0.296875); \">El Chapo\u00bb Guzm\u00e1n se escap\u00f3 en 2001 de la prisi\u00f3n de Puente Grande, Jalisco (oeste), considerada de m\u00e1xima seguridad, escondido en un carro de lavander\u00eda.&nbsp;<\/div>\n<div style=\"-webkit-tap-highlight-color: rgba(26, 26, 26, 0.296875); \">Adem\u00e1s de ser el narcotraficante m\u00e1s buscado por Estados Unidos, es considerado por la revista Forbes como el delincuente m\u00e1s poderoso del mundo.<\/div>\n<div style=\"-webkit-tap-highlight-color: rgba(26, 26, 26, 0.296875); \">&nbsp;Por la captura de Guzm\u00e1n, M\u00e9xico &nbsp;ofrec\u00eda una recompensa de 30 millones de pesos&nbsp;<\/p>\n<div class=\"separator\" style=\"clear: both;\"><a href=\"https:\/\/lh3.googleusercontent.com\/-tu2dnAp73-c\/UwkLGeOECtI\/AAAAAAAAfF4\/Rx2-lQ_8r7U\/s640\/blogger-image-45318679.jpg\" imageanchor=\"1\" style=\"margin-left: 1em; margin-right: 1em;\"><img decoding=\"async\" border=\"0\" src=\"https:\/\/lh3.googleusercontent.com\/-tu2dnAp73-c\/UwkLGeOECtI\/AAAAAAAAfF4\/Rx2-lQ_8r7U\/s640\/blogger-image-45318679.jpg\"><\/a><\/div>\n<\/div>\n<div style=\"-webkit-tap-highlight-color: rgba(26, 26, 26, 0.296875); \"><\/div>\n<\/div>\n<div style=\"font-family: Noteworthy; font-size: 18px; font-weight: bold; line-height: 24px; -webkit-tap-highlight-color: rgba(26, 26, 26, 0.296875); -webkit-composition-fill-color: rgba(130, 98, 83, 0.0976563); -webkit-composition-frame-color: rgba(191, 107, 82, 0.496094); \"><\/p>\n<div class=\"separator\" style=\"clear: both;\"><\/div>\n<\/div>\n","protected":false},"excerpt":{"rendered":"<p>Autoridades mexicanas y de Estados Unidos aseguran que el l\u00edder del c\u00e1rtel de Sinaloa, Joaqu\u00edn El Chapo Guzm\u00e1n fue capturado la noche de ayer en Mazatl\u00e1n. De acuerdo con informes<\/p>\n","protected":false},"author":1,"featured_media":17443,"comment_status":"open","ping_status":"open","sticky":false,"template":"","format":"standard","meta":{"jetpack_post_was_ever_published":false,"_jetpack_newsletter_access":"","_jetpack_dont_email_post_to_subs":false,"_jetpack_newsletter_tier_id":0,"_jetpack_memberships_contains_paywalled_content":false,"_jetpack_memberships_contains_paid_content":false,"footnotes":"","jetpack_publicize_message":"","jetpack_publicize_feature_enabled":true,"jetpack_social_post_already_shared":false,"jetpack_social_options":{"image_generator_settings":{"template":"highway","default_image_id":0,"font":"","enabled":false},"version":2}},"categories":[21,3,1],"tags":[],"class_list":["post-3667","post","type-post","status-publish","format-standard","has-post-thumbnail","hentry","category-nacionales","category-portada","category-sin-categoria"],"jetpack_publicize_connections":[],"jetpack_featured_media_url":"https:\/\/formalprision.com\/wp-content\/uploads\/2014\/02\/blogger-image-45318679.jpg","jetpack_sharing_enabled":true,"jetpack_shortlink":"https:\/\/wp.me\/p6id8p-X9","_links":{"self":[{"href":"https:\/\/formalprision.com\/index.php?rest_route=\/wp\/v2\/posts\/3667","targetHints":{"allow":["GET"]}}],"collection":[{"href":"https:\/\/formalprision.com\/index.php?rest_route=\/wp\/v2\/posts"}],"about":[{"href":"https:\/\/formalprision.com\/index.php?rest_route=\/wp\/v2\/types\/post"}],"author":[{"embeddable":true,"href":"https:\/\/formalprision.com\/index.php?rest_route=\/wp\/v2\/users\/1"}],"replies":[{"embeddable":true,"href":"https:\/\/formalprision.com\/index.php?rest_route=%2Fwp%2Fv2%2Fcomments&post=3667"}],"version-history":[{"count":0,"href":"https:\/\/formalprision.com\/index.php?rest_route=\/wp\/v2\/posts\/3667\/revisions"}],"wp:featuredmedia":[{"embeddable":true,"href":"https:\/\/formalprision.com\/index.php?rest_route=\/wp\/v2\/media\/17443"}],"wp:attachment":[{"href":"https:\/\/formalprision.com\/index.php?rest_route=%2Fwp%2Fv2%2Fmedia&parent=3667"}],"wp:term":[{"taxonomy":"category","embeddable":true,"href":"https:\/\/formalprision.com\/index.php?rest_route=%2Fwp%2Fv2%2Fcategories&post=3667"},{"taxonomy":"post_tag","embeddable":true,"href":"https:\/\/formalprision.com\/index.php?rest_route=%2Fwp%2Fv2%2Ftags&post=3667"}],"curies":[{"name":"wp","href":"https:\/\/api.w.org\/{rel}","templated":true}]}}