{"id":38,"date":"2015-05-30T17:49:00","date_gmt":"2015-05-30T17:49:00","guid":{"rendered":"http:\/\/formalprision.info\/2015\/05\/30\/fallece-periodista-jaime-almeida\/"},"modified":"2015-06-03T08:20:52","modified_gmt":"2015-06-03T08:20:52","slug":"fallece-periodista-jaime-almeida","status":"publish","type":"post","link":"https:\/\/formalprision.com\/?p=38","title":{"rendered":"Fallece periodista Jaime Almeida"},"content":{"rendered":"<p>Jaime Almeida, periodista mexicano y experto en m\u00fasica, falleci\u00f3 este viernes cerca de la medianoche en Para\u00edso, Tabasco, v\u00edctima de un paro cardiaco.<\/p>\n<p>La tarde de ayer el especialista particip\u00f3 en el Z\u00f3calo dicha ciudad junto con el tr\u00edo Los Dandy\u00b4s en un foro donde hablaron sobre la historia del bolero.<\/p>\n<p>El hotel donde se hospedaba Jaime Almeida guard\u00f3 total hermetismo y privacidad al respecto, ya que s\u00f3lo tuvo acceso a la habitaci\u00f3n que ocupaba el periodista, el Ministerio P\u00fablico, el m\u00e9dico legista y el presidente municipal, acompa\u00f1ado de algunos colaboradores.<\/p>\n<p>Almeida &nbsp;naci\u00f3 en la ciudad de Chihuahua y desde ni\u00f1o manifest\u00f3 su gusto por la m\u00fasica. Tom\u00f3 clases de piano, formo parte del coro de su escuela, se incorpor\u00f3 como baterista al grupo de rock Los Galaxies, hasta terminar la secundaria. Durante varios a\u00f1os form\u00f3 parte de uno de los conjuntos m\u00e1s exitosos &nbsp;de Chihuahua, Las Lagartijas Pintas. En el a\u00f1o de 1967 se mudo a la Ciudad de M\u00e9xico para estudiar la Licenciatura en Comunicaciones en la Universidad Iberoamericana.<\/p>\n<p>En 1969 se uni\u00f3 al equipo de reporteros dirigidos por Jacobo Zabludovsky. En el a\u00f1o de 1970 participo en el noticiero 24 horas en el cual cubri\u00f3 las m\u00e1s diversas fuentes: polic\u00eda, m\u00e9dico-asistente, educaci\u00f3n, deportes, defensa y marina, espect\u00e1culos, financieros, entre otros. Almeida fue parte del equipo que organiz\u00f3 el legendario Festival de Rock y Ruedas de Av\u00e1ndaro.<\/p>\n<p>Ocup\u00f3 el cargo de Director General de Comunicaci\u00f3n Social de la Secretar\u00eda de Asentamientos Humanos y Obras P\u00fablicas cargo que ocup\u00f3 hasta el a\u00f1o de 1982. Se hizo cargo de la direcci\u00f3n del grupo de estaciones en radio de Televisi\u00f3n: Sistema Radi\u00f3polis, llevando el tim\u00f3n de 6 estaciones (XEW, XEQ Y XEX en AM y FM).<\/p>\n<p>El 1983 comenz\u00f3 a producir y conducir uno de los programas musicales m\u00e1s recordados de la televisi\u00f3n: Estudio 54, en 1990 fue nombrado director de la Videoteca Musical de Televisa. Durante esta etapa Almeida fue productor y escritor del programa musical televisivo La Hora Azul y continuo preparando capsulas musicales para los espacios de Zabludovsky.<\/p>\n<div class=\"separator\" style=\"clear: both; text-align: center;\">\n<a href=\"http:\/\/1.bp.blogspot.com\/-r2Qs7e1yUoQ\/VWn4FOfkabI\/AAAAAAAAFY8\/6JqHY_Mtg58\/s1600\/almeida.jpg\" imageanchor=\"1\" style=\"margin-left: 1em; margin-right: 1em;\"><img loading=\"lazy\" decoding=\"async\" border=\"0\" height=\"212\" src=\"http:\/\/formalprision.com\/wp-content\/uploads\/2015\/05\/almeida.jpg\" width=\"320\" \/><\/a><\/div>\n<p><i>Fuente: Noticieros Televisa<\/i><\/p>\n","protected":false},"excerpt":{"rendered":"<p>Jaime Almeida, periodista mexicano y experto en m\u00fasica, falleci\u00f3 este viernes cerca de la medianoche en Para\u00edso, Tabasco, v\u00edctima de un paro cardiaco. La tarde de ayer el especialista particip\u00f3<\/p>\n","protected":false},"author":1,"featured_media":10072,"comment_status":"open","ping_status":"open","sticky":false,"template":"","format":"standard","meta":{"jetpack_post_was_ever_published":false,"_jetpack_newsletter_access":"","_jetpack_dont_email_post_to_subs":false,"_jetpack_newsletter_tier_id":0,"_jetpack_memberships_contains_paywalled_content":false,"_jetpack_memberships_contains_paid_content":false,"footnotes":"","jetpack_publicize_message":"","jetpack_publicize_feature_enabled":true,"jetpack_social_post_already_shared":false,"jetpack_social_options":{"image_generator_settings":{"template":"highway","default_image_id":0,"font":"","enabled":false},"version":2}},"categories":[1,49],"tags":[],"class_list":["post-38","post","type-post","status-publish","format-standard","has-post-thumbnail","hentry","category-sin-categoria","category-tocho-morocho"],"jetpack_publicize_connections":[],"jetpack_featured_media_url":"https:\/\/formalprision.com\/wp-content\/uploads\/2015\/05\/almeida.jpg","jetpack_sharing_enabled":true,"jetpack_shortlink":"https:\/\/wp.me\/p6id8p-C","_links":{"self":[{"href":"https:\/\/formalprision.com\/index.php?rest_route=\/wp\/v2\/posts\/38","targetHints":{"allow":["GET"]}}],"collection":[{"href":"https:\/\/formalprision.com\/index.php?rest_route=\/wp\/v2\/posts"}],"about":[{"href":"https:\/\/formalprision.com\/index.php?rest_route=\/wp\/v2\/types\/post"}],"author":[{"embeddable":true,"href":"https:\/\/formalprision.com\/index.php?rest_route=\/wp\/v2\/users\/1"}],"replies":[{"embeddable":true,"href":"https:\/\/formalprision.com\/index.php?rest_route=%2Fwp%2Fv2%2Fcomments&post=38"}],"version-history":[{"count":0,"href":"https:\/\/formalprision.com\/index.php?rest_route=\/wp\/v2\/posts\/38\/revisions"}],"wp:featuredmedia":[{"embeddable":true,"href":"https:\/\/formalprision.com\/index.php?rest_route=\/wp\/v2\/media\/10072"}],"wp:attachment":[{"href":"https:\/\/formalprision.com\/index.php?rest_route=%2Fwp%2Fv2%2Fmedia&parent=38"}],"wp:term":[{"taxonomy":"category","embeddable":true,"href":"https:\/\/formalprision.com\/index.php?rest_route=%2Fwp%2Fv2%2Fcategories&post=38"},{"taxonomy":"post_tag","embeddable":true,"href":"https:\/\/formalprision.com\/index.php?rest_route=%2Fwp%2Fv2%2Ftags&post=38"}],"curies":[{"name":"wp","href":"https:\/\/api.w.org\/{rel}","templated":true}]}}