{"id":3816,"date":"2014-02-03T17:05:00","date_gmt":"2014-02-03T17:05:00","guid":{"rendered":"http:\/\/formalprision.info\/2014\/02\/03\/carlos-vela-no-estara-en-definitiva-en\/"},"modified":"2015-06-03T08:40:24","modified_gmt":"2015-06-03T08:40:24","slug":"carlos-vela-no-estara-en-definitiva-en","status":"publish","type":"post","link":"https:\/\/formalprision.com\/?p=3816","title":{"rendered":"Carlos Vela no estar\u00e1 en definitiva en Brasil 2014"},"content":{"rendered":"<div style=\"font-family: Noteworthy; font-size: 18px; font-weight: bold; line-height: 24px; -webkit-tap-highlight-color: rgba(26, 26, 26, 0.296875); -webkit-composition-fill-color: rgba(130, 98, 83, 0.0976563); -webkit-composition-frame-color: rgba(191, 107, 82, 0.496094); \">\n<div>El delantero mexicano Carlos Vela no estar\u00e1 en &nbsp;definitiva para la Copa del Mundo Brasil 2014, de acuerdo con un comunicado oficial.<\/div>\n<div>Tras &nbsp;la reuni\u00f3n que sostuvo este lunes en Madrid con Miguel Herrera, t\u00e9cnico de la Selecci\u00f3n Mexicana, &nbsp;el estratega no qued\u00f3 satisfecho con la actitud del jugador.<\/div>\n<div>Seg\u00fan el comunicado, Vela dej\u00f3 en claro que no est\u00e1 en condiciones para defender los colores del Tri para la siguiente justa mundialista.<\/div>\n<div>&nbsp;\u201dEl jugador manifest\u00f3, una vez m\u00e1s, que no se encuentra al cien por ciento desde el punto de vista mental y emocional para afrontar el Mundial\u201d,&nbsp;<\/div>\n<div>&nbsp; \u201cMiguel Herrera not\u00f3 que no existe el compromiso que busca tenga un jugador de Selecci\u00f3n Nacional.. Por lo tanto, Carlos Vela no ser\u00e1 convocado en definitiva en el transcurso de este proceso mundialista\u201d.<\/div>\n<div>&nbsp;En la reuni\u00f3n, adem\u00e1s de Herrera estuvieron presentes H\u00e9ctor Gonz\u00e1lez I\u00f1\u00e1rritu, director general de Selecciones Nacionales; Ricardo Pel\u00e1ez, director deportivo de la Selecci\u00f3n Mayor, y Santiago Ba\u00f1os, auxiliar t\u00e9cnico del combinado nacional.<\/p>\n<div class=\"separator\" style=\"clear: both;\"><a href=\"https:\/\/lh6.googleusercontent.com\/-GnQpxaeBIcM\/Uu_MWxNb4aI\/AAAAAAAAegs\/tpbb0UaEvyU\/s640\/blogger-image--1898223114.jpg\" imageanchor=\"1\" style=\"margin-left: 1em; margin-right: 1em;\"><img decoding=\"async\" border=\"0\" src=\"https:\/\/lh6.googleusercontent.com\/-GnQpxaeBIcM\/Uu_MWxNb4aI\/AAAAAAAAegs\/tpbb0UaEvyU\/s640\/blogger-image--1898223114.jpg\"><\/a><\/div>\n<\/div>\n<\/div>\n<div style=\"font-family: Noteworthy; font-size: 18px; font-weight: bold; line-height: 24px; -webkit-tap-highlight-color: rgba(26, 26, 26, 0.296875); -webkit-composition-fill-color: rgba(130, 98, 83, 0.0976563); -webkit-composition-frame-color: rgba(191, 107, 82, 0.496094); \"><\/div>\n","protected":false},"excerpt":{"rendered":"<p>El delantero mexicano Carlos Vela no estar\u00e1 en &nbsp;definitiva para la Copa del Mundo Brasil 2014, de acuerdo con un comunicado oficial. Tras &nbsp;la reuni\u00f3n que sostuvo este lunes en<\/p>\n","protected":false},"author":1,"featured_media":17741,"comment_status":"open","ping_status":"open","sticky":false,"template":"","format":"standard","meta":{"jetpack_post_was_ever_published":false,"_jetpack_newsletter_access":"","_jetpack_dont_email_post_to_subs":false,"_jetpack_newsletter_tier_id":0,"_jetpack_memberships_contains_paywalled_content":false,"_jetpack_memberships_contains_paid_content":false,"footnotes":"","jetpack_publicize_message":"","jetpack_publicize_feature_enabled":true,"jetpack_social_post_already_shared":false,"jetpack_social_options":{"image_generator_settings":{"template":"highway","default_image_id":0,"font":"","enabled":false},"version":2}},"categories":[4,3,1],"tags":[],"class_list":["post-3816","post","type-post","status-publish","format-standard","has-post-thumbnail","hentry","category-deportes","category-portada","category-sin-categoria"],"jetpack_publicize_connections":[],"jetpack_featured_media_url":"https:\/\/formalprision.com\/wp-content\/uploads\/2014\/02\/blogger-image-1898223114.jpg","jetpack_sharing_enabled":true,"jetpack_shortlink":"https:\/\/wp.me\/p6id8p-Zy","_links":{"self":[{"href":"https:\/\/formalprision.com\/index.php?rest_route=\/wp\/v2\/posts\/3816","targetHints":{"allow":["GET"]}}],"collection":[{"href":"https:\/\/formalprision.com\/index.php?rest_route=\/wp\/v2\/posts"}],"about":[{"href":"https:\/\/formalprision.com\/index.php?rest_route=\/wp\/v2\/types\/post"}],"author":[{"embeddable":true,"href":"https:\/\/formalprision.com\/index.php?rest_route=\/wp\/v2\/users\/1"}],"replies":[{"embeddable":true,"href":"https:\/\/formalprision.com\/index.php?rest_route=%2Fwp%2Fv2%2Fcomments&post=3816"}],"version-history":[{"count":0,"href":"https:\/\/formalprision.com\/index.php?rest_route=\/wp\/v2\/posts\/3816\/revisions"}],"wp:featuredmedia":[{"embeddable":true,"href":"https:\/\/formalprision.com\/index.php?rest_route=\/wp\/v2\/media\/17741"}],"wp:attachment":[{"href":"https:\/\/formalprision.com\/index.php?rest_route=%2Fwp%2Fv2%2Fmedia&parent=3816"}],"wp:term":[{"taxonomy":"category","embeddable":true,"href":"https:\/\/formalprision.com\/index.php?rest_route=%2Fwp%2Fv2%2Fcategories&post=3816"},{"taxonomy":"post_tag","embeddable":true,"href":"https:\/\/formalprision.com\/index.php?rest_route=%2Fwp%2Fv2%2Ftags&post=3816"}],"curies":[{"name":"wp","href":"https:\/\/api.w.org\/{rel}","templated":true}]}}