{"id":3838,"date":"2014-01-29T07:03:00","date_gmt":"2014-01-29T07:03:00","guid":{"rendered":"http:\/\/formalprision.info\/2014\/01\/29\/repavimentaran-82-calles-del-centro-de\/"},"modified":"2015-06-03T08:40:30","modified_gmt":"2015-06-03T08:40:30","slug":"repavimentaran-82-calles-del-centro-de","status":"publish","type":"post","link":"https:\/\/formalprision.com\/?p=3838","title":{"rendered":"Repavimentar\u00e1n 82 calles del centro de M\u00e9rida"},"content":{"rendered":"<div style=\"font-family: Noteworthy; font-size: 18px; font-weight: bold; line-height: 24px; -webkit-tap-highlight-color: rgba(26, 26, 26, 0.296875); -webkit-composition-fill-color: rgba(130, 98, 83, 0.0976563); -webkit-composition-frame-color: rgba(191, 107, 82, 0.496094); \">El Ayuntamiento de M\u00e9rida inici\u00f3 anoche un programa de repavimentaci\u00f3n que abarcar\u00e1 82 calles del centro hist\u00f3rico con una extensi\u00f3n de casi 12 kil\u00f3metros, acciones que contribuir\u00e1n a mejorar la imagen, vialidad y seguridad del coraz\u00f3n de la ciudad.<\/div>\n<div style=\"font-family: Noteworthy; font-size: 18px; font-weight: bold; line-height: 24px; -webkit-tap-highlight-color: rgba(26, 26, 26, 0.296875); -webkit-composition-fill-color: rgba(130, 98, 83, 0.0976563); -webkit-composition-frame-color: rgba(191, 107, 82, 0.496094); \">El alcalde Ren\u00e1n Barrera Concha, acompa\u00f1ado de directivos del sector comercio y de turismo, as\u00ed como del patronato del centro hist\u00f3rico y de colegios, dio &nbsp;el banderazo de inicio de estos trabajos que forman parte del programa \u201cMejores vialidades para todos\u201d y cuya inversi\u00f3n asciende a 14 millones de pesos.<\/div>\n<div style=\"font-family: Noteworthy; font-size: 18px; font-weight: bold; line-height: 24px; -webkit-tap-highlight-color: rgba(26, 26, 26, 0.296875); -webkit-composition-fill-color: rgba(130, 98, 83, 0.0976563); -webkit-composition-frame-color: rgba(191, 107, 82, 0.496094); \">Las acciones se llevar\u00e1n a cabo en horario nocturno para que durante las ma\u00f1anas las v\u00edas queden libre a la circulaci\u00f3n. Los trabajos quedar\u00e1n listos en unas 10 semanas.<\/div>\n<div style=\"font-family: Noteworthy; font-size: 18px; font-weight: bold; line-height: 24px; -webkit-tap-highlight-color: rgba(26, 26, 26, 0.296875); -webkit-composition-fill-color: rgba(130, 98, 83, 0.0976563); -webkit-composition-frame-color: rgba(191, 107, 82, 0.496094); \">En este arranque de acciones, en la calle 66 con 63, Barrera Concha enfatiz\u00f3 la importancia de esta inversi\u00f3n que permitir\u00e1 mantener el Centro Hist\u00f3rico en las mejores condiciones para disfrute de meridanos y visitantes.<\/div>\n<div style=\"font-family: Noteworthy; font-size: 18px; font-weight: bold; line-height: 24px; -webkit-tap-highlight-color: rgba(26, 26, 26, 0.296875); -webkit-composition-fill-color: rgba(130, 98, 83, 0.0976563); -webkit-composition-frame-color: rgba(191, 107, 82, 0.496094); \">Subray\u00f3 que el Centro Hist\u00f3rico de M\u00e9rida es un espacio vivo, donde a diario se mueven miles de personas y veh\u00edculos, adem\u00e1s que alberga el mayor n\u00famero de prestadores de servicios tur\u00edsticos del estado en total 834 unidades econ\u00f3micas que van desde hoteles boutique hasta artesanos, bancos, restaurantes y comercios en general.<\/div>\n<div style=\"font-family: Noteworthy; font-size: 18px; font-weight: bold; line-height: 24px; -webkit-tap-highlight-color: rgba(26, 26, 26, 0.296875); -webkit-composition-fill-color: rgba(130, 98, 83, 0.0976563); -webkit-composition-frame-color: rgba(191, 107, 82, 0.496094); \">Indic\u00f3 que el Ayuntamiento apuesta por el futuro y est\u00e1 decidido a realizar acciones que lo beneficien a largo plazo, tomamos medidas que m\u00e1s all\u00e1 de solucionar los problemas inmediatos sean trabajos que permitan contar con una mejor M\u00e9rida.<\/div>\n<div style=\"font-family: Noteworthy; font-size: 18px; font-weight: bold; line-height: 24px; -webkit-tap-highlight-color: rgba(26, 26, 26, 0.296875); -webkit-composition-fill-color: rgba(130, 98, 83, 0.0976563); -webkit-composition-frame-color: rgba(191, 107, 82, 0.496094); \">La primera semana se repavimentar\u00e1 la calle 66 (59-77),; La segunda semana, calle 77, de la Avenida Itz\u00e1es a la 66); &nbsp;luego, la calle 66 (79-95),&nbsp;<\/div>\n<div style=\"font-family: Noteworthy; font-size: 18px; font-weight: bold; line-height: 24px; -webkit-tap-highlight-color: rgba(26, 26, 26, 0.296875); -webkit-composition-fill-color: rgba(130, 98, 83, 0.0976563); -webkit-composition-frame-color: rgba(191, 107, 82, 0.496094); \">Para las siguientes semanas, del 17 al 28 de febrero, la repavimentaci\u00f3n se har\u00e1 en calle 65 (66-Circuito Colonias Poniente),&nbsp;<\/div>\n<div style=\"font-family: Noteworthy; font-size: 18px; font-weight: bold; line-height: 24px; -webkit-tap-highlight-color: rgba(26, 26, 26, 0.296875); -webkit-composition-fill-color: rgba(130, 98, 83, 0.0976563); -webkit-composition-frame-color: rgba(191, 107, 82, 0.496094); \">Del 3 al 7 de marzo se trabajar\u00e1n los siguientes tramos:&nbsp;<\/div>\n<div style=\"font-family: Noteworthy; font-size: 18px; font-weight: bold; line-height: 24px; -webkit-tap-highlight-color: rgba(26, 26, 26, 0.296875); -webkit-composition-fill-color: rgba(130, 98, 83, 0.0976563); -webkit-composition-frame-color: rgba(191, 107, 82, 0.496094); \">Calle 57 (62 y 64), &nbsp;Calle 64 (59-65);&nbsp;Calle 64 (71-65), &nbsp;Calle 69 (64-66),&nbsp;<\/div>\n<div style=\"font-family: Noteworthy; font-size: 18px; font-weight: bold; line-height: 24px; -webkit-tap-highlight-color: rgba(26, 26, 26, 0.296875); -webkit-composition-fill-color: rgba(130, 98, 83, 0.0976563); -webkit-composition-frame-color: rgba(191, 107, 82, 0.496094); \">Calle 58 (67-65).<\/div>\n<div style=\"font-family: Noteworthy; font-size: 18px; font-weight: bold; line-height: 24px; -webkit-tap-highlight-color: rgba(26, 26, 26, 0.296875); -webkit-composition-fill-color: rgba(130, 98, 83, 0.0976563); -webkit-composition-frame-color: rgba(191, 107, 82, 0.496094); \">Del &nbsp;10 al 14 de marzo los trabajos ser\u00e1n en la calle 67 (66-56), &nbsp;y la calle 54 (55-71),&nbsp;<\/div>\n<div style=\"font-family: Noteworthy; font-size: 18px; font-weight: bold; line-height: 24px; -webkit-tap-highlight-color: rgba(26, 26, 26, 0.296875); -webkit-composition-fill-color: rgba(130, 98, 83, 0.0976563); -webkit-composition-frame-color: rgba(191, 107, 82, 0.496094); \">Tambi\u00e9n se har\u00e1n las calles&nbsp;63 (58-50);&nbsp;&nbsp;63 (46-30),;&nbsp;52, de la 63 a la 47;&nbsp;calle 55, de la 58 a la 42 (comunicado)<\/p>\n<div class=\"separator\" style=\"clear: both;\"><a href=\"https:\/\/lh5.googleusercontent.com\/-FkUfAhkZn5g\/Uuint48ljdI\/AAAAAAAAeac\/r7jNGMpn9Ek\/s640\/blogger-image--1024080232.jpg\" imageanchor=\"1\" style=\"margin-left: 1em; margin-right: 1em;\"><img decoding=\"async\" border=\"0\" src=\"https:\/\/lh5.googleusercontent.com\/-FkUfAhkZn5g\/Uuint48ljdI\/AAAAAAAAeac\/r7jNGMpn9Ek\/s640\/blogger-image--1024080232.jpg\"><\/a><\/div>\n<\/div>\n<div><\/div>\n","protected":false},"excerpt":{"rendered":"<p>El Ayuntamiento de M\u00e9rida inici\u00f3 anoche un programa de repavimentaci\u00f3n que abarcar\u00e1 82 calles del centro hist\u00f3rico con una extensi\u00f3n de casi 12 kil\u00f3metros, acciones que contribuir\u00e1n a mejorar la<\/p>\n","protected":false},"author":1,"featured_media":17785,"comment_status":"open","ping_status":"open","sticky":false,"template":"","format":"standard","meta":{"jetpack_post_was_ever_published":false,"_jetpack_newsletter_access":"","_jetpack_dont_email_post_to_subs":false,"_jetpack_newsletter_tier_id":0,"_jetpack_memberships_contains_paywalled_content":false,"_jetpack_memberships_contains_paid_content":false,"footnotes":"","jetpack_publicize_message":"","jetpack_publicize_feature_enabled":true,"jetpack_social_post_already_shared":false,"jetpack_social_options":{"image_generator_settings":{"template":"highway","default_image_id":0,"font":"","enabled":false},"version":2}},"categories":[17,1],"tags":[],"class_list":["post-3838","post","type-post","status-publish","format-standard","has-post-thumbnail","hentry","category-politica-y-gobierno","category-sin-categoria"],"jetpack_publicize_connections":[],"jetpack_featured_media_url":"https:\/\/formalprision.com\/wp-content\/uploads\/2014\/01\/blogger-image-1024080232.jpg","jetpack_sharing_enabled":true,"jetpack_shortlink":"https:\/\/wp.me\/p6id8p-ZU","_links":{"self":[{"href":"https:\/\/formalprision.com\/index.php?rest_route=\/wp\/v2\/posts\/3838","targetHints":{"allow":["GET"]}}],"collection":[{"href":"https:\/\/formalprision.com\/index.php?rest_route=\/wp\/v2\/posts"}],"about":[{"href":"https:\/\/formalprision.com\/index.php?rest_route=\/wp\/v2\/types\/post"}],"author":[{"embeddable":true,"href":"https:\/\/formalprision.com\/index.php?rest_route=\/wp\/v2\/users\/1"}],"replies":[{"embeddable":true,"href":"https:\/\/formalprision.com\/index.php?rest_route=%2Fwp%2Fv2%2Fcomments&post=3838"}],"version-history":[{"count":0,"href":"https:\/\/formalprision.com\/index.php?rest_route=\/wp\/v2\/posts\/3838\/revisions"}],"wp:featuredmedia":[{"embeddable":true,"href":"https:\/\/formalprision.com\/index.php?rest_route=\/wp\/v2\/media\/17785"}],"wp:attachment":[{"href":"https:\/\/formalprision.com\/index.php?rest_route=%2Fwp%2Fv2%2Fmedia&parent=3838"}],"wp:term":[{"taxonomy":"category","embeddable":true,"href":"https:\/\/formalprision.com\/index.php?rest_route=%2Fwp%2Fv2%2Fcategories&post=3838"},{"taxonomy":"post_tag","embeddable":true,"href":"https:\/\/formalprision.com\/index.php?rest_route=%2Fwp%2Fv2%2Ftags&post=3838"}],"curies":[{"name":"wp","href":"https:\/\/api.w.org\/{rel}","templated":true}]}}