{"id":3848,"date":"2014-01-28T23:08:00","date_gmt":"2014-01-28T23:08:00","guid":{"rendered":"http:\/\/formalprision.info\/2014\/01\/28\/camionero-arrolla-una-carreta-con-todo\/"},"modified":"2015-06-03T08:40:33","modified_gmt":"2015-06-03T08:40:33","slug":"camionero-arrolla-una-carreta-con-todo","status":"publish","type":"post","link":"https:\/\/formalprision.com\/?p=3848","title":{"rendered":"Camionero arrolla una carreta con todo y caballo"},"content":{"rendered":"<div style=\"-webkit-composition-fill-color: rgba(130, 98, 83, 0.0976563); -webkit-composition-frame-color: rgba(191, 107, 82, 0.496094); -webkit-tap-highlight-color: rgba(26, 26, 26, 0.296875); font-family: Noteworthy; font-size: 18px; font-weight: bold; line-height: 24px;\">\nUn caballo fam\u00e9lico result\u00f3 lesionado luego de que un cami\u00f3n de pasaje arrollara la carreta que tiraba el equino.<\/div>\n<div style=\"-webkit-composition-fill-color: rgba(130, 98, 83, 0.0976563); -webkit-composition-frame-color: rgba(191, 107, 82, 0.496094); -webkit-tap-highlight-color: rgba(26, 26, 26, 0.296875); font-family: Noteworthy; font-size: 18px; font-weight: bold; line-height: 24px;\">\nEl accidente ocurri\u00f3 en Progreso, a las&nbsp;12:30&nbsp;horas, &nbsp;en la &nbsp;calle 39 x 60&nbsp;A de la col. Francisco I Madero.<\/div>\n<div style=\"-webkit-composition-fill-color: rgba(130, 98, 83, 0.0976563); -webkit-composition-frame-color: rgba(191, 107, 82, 0.496094); -webkit-tap-highlight-color: rgba(26, 26, 26, 0.296875); font-family: Noteworthy; font-size: 18px; font-weight: bold; line-height: 24px;\">\n&nbsp;En ese sitio, el &nbsp;cami\u00f3n de transporte publico marca Chrysler, tipo D600, placas de circulaci\u00f3n 801506-Y , conducido de oriente a poniente sobre la calle 39 por Francisco Javier Gonz\u00e1lez Garc\u00eda, de 51 a\u00f1os de edad, quien&nbsp;al llegar al cruce de la calle 60 -A, frena para abordar pasaje y al reanudar su marcha, pierde el control del volante, chocando la carreta que se encontraba estacionada y con el caballo enganchado.<\/div>\n<div style=\"-webkit-composition-fill-color: rgba(130, 98, 83, 0.0976563); -webkit-composition-frame-color: rgba(191, 107, 82, 0.496094); -webkit-tap-highlight-color: rgba(26, 26, 26, 0.296875); font-family: Noteworthy; font-size: 18px; font-weight: bold; line-height: 24px;\">\nPor el impacto, el caballo result\u00f3 herido y qued\u00f3 un largo rato tirado en la banqueta.<\/div>\n<div style=\"-webkit-composition-fill-color: rgba(130, 98, 83, 0.0976563); -webkit-composition-frame-color: rgba(191, 107, 82, 0.496094); -webkit-tap-highlight-color: rgba(26, 26, 26, 0.296875); font-family: Noteworthy; font-size: 18px; font-weight: bold; line-height: 24px;\">\nUna hora despu\u00e9s del percance, el caballito se retir\u00f3 cojeando.<\/div>\n<div style=\"-webkit-composition-fill-color: rgba(130, 98, 83, 0.0976563); -webkit-composition-frame-color: rgba(191, 107, 82, 0.496094); -webkit-tap-highlight-color: rgba(26, 26, 26, 0.296875); font-family: Noteworthy; font-size: 18px; font-weight: bold; line-height: 24px;\">\n<div style=\"-webkit-tap-highlight-color: rgba(26, 26, 26, 0.296875);\">\nJoaqu\u00edn Manuel Castillo Carrillo, due\u00f1o del animal, dijo que har\u00eda que lo revisara un especialista.<\/div>\n<\/div>\n<div style=\"-webkit-composition-fill-color: rgba(130, 98, 83, 0.0976563); -webkit-composition-frame-color: rgba(191, 107, 82, 0.496094); -webkit-tap-highlight-color: rgba(26, 26, 26, 0.296875); font-family: Noteworthy; font-size: 18px; font-weight: bold; line-height: 24px;\">\nEl camionero se comprometi\u00f3 a cubrir los da\u00f1os.<\/p>\n<div class=\"separator\" style=\"clear: both;\">\n<a href=\"https:\/\/lh3.googleusercontent.com\/-ehR4l2SZHrE\/Uug4c55D72I\/AAAAAAAAeYY\/V4rRvyvp0lY\/s640\/blogger-image--1827615427.jpg\" imageanchor=\"1\" style=\"margin-left: 1em; margin-right: 1em;\"><img decoding=\"async\" border=\"0\" src=\"https:\/\/lh3.googleusercontent.com\/-ehR4l2SZHrE\/Uug4c55D72I\/AAAAAAAAeYY\/V4rRvyvp0lY\/s640\/blogger-image--1827615427.jpg\"><\/a><\/div>\n<div class=\"separator\" style=\"clear: both;\">\n<a href=\"https:\/\/lh3.googleusercontent.com\/-n2UPoVJalpo\/Uug4YHey8rI\/AAAAAAAAeYQ\/Z5ULhOZu1rI\/s640\/blogger-image--299136809.jpg\" imageanchor=\"1\" style=\"margin-left: 1em; margin-right: 1em;\"><img decoding=\"async\" border=\"0\" src=\"https:\/\/lh3.googleusercontent.com\/-n2UPoVJalpo\/Uug4YHey8rI\/AAAAAAAAeYQ\/Z5ULhOZu1rI\/s640\/blogger-image--299136809.jpg\"><\/a><\/div>\n<\/div>\n<div>\n<\/div>\n","protected":false},"excerpt":{"rendered":"<p>Un caballo fam\u00e9lico result\u00f3 lesionado luego de que un cami\u00f3n de pasaje arrollara la carreta que tiraba el equino. El accidente ocurri\u00f3 en Progreso, a las&nbsp;12:30&nbsp;horas, &nbsp;en la &nbsp;calle 39<\/p>\n","protected":false},"author":1,"featured_media":17805,"comment_status":"open","ping_status":"open","sticky":false,"template":"","format":"standard","meta":{"jetpack_post_was_ever_published":false,"_jetpack_newsletter_access":"","_jetpack_dont_email_post_to_subs":false,"_jetpack_newsletter_tier_id":0,"_jetpack_memberships_contains_paywalled_content":false,"_jetpack_memberships_contains_paid_content":false,"footnotes":"","jetpack_publicize_message":"","jetpack_publicize_feature_enabled":true,"jetpack_social_post_already_shared":false,"jetpack_social_options":{"image_generator_settings":{"template":"highway","default_image_id":0,"font":"","enabled":false},"version":2}},"categories":[10,3,1],"tags":[],"class_list":["post-3848","post","type-post","status-publish","format-standard","has-post-thumbnail","hentry","category-lectura-recomendada","category-portada","category-sin-categoria"],"jetpack_publicize_connections":[],"jetpack_featured_media_url":"https:\/\/formalprision.com\/wp-content\/uploads\/2014\/01\/blogger-image-1827615427.jpg","jetpack_sharing_enabled":true,"jetpack_shortlink":"https:\/\/wp.me\/p6id8p-104","_links":{"self":[{"href":"https:\/\/formalprision.com\/index.php?rest_route=\/wp\/v2\/posts\/3848","targetHints":{"allow":["GET"]}}],"collection":[{"href":"https:\/\/formalprision.com\/index.php?rest_route=\/wp\/v2\/posts"}],"about":[{"href":"https:\/\/formalprision.com\/index.php?rest_route=\/wp\/v2\/types\/post"}],"author":[{"embeddable":true,"href":"https:\/\/formalprision.com\/index.php?rest_route=\/wp\/v2\/users\/1"}],"replies":[{"embeddable":true,"href":"https:\/\/formalprision.com\/index.php?rest_route=%2Fwp%2Fv2%2Fcomments&post=3848"}],"version-history":[{"count":0,"href":"https:\/\/formalprision.com\/index.php?rest_route=\/wp\/v2\/posts\/3848\/revisions"}],"wp:featuredmedia":[{"embeddable":true,"href":"https:\/\/formalprision.com\/index.php?rest_route=\/wp\/v2\/media\/17805"}],"wp:attachment":[{"href":"https:\/\/formalprision.com\/index.php?rest_route=%2Fwp%2Fv2%2Fmedia&parent=3848"}],"wp:term":[{"taxonomy":"category","embeddable":true,"href":"https:\/\/formalprision.com\/index.php?rest_route=%2Fwp%2Fv2%2Fcategories&post=3848"},{"taxonomy":"post_tag","embeddable":true,"href":"https:\/\/formalprision.com\/index.php?rest_route=%2Fwp%2Fv2%2Ftags&post=3848"}],"curies":[{"name":"wp","href":"https:\/\/api.w.org\/{rel}","templated":true}]}}