{"id":3851,"date":"2014-01-28T01:50:00","date_gmt":"2014-01-28T01:50:00","guid":{"rendered":"http:\/\/formalprision.info\/2014\/01\/28\/pescador-roba-cableria-porque-no-puede\/"},"modified":"2015-06-03T08:40:33","modified_gmt":"2015-06-03T08:40:33","slug":"pescador-roba-cableria-porque-no-puede","status":"publish","type":"post","link":"https:\/\/formalprision.com\/?p=3851","title":{"rendered":"Pescador roba porque no puede salir a pescar por el mal tiempo"},"content":{"rendered":"<div style=\"-webkit-composition-fill-color: rgba(130, 98, 83, 0.0976563); -webkit-composition-frame-color: rgba(191, 107, 82, 0.496094); -webkit-tap-highlight-color: rgba(26, 26, 26, 0.296875); font-family: Noteworthy; font-size: 18px; font-weight: bold; line-height: 24px;\">\nUn pescador oriundo de Izamal fue capturado en Progreso lego de robar 60 metros de cabler\u00eda de cobre,<\/div>\n<div style=\"-webkit-composition-fill-color: rgba(130, 98, 83, 0.0976563); -webkit-composition-frame-color: rgba(191, 107, 82, 0.496094); -webkit-tap-highlight-color: rgba(26, 26, 26, 0.296875); font-family: Noteworthy; font-size: 18px; font-weight: bold; line-height: 24px;\">\nEl sujeto, identificado como Valent\u00edn Herrera Chan, confes\u00f3 que comenz\u00f3 a robar porque no ha podido salir a pescar por el mal tiempo que ha prevalecido en la costa yucateca.<\/div>\n<div style=\"-webkit-composition-fill-color: rgba(130, 98, 83, 0.0976563); -webkit-composition-frame-color: rgba(191, 107, 82, 0.496094); -webkit-tap-highlight-color: rgba(26, 26, 26, 0.296875); font-family: Noteworthy; font-size: 18px; font-weight: bold; line-height: 24px;\">\nFue detenido a las 14:00 horas en la calle 106 x 39 y 41 de la colonia Canul Reyes, en el puerto.<\/div>\n<div style=\"-webkit-composition-fill-color: rgba(130, 98, 83, 0.0976563); -webkit-composition-frame-color: rgba(191, 107, 82, 0.496094); -webkit-tap-highlight-color: rgba(26, 26, 26, 0.296875); font-family: Noteworthy; font-size: 18px; font-weight: bold; line-height: 24px;\">\nUna persona lo vio de techo en techo y dio aviso a la Polic\u00eda Municipal, que acudi\u00f3 al sitio, por lo que el sujeto pretendi\u00f3 darse a la fuga y se escondi\u00f3 en un callej\u00f3n de la zona.<\/div>\n<div style=\"-webkit-composition-fill-color: rgba(130, 98, 83, 0.0976563); -webkit-composition-frame-color: rgba(191, 107, 82, 0.496094); -webkit-tap-highlight-color: rgba(26, 26, 26, 0.296875); font-family: Noteworthy; font-size: 18px; font-weight: bold; line-height: 24px;\">\nValent\u00edn Herrera, de 30 a\u00f1os, fue detenido cuando ten\u00eda escondido ya &nbsp;aproximadamente 60 metros de cable.<\/div>\n<div style=\"-webkit-composition-fill-color: rgba(130, 98, 83, 0.0976563); -webkit-composition-frame-color: rgba(191, 107, 82, 0.496094); -webkit-tap-highlight-color: rgba(26, 26, 26, 0.296875); font-family: Noteworthy; font-size: 18px; font-weight: bold; line-height: 24px;\">\nAdmiti\u00f3 que roba cabler\u00eda de cobre porque se vende a buen precio y es m\u00e1s f\u00e1cil que pescar mero en esta \u00e9poca, toda vez que s\u00f3lo pueden salir a la pesca algunos d\u00edas y descansar otros por el mal tiempo.<\/p>\n<div class=\"separator\" style=\"clear: both;\">\n<a href=\"https:\/\/lh4.googleusercontent.com\/-A-Lc_LwGIHs\/UucM2TGDWdI\/AAAAAAAAeXg\/m5oT0D5OQYg\/s640\/blogger-image-833688181.jpg\" imageanchor=\"1\" style=\"margin-left: 1em; margin-right: 1em;\"><img decoding=\"async\" border=\"0\" src=\"https:\/\/lh4.googleusercontent.com\/-A-Lc_LwGIHs\/UucM2TGDWdI\/AAAAAAAAeXg\/m5oT0D5OQYg\/s640\/blogger-image-833688181.jpg\" \/><\/a><\/div>\n<\/div>\n","protected":false},"excerpt":{"rendered":"<p>Un pescador oriundo de Izamal fue capturado en Progreso lego de robar 60 metros de cabler\u00eda de cobre, El sujeto, identificado como Valent\u00edn Herrera Chan, confes\u00f3 que comenz\u00f3 a robar<\/p>\n","protected":false},"author":1,"featured_media":17811,"comment_status":"open","ping_status":"open","sticky":false,"template":"","format":"standard","meta":{"jetpack_post_was_ever_published":false,"_jetpack_newsletter_access":"","_jetpack_dont_email_post_to_subs":false,"_jetpack_newsletter_tier_id":0,"_jetpack_memberships_contains_paywalled_content":false,"_jetpack_memberships_contains_paid_content":false,"footnotes":"","jetpack_publicize_message":"","jetpack_publicize_feature_enabled":true,"jetpack_social_post_already_shared":false,"jetpack_social_options":{"image_generator_settings":{"template":"highway","default_image_id":0,"font":"","enabled":false},"version":2}},"categories":[6,8,3,1],"tags":[],"class_list":["post-3851","post","type-post","status-publish","format-standard","has-post-thumbnail","hentry","category-lo-mas-leido","category-noticias-variadas","category-portada","category-sin-categoria"],"jetpack_publicize_connections":[],"jetpack_featured_media_url":"https:\/\/formalprision.com\/wp-content\/uploads\/2014\/01\/blogger-image-833688181.jpg","jetpack_sharing_enabled":true,"jetpack_shortlink":"https:\/\/wp.me\/p6id8p-107","_links":{"self":[{"href":"https:\/\/formalprision.com\/index.php?rest_route=\/wp\/v2\/posts\/3851","targetHints":{"allow":["GET"]}}],"collection":[{"href":"https:\/\/formalprision.com\/index.php?rest_route=\/wp\/v2\/posts"}],"about":[{"href":"https:\/\/formalprision.com\/index.php?rest_route=\/wp\/v2\/types\/post"}],"author":[{"embeddable":true,"href":"https:\/\/formalprision.com\/index.php?rest_route=\/wp\/v2\/users\/1"}],"replies":[{"embeddable":true,"href":"https:\/\/formalprision.com\/index.php?rest_route=%2Fwp%2Fv2%2Fcomments&post=3851"}],"version-history":[{"count":0,"href":"https:\/\/formalprision.com\/index.php?rest_route=\/wp\/v2\/posts\/3851\/revisions"}],"wp:featuredmedia":[{"embeddable":true,"href":"https:\/\/formalprision.com\/index.php?rest_route=\/wp\/v2\/media\/17811"}],"wp:attachment":[{"href":"https:\/\/formalprision.com\/index.php?rest_route=%2Fwp%2Fv2%2Fmedia&parent=3851"}],"wp:term":[{"taxonomy":"category","embeddable":true,"href":"https:\/\/formalprision.com\/index.php?rest_route=%2Fwp%2Fv2%2Fcategories&post=3851"},{"taxonomy":"post_tag","embeddable":true,"href":"https:\/\/formalprision.com\/index.php?rest_route=%2Fwp%2Fv2%2Ftags&post=3851"}],"curies":[{"name":"wp","href":"https:\/\/api.w.org\/{rel}","templated":true}]}}