{"id":3852,"date":"2014-01-28T01:37:00","date_gmt":"2014-01-28T01:37:00","guid":{"rendered":"http:\/\/formalprision.info\/2014\/01\/28\/presentan-informe-sobre-acciones-de\/"},"modified":"2015-06-03T08:40:33","modified_gmt":"2015-06-03T08:40:33","slug":"presentan-informe-sobre-acciones-de","status":"publish","type":"post","link":"https:\/\/formalprision.com\/?p=3852","title":{"rendered":"Presentan informe sobre acciones de impulso al desarrollo econ\u00f3mico."},"content":{"rendered":"<div style=\"font-family: Noteworthy; font-size: 18px; font-weight: bold; line-height: 24px; -webkit-tap-highlight-color: rgba(26, 26, 26, 0.296875); -webkit-composition-fill-color: rgba(130, 98, 83, 0.0976563); -webkit-composition-frame-color: rgba(191, 107, 82, 0.496094); \">M\u00e9rida, Yucat\u00e1n, 27 de enero de 2014.- Durante los \u00faltimos 15 meses, en&nbsp;Yucat\u00e1n se crearon 15 mil 186 nuevos empleos, cifra que representa el mayor&nbsp;incremento anual de plazas laborales formales en poco m\u00e1s de una d\u00e9cada,&nbsp;asever\u00f3 el titular de la Secretar\u00eda del Trabajo y Previsi\u00f3n Social (STPS),&nbsp;Enrique Castillo Ruz, en el marco de la s\u00e9ptima reuni\u00f3n tem\u00e1tica con motivo&nbsp;del Primer Informe de Resultados.<\/div>\n<div style=\"font-family: Noteworthy; font-size: 18px; font-weight: bold; line-height: 24px; -webkit-tap-highlight-color: rgba(26, 26, 26, 0.296875); -webkit-composition-fill-color: rgba(130, 98, 83, 0.0976563); -webkit-composition-frame-color: rgba(191, 107, 82, 0.496094); \">En el evento, celebrado en el Centro de Convenciones Yucat\u00e1n Siglo XXI, el&nbsp;funcionario destac\u00f3 que dicho crecimiento es producto de la implementaci\u00f3n&nbsp;de diversos esquemas como ferias y bolsas de trabajo, adem\u00e1s de programas&nbsp;como el de Fomento al Autoempleo, que durante ese lapso se extendieron al&nbsp;interior del estado.<\/div>\n<div style=\"font-family: Noteworthy; font-size: 18px; font-weight: bold; line-height: 24px; -webkit-tap-highlight-color: rgba(26, 26, 26, 0.296875); -webkit-composition-fill-color: rgba(130, 98, 83, 0.0976563); -webkit-composition-frame-color: rgba(191, 107, 82, 0.496094); \">En presencia del jefe de Despacho del Gobernador, Eric Rubio Barthell,&nbsp;Castillo Ruz resalt\u00f3 que en el periodo que se informa se realizaron 11&nbsp;ferias en las que se ofertaron cuatro mil 221 vacantes y se colocaron en&nbsp;alg\u00fan puesto a tres mil 222 personas de 88 municipios de la entidad.<\/div>\n<div style=\"font-family: Noteworthy; font-size: 18px; font-weight: bold; line-height: 24px; -webkit-tap-highlight-color: rgba(26, 26, 26, 0.296875); -webkit-composition-fill-color: rgba(130, 98, 83, 0.0976563); -webkit-composition-frame-color: rgba(191, 107, 82, 0.496094); \">A trav\u00e9s de la Bolsa de Trabajo de la STPS, abund\u00f3, se atendieron 31 mil 391&nbsp;personas en busca de una oportunidad de las cuales fueron colocadas en una&nbsp;plaza formal 13 mil 478. Asimismo se acerc\u00f3 ese servicio a los municipios de&nbsp;Progreso, Tizim\u00edn, Motul, Um\u00e1n, Hunucm\u00e1 y Tekax.<\/div>\n<div style=\"font-family: Noteworthy; font-size: 18px; font-weight: bold; line-height: 24px; -webkit-tap-highlight-color: rgba(26, 26, 26, 0.296875); -webkit-composition-fill-color: rgba(130, 98, 83, 0.0976563); -webkit-composition-frame-color: rgba(191, 107, 82, 0.496094); \">Ante representantes de c\u00e1maras y asociaciones empresariales de la entidad,&nbsp;el titular de la STPS record\u00f3 que mediante los programas de becas y&nbsp;Capacitaci\u00f3n en la Pr\u00e1ctica Laboral se favoreci\u00f3 a cinco mil 780&nbsp;trabajadores de Izamal, M\u00e9rida, Um\u00e1n, Baca, Progreso, Tizim\u00edn, Tekit y&nbsp;Valladolid<\/div>\n<div style=\"font-family: Noteworthy; font-size: 18px; font-weight: bold; line-height: 24px; -webkit-tap-highlight-color: rgba(26, 26, 26, 0.296875); -webkit-composition-fill-color: rgba(130, 98, 83, 0.0976563); -webkit-composition-frame-color: rgba(191, 107, 82, 0.496094); \">\u201cEl desarrollo del esquema B\u00e9cate permiti\u00f3 alanzar un monto de 54 millones&nbsp;480 mil 850 pesos, y en el \u00faltimo trimestre del 2012 y todo el a\u00f1o 2013 se&nbsp;logr\u00f3 beneficiar a 18 mil 271 buscadores de trabajo de 96 municipios, adem\u00e1s&nbsp;logramos colocar a un puesto formal o actividad productiva por cuenta propia&nbsp;a nueve mil 916 j\u00f3venes\u201d, expres\u00f3.<\/div>\n<div style=\"font-family: Noteworthy; font-size: 18px; font-weight: bold; line-height: 24px; -webkit-tap-highlight-color: rgba(26, 26, 26, 0.296875); -webkit-composition-fill-color: rgba(130, 98, 83, 0.0976563); -webkit-composition-frame-color: rgba(191, 107, 82, 0.496094); \">Acompa\u00f1ado del titular de la Secretar\u00eda de Fomento Econ\u00f3mico del Estado&nbsp;(SEFOE), David Alpizar Carrillo, &nbsp;el funcionario precis\u00f3 que con la&nbsp;iniciativa de Fomento al Autoempleo en la que se ejercieron m\u00e1s de 13&nbsp;millones de pesos, se logr\u00f3 la conformaci\u00f3n de 607 micronegocios en 84&nbsp;municipios, lo que representa un incremento del 56 por ciento con respecto&nbsp;al a\u00f1o anterior.<\/div>\n<div style=\"font-family: Noteworthy; font-size: 18px; font-weight: bold; line-height: 24px; -webkit-tap-highlight-color: rgba(26, 26, 26, 0.296875); -webkit-composition-fill-color: rgba(130, 98, 83, 0.0976563); -webkit-composition-frame-color: rgba(191, 107, 82, 0.496094); \">Con el Programa de Artes y Oficios en el que se invirtieron m\u00e1s de nueve&nbsp;millones de pesos, se atendi\u00f3 a mil 716 personas de 42 municipios. De igual&nbsp;forma, el funcionario mencion\u00f3 que se inici\u00f3 la modernizaci\u00f3n integral de la&nbsp;Junta de Conciliaci\u00f3n y Arbitraje de Yucat\u00e1n en la que se erogaron recursos&nbsp;superiores a los tres millones de pesos.<\/div>\n<div style=\"font-family: Noteworthy; font-size: 18px; font-weight: bold; line-height: 24px; -webkit-tap-highlight-color: rgba(26, 26, 26, 0.296875); -webkit-composition-fill-color: rgba(130, 98, 83, 0.0976563); -webkit-composition-frame-color: rgba(191, 107, 82, 0.496094); \">Acompa\u00f1ado de dirigentes sindicales y acad\u00e9micos, el titular de la SEFOE&nbsp;detall\u00f3 que a trav\u00e9s del Fondo para la Micro, Peque\u00f1a y Mediana Empresa&nbsp;(Fondo PyME), en el que se ejercieron recursos por 135 millones 471 mil 175&nbsp;pesos, se logr\u00f3 la conformaci\u00f3n de una cartera de proyectos en beneficio de&nbsp;la planta empresarial local para elevar los niveles de productividad y&nbsp;competitividad.<\/div>\n<div style=\"font-family: Noteworthy; font-size: 18px; font-weight: bold; line-height: 24px; -webkit-tap-highlight-color: rgba(26, 26, 26, 0.296875); -webkit-composition-fill-color: rgba(130, 98, 83, 0.0976563); -webkit-composition-frame-color: rgba(191, 107, 82, 0.496094); \">\u201cBajo este marco se han otorgado apoyos econ\u00f3micos para 21 proyectos&nbsp;presentados, generando con ello un total de 625 nuevas fuentes de empleo,&nbsp;as\u00ed como la conservaci\u00f3n de mil 985 plazas laborales\u201d, especific\u00f3.<\/div>\n<div style=\"font-family: Noteworthy; font-size: 18px; font-weight: bold; line-height: 24px; -webkit-tap-highlight-color: rgba(26, 26, 26, 0.296875); -webkit-composition-fill-color: rgba(130, 98, 83, 0.0976563); -webkit-composition-frame-color: rgba(191, 107, 82, 0.496094); \">Con el Fondo Integral para el Desarrollo Econ\u00f3mico de Yucat\u00e1n (FIDEY), el&nbsp;cual ascendi\u00f3 a 12 millones 567 mil 500 pesos se otorgaron 106 cr\u00e9ditos a&nbsp;micro, peque\u00f1as y medianas empresas del sector &nbsp;industrial, comercial, de&nbsp;servicios para la habilitaci\u00f3n o av\u00edo, y del ramo refaccionario.<\/div>\n<div style=\"font-family: Noteworthy; font-size: 18px; font-weight: bold; line-height: 24px; -webkit-tap-highlight-color: rgba(26, 26, 26, 0.296875); -webkit-composition-fill-color: rgba(130, 98, 83, 0.0976563); -webkit-composition-frame-color: rgba(191, 107, 82, 0.496094); \">\u201cUno de los logros m\u00e1s significativos durante el periodo que se informa fue&nbsp;la creaci\u00f3n del Fondo de Atracci\u00f3n de Inversi\u00f3n Nacional y Extranjera para&nbsp;el Estado, en el que se cont\u00f3 con un total de 15 millones 317 mil 393 pesos,&nbsp;estrategia que logr\u00f3 favorecer a tres negocios locales, cuatro nacionales y&nbsp;tres internacionales\u201d, remarc\u00f3 Alpizar Carrillo.<\/div>\n<div style=\"font-family: Noteworthy; font-size: 18px; font-weight: bold; line-height: 24px; -webkit-tap-highlight-color: rgba(26, 26, 26, 0.296875); -webkit-composition-fill-color: rgba(130, 98, 83, 0.0976563); -webkit-composition-frame-color: rgba(191, 107, 82, 0.496094); \">Refiri\u00f3 que mediante la promoci\u00f3n e impulso a las exportaciones se logr\u00f3 la&nbsp;participaci\u00f3n de 80 compa\u00f1\u00edas yucatecas en ferias de promoci\u00f3n mundiales,&nbsp;entre las cuales destacan la Boston Seafood Show y la European Seafood del&nbsp;sector pesquero, la Biofach de productos org\u00e1nicos, y la Feria Internacional&nbsp;de la Habana (FIHAV), de alcance multisectorial.<\/div>\n<div style=\"font-family: Noteworthy; font-size: 18px; font-weight: bold; line-height: 24px; -webkit-tap-highlight-color: rgba(26, 26, 26, 0.296875); -webkit-composition-fill-color: rgba(130, 98, 83, 0.0976563); -webkit-composition-frame-color: rgba(191, 107, 82, 0.496094); \">En el marco de atracci\u00f3n de industrias al Parque Cient\u00edfico y Tecnol\u00f3gico de&nbsp;Yucat\u00e1n, inform\u00f3 el funcionario, se logr\u00f3 la donaci\u00f3n de terrenos para lainstalaci\u00f3n de las empresas ZNOVA Agroindustrias, Public Sector Research&nbsp;Group y la Cl\u00ednica de Enfermedades Cr\u00f3nicas y Procedimiento Especiales&nbsp;(CECYPE), las cuales pertenecen a los ramos agroindustrial, de servicios&nbsp;especializados para la asistencia de Mipymes, y de desarrollo de insumos en&nbsp;salud.(comunicado)<\/p>\n<div class=\"separator\" style=\"clear: both;\"><a href=\"https:\/\/lh3.googleusercontent.com\/-aNs2Ra-5SNk\/UucJxgMR6GI\/AAAAAAAAeXU\/NyPheRHBZ1Q\/s640\/blogger-image--1869263192.jpg\" imageanchor=\"1\" style=\"margin-left: 1em; margin-right: 1em;\"><img decoding=\"async\" border=\"0\" src=\"https:\/\/lh3.googleusercontent.com\/-aNs2Ra-5SNk\/UucJxgMR6GI\/AAAAAAAAeXU\/NyPheRHBZ1Q\/s640\/blogger-image--1869263192.jpg\"><\/a><\/div>\n<\/div>\n<div style=\"font-family: Noteworthy; font-size: 18px; font-weight: bold; line-height: 24px; -webkit-tap-highlight-color: rgba(26, 26, 26, 0.296875); -webkit-composition-fill-color: rgba(130, 98, 83, 0.0976563); -webkit-composition-frame-color: rgba(191, 107, 82, 0.496094); \"><\/div>\n","protected":false},"excerpt":{"rendered":"<p>M\u00e9rida, Yucat\u00e1n, 27 de enero de 2014.- Durante los \u00faltimos 15 meses, en&nbsp;Yucat\u00e1n se crearon 15 mil 186 nuevos empleos, cifra que representa el mayor&nbsp;incremento anual de plazas laborales formales<\/p>\n","protected":false},"author":1,"featured_media":17813,"comment_status":"open","ping_status":"open","sticky":false,"template":"","format":"standard","meta":{"jetpack_post_was_ever_published":false,"_jetpack_newsletter_access":"","_jetpack_dont_email_post_to_subs":false,"_jetpack_newsletter_tier_id":0,"_jetpack_memberships_contains_paywalled_content":false,"_jetpack_memberships_contains_paid_content":false,"footnotes":"","jetpack_publicize_message":"","jetpack_publicize_feature_enabled":true,"jetpack_social_post_already_shared":false,"jetpack_social_options":{"image_generator_settings":{"template":"highway","default_image_id":0,"font":"","enabled":false},"version":2}},"categories":[17,1],"tags":[],"class_list":["post-3852","post","type-post","status-publish","format-standard","has-post-thumbnail","hentry","category-politica-y-gobierno","category-sin-categoria"],"jetpack_publicize_connections":[],"jetpack_featured_media_url":"https:\/\/formalprision.com\/wp-content\/uploads\/2014\/01\/blogger-image-1869263192.jpg","jetpack_sharing_enabled":true,"jetpack_shortlink":"https:\/\/wp.me\/p6id8p-108","_links":{"self":[{"href":"https:\/\/formalprision.com\/index.php?rest_route=\/wp\/v2\/posts\/3852","targetHints":{"allow":["GET"]}}],"collection":[{"href":"https:\/\/formalprision.com\/index.php?rest_route=\/wp\/v2\/posts"}],"about":[{"href":"https:\/\/formalprision.com\/index.php?rest_route=\/wp\/v2\/types\/post"}],"author":[{"embeddable":true,"href":"https:\/\/formalprision.com\/index.php?rest_route=\/wp\/v2\/users\/1"}],"replies":[{"embeddable":true,"href":"https:\/\/formalprision.com\/index.php?rest_route=%2Fwp%2Fv2%2Fcomments&post=3852"}],"version-history":[{"count":0,"href":"https:\/\/formalprision.com\/index.php?rest_route=\/wp\/v2\/posts\/3852\/revisions"}],"wp:featuredmedia":[{"embeddable":true,"href":"https:\/\/formalprision.com\/index.php?rest_route=\/wp\/v2\/media\/17813"}],"wp:attachment":[{"href":"https:\/\/formalprision.com\/index.php?rest_route=%2Fwp%2Fv2%2Fmedia&parent=3852"}],"wp:term":[{"taxonomy":"category","embeddable":true,"href":"https:\/\/formalprision.com\/index.php?rest_route=%2Fwp%2Fv2%2Fcategories&post=3852"},{"taxonomy":"post_tag","embeddable":true,"href":"https:\/\/formalprision.com\/index.php?rest_route=%2Fwp%2Fv2%2Ftags&post=3852"}],"curies":[{"name":"wp","href":"https:\/\/api.w.org\/{rel}","templated":true}]}}