{"id":3854,"date":"2014-01-28T00:37:00","date_gmt":"2014-01-28T00:37:00","guid":{"rendered":"http:\/\/formalprision.info\/2014\/01\/28\/mas-de-seis-mil-personas-asesoradas-en\/"},"modified":"2015-06-03T08:40:37","modified_gmt":"2015-06-03T08:40:37","slug":"mas-de-seis-mil-personas-asesoradas-en","status":"publish","type":"post","link":"https:\/\/formalprision.com\/?p=3854","title":{"rendered":"M\u00e1s de seis mil personas asesoradas en Unidad de Atenci\u00f3n a V\u00edctimas"},"content":{"rendered":"<div style=\"font-family: Noteworthy; font-size: 18px; font-weight: bold; line-height: 24px; -webkit-tap-highlight-color: rgba(26, 26, 26, 0.296875); -webkit-composition-fill-color: rgba(130, 98, 83, 0.0976563); -webkit-composition-frame-color: rgba(191, 107, 82, 0.496094); \">\n<div>Con un total de seis mil 844 personas atendidas durante el \u00faltimo a\u00f1o, la Unidad de Atenci\u00f3n a V\u00edctimas de la Fiscal\u00eda General del Estado (FGE) contin\u00faa como una de las \u00e1reas de contacto directo m\u00e1s solicitadas por la ciudadan\u00eda, que acude ante dicha instancia para recibir ayuda en materia jur\u00eddica y psicol\u00f3gica.<\/div>\n<div>La directora del \u00e1rea, Lucelly Cervera G\u00f3ngora, record\u00f3 que la Unidad cuenta con especialistas capacitados para dar un servicio integral a las personas que lo solicitan por alguna cuesti\u00f3n de \u00edndole legal, as\u00ed como a las v\u00edctimas del delito que requieran atenci\u00f3n para superar situaciones de su entorno social.<\/div>\n<div>En el caso de las asesor\u00edas jur\u00eddicas, la funcionaria mencion\u00f3 que los licenciados brindan el apoyo necesario al ciudadano desde el momento de interponer la denuncia, dando seguimiento a las diligencias para la integraci\u00f3n de la averiguaci\u00f3n previa hasta que el expediente sea canalizado a un Juzgado Penal.<\/div>\n<div>En ese sentido, resalt\u00f3 que aunque el n\u00famero de atendidos en 2013 ascendi\u00f3 a un total de cuatro mil 525 personas, se registr\u00f3 un peque\u00f1o descenso en las cifras en comparaci\u00f3n con el 2012, gracias a los servicios de mediaci\u00f3n que cada vez cobran mayor relevancia dentro de la instituci\u00f3n y mediante los cuales la gente ha logrado resolver sus conflictos sin necesidad de interponer una querella.<\/div>\n<div>En materia de atenci\u00f3n psicol\u00f3gica se brindaron dos mil 233 asesor\u00edas, en las cuales los especialistas han intervenido en alguna situaci\u00f3n de crisis por alguna afectaci\u00f3n emocional de la v\u00edctima que, en la mayor\u00eda de los casos, est\u00e1 relacionada con hechos de tipo sexual o de violencia familiar.&nbsp;<\/div>\n<div>Del mismo modo se cuenta con trabajadores sociales que efect\u00faan acompa\u00f1amientos o gestiones para apoyar a las v\u00edctimas que necesiten de otras instancias como refugios, albergues y hospitales, entre otros, ofreciendo la asistencia necesaria en estos casos, al tiempo que intervienen en visitas para investigar el entorno social de alg\u00fan denunciante y rendir el informe correspondiente que permita tomar las medidas adecuadas.<\/div>\n<div>La Unidad de Atenci\u00f3n a V\u00edctimas ofrece sus servicios los 365 d\u00edas del a\u00f1o con un horario de ocho a una de la ma\u00f1ana, de lunes a viernes, y de ocho de la ma\u00f1ana a cuatro de la tarde, los fines de semana y d\u00edas festivos. (Comunicado)<\/p>\n<div class=\"separator\" style=\"clear: both;\"><a href=\"https:\/\/lh5.googleusercontent.com\/-BMA6jykzZ_w\/Uub7uGUiuzI\/AAAAAAAAeW8\/WZ_L5kqnvls\/s640\/blogger-image-1156034121.jpg\" imageanchor=\"1\" style=\"margin-left: 1em; margin-right: 1em;\"><img decoding=\"async\" border=\"0\" src=\"https:\/\/lh5.googleusercontent.com\/-BMA6jykzZ_w\/Uub7uGUiuzI\/AAAAAAAAeW8\/WZ_L5kqnvls\/s640\/blogger-image-1156034121.jpg\"><\/a><\/div>\n<\/div>\n<div><\/div>\n<\/div>\n","protected":false},"excerpt":{"rendered":"<p>Con un total de seis mil 844 personas atendidas durante el \u00faltimo a\u00f1o, la Unidad de Atenci\u00f3n a V\u00edctimas de la Fiscal\u00eda General del Estado (FGE) contin\u00faa como una de<\/p>\n","protected":false},"author":1,"featured_media":17817,"comment_status":"open","ping_status":"open","sticky":false,"template":"","format":"standard","meta":{"jetpack_post_was_ever_published":false,"_jetpack_newsletter_access":"","_jetpack_dont_email_post_to_subs":false,"_jetpack_newsletter_tier_id":0,"_jetpack_memberships_contains_paywalled_content":false,"_jetpack_memberships_contains_paid_content":false,"footnotes":"","jetpack_publicize_message":"","jetpack_publicize_feature_enabled":true,"jetpack_social_post_already_shared":false,"jetpack_social_options":{"image_generator_settings":{"template":"highway","default_image_id":0,"font":"","enabled":false},"version":2}},"categories":[17,3,1],"tags":[],"class_list":["post-3854","post","type-post","status-publish","format-standard","has-post-thumbnail","hentry","category-politica-y-gobierno","category-portada","category-sin-categoria"],"jetpack_publicize_connections":[],"jetpack_featured_media_url":"https:\/\/formalprision.com\/wp-content\/uploads\/2014\/01\/blogger-image-1156034121.jpg","jetpack_sharing_enabled":true,"jetpack_shortlink":"https:\/\/wp.me\/p6id8p-10a","_links":{"self":[{"href":"https:\/\/formalprision.com\/index.php?rest_route=\/wp\/v2\/posts\/3854","targetHints":{"allow":["GET"]}}],"collection":[{"href":"https:\/\/formalprision.com\/index.php?rest_route=\/wp\/v2\/posts"}],"about":[{"href":"https:\/\/formalprision.com\/index.php?rest_route=\/wp\/v2\/types\/post"}],"author":[{"embeddable":true,"href":"https:\/\/formalprision.com\/index.php?rest_route=\/wp\/v2\/users\/1"}],"replies":[{"embeddable":true,"href":"https:\/\/formalprision.com\/index.php?rest_route=%2Fwp%2Fv2%2Fcomments&post=3854"}],"version-history":[{"count":0,"href":"https:\/\/formalprision.com\/index.php?rest_route=\/wp\/v2\/posts\/3854\/revisions"}],"wp:featuredmedia":[{"embeddable":true,"href":"https:\/\/formalprision.com\/index.php?rest_route=\/wp\/v2\/media\/17817"}],"wp:attachment":[{"href":"https:\/\/formalprision.com\/index.php?rest_route=%2Fwp%2Fv2%2Fmedia&parent=3854"}],"wp:term":[{"taxonomy":"category","embeddable":true,"href":"https:\/\/formalprision.com\/index.php?rest_route=%2Fwp%2Fv2%2Fcategories&post=3854"},{"taxonomy":"post_tag","embeddable":true,"href":"https:\/\/formalprision.com\/index.php?rest_route=%2Fwp%2Fv2%2Ftags&post=3854"}],"curies":[{"name":"wp","href":"https:\/\/api.w.org\/{rel}","templated":true}]}}