{"id":3856,"date":"2014-01-27T23:52:00","date_gmt":"2014-01-27T23:52:00","guid":{"rendered":"http:\/\/formalprision.info\/2014\/01\/27\/tres-muertos-y-11-heridos-en\/"},"modified":"2015-06-03T08:40:37","modified_gmt":"2015-06-03T08:40:37","slug":"tres-muertos-y-11-heridos-en","status":"publish","type":"post","link":"https:\/\/formalprision.com\/?p=3856","title":{"rendered":"Tres muertos y 11 heridos en encontronazo en carretera"},"content":{"rendered":"<div style=\"font-family: Noteworthy; font-size: 18px; font-weight: bold; line-height: 24px; -webkit-tap-highlight-color: rgba(26, 26, 26, 0.296875); -webkit-composition-fill-color: rgba(130, 98, 83, 0.0976563); -webkit-composition-frame-color: rgba(191, 107, 82, 0.496094); \">Autoridades de la Secretar\u00eda de Salud , Secretar\u00eda de Seguridad P\u00fablica (SSP) y Fiscal\u00eda General del Estado, atendieron esta ma\u00f1ana el accidente registrado en el kil\u00f3metro cuatro del tramo carretero Oxkutzcab-Lolt\u00fan, que dej\u00f3 como saldo tres personas fallecidas y 11 lesionadas<\/div>\n<div style=\"font-family: Noteworthy; font-size: 18px; font-weight: bold; line-height: 24px; -webkit-tap-highlight-color: rgba(26, 26, 26, 0.296875); -webkit-composition-fill-color: rgba(130, 98, 83, 0.0976563); -webkit-composition-frame-color: rgba(191, 107, 82, 0.496094); \">De acuerdo con las primeras investigaciones, el fatal accidente ocurri\u00f3 alrededor de las 07:30 horas, cuando el veh\u00edculo Ford 250, tipo Pick Up color verde, con placas de circulaci\u00f3n SZ-29309 del estado de Quintana Roo, invadi\u00f3 el carril contrario al querer rebasar a una motocicleta, colisionando de frente con la camioneta Tipo Van, color negro, con placas de circulaci\u00f3n YZS-6978, habilitado como taxi colectivo de la ruta Yaxhachen-Oxkutzcab.<\/div>\n<div style=\"font-family: Noteworthy; font-size: 18px; font-weight: bold; line-height: 24px; -webkit-tap-highlight-color: rgba(26, 26, 26, 0.296875); -webkit-composition-fill-color: rgba(130, 98, 83, 0.0976563); -webkit-composition-frame-color: rgba(191, 107, 82, 0.496094); \">Debido al impacto, el taxi colectivo avanz\u00f3 aproximados 80 metros hasta salirse del camino quedando volcado sobre su toldo, a cinco metros de la cinta asf\u00e1ltica.<\/div>\n<div style=\"font-family: Noteworthy; font-size: 18px; font-weight: bold; line-height: 24px; -webkit-tap-highlight-color: rgba(26, 26, 26, 0.296875); -webkit-composition-fill-color: rgba(130, 98, 83, 0.0976563); -webkit-composition-frame-color: rgba(191, 107, 82, 0.496094); \">Tras el reporte del percance, personal de las citadas dependencias iniciaron el operativo de atenci\u00f3n a las personas afectadas y que incluy\u00f3 el desplazamiento de ambulancias, elementos del Cuerpo de Bomberos, personal m\u00e9dico, policiaco, peritos y el Servicio M\u00e9dico Forense, que se dieron cita de inmediato en el lugar.<\/div>\n<div style=\"font-family: Noteworthy; font-size: 18px; font-weight: bold; line-height: 24px; -webkit-tap-highlight-color: rgba(26, 26, 26, 0.296875); -webkit-composition-fill-color: rgba(130, 98, 83, 0.0976563); -webkit-composition-frame-color: rgba(191, 107, 82, 0.496094); \">En el sitio de los hechos fallecieron el conductor de la camioneta de pasaje, quien respond\u00eda al nombre de Santos Amalio Tzac\u00fan Coll\u00ed, de 45 a\u00f1os de edad, y la pasajera Neya Mireya Cauich Dzul, de 60 a\u00f1os, ambos originarios de la comisar\u00eda de Yaxhachen, municipio de Oxkutzcab y tiempo despu\u00e9s Yanice Alejandra May May de 15 a\u00f1os de edad, cuando recib\u00eda los primeros auxilios en la cl\u00ednica del IMSS de Oxkutzcab<\/div>\n<div style=\"font-family: Noteworthy; font-size: 18px; font-weight: bold; line-height: 24px; -webkit-tap-highlight-color: rgba(26, 26, 26, 0.296875); -webkit-composition-fill-color: rgba(130, 98, 83, 0.0976563); -webkit-composition-frame-color: rgba(191, 107, 82, 0.496094); \">Por lo que toca a los lesionados, fueron trasladados a los hospitales Regional de Oxkutzcab; al Hospital General Agust\u00edn O\u00b4Hor\u00e1n y a la \u00abIgnacio Garc\u00eda T\u00e9llez\u00bb T-1.&nbsp;<\/div>\n<div style=\"font-family: Noteworthy; font-size: 18px; font-weight: bold; line-height: 24px; -webkit-tap-highlight-color: rgba(26, 26, 26, 0.296875); -webkit-composition-fill-color: rgba(130, 98, 83, 0.0976563); -webkit-composition-frame-color: rgba(191, 107, 82, 0.496094); \">En la lista de lesionados figuran: Ra\u00fal Rodrigo Dzul Santana; Mar\u00eda Silvia Yay Cauich y Br\u00edgida Chi May, reportados en estado grave.<\/div>\n<div style=\"font-family: Noteworthy; font-size: 18px; font-weight: bold; line-height: 24px; -webkit-tap-highlight-color: rgba(26, 26, 26, 0.296875); -webkit-composition-fill-color: rgba(130, 98, 83, 0.0976563); -webkit-composition-frame-color: rgba(191, 107, 82, 0.496094); \">Con diversas lesiones se enlista a Santos Leonor Uc Xul, Isela Xul Dzul, Mar\u00eda Isabel Chi May, Elsy Margarita Uc Puc, Seydi Yareli May Cauich, Eider Edgardo Can Santana y Jos\u00e9 Canch\u00e9 Chan, todos reportados como estables, adem\u00e1s del conductor de la Pick Up, Geovany Ricardo Ek Avila, de 26 a\u00f1os de edad, quien qued\u00f3 hospitalizado, bajo custodia en el Hospital Agust\u00edn O\u00b4Hor\u00e1n.<\/p>\n<div class=\"separator\" style=\"clear: both;\"><a href=\"https:\/\/lh4.googleusercontent.com\/-BPbpFoU--dc\/UubxIZ4YaKI\/AAAAAAAAeWg\/dCQ8TsaKKus\/s640\/blogger-image--750525931.jpg\" imageanchor=\"1\" style=\"margin-left: 1em; margin-right: 1em;\"><img decoding=\"async\" border=\"0\" src=\"https:\/\/lh4.googleusercontent.com\/-BPbpFoU--dc\/UubxIZ4YaKI\/AAAAAAAAeWg\/dCQ8TsaKKus\/s640\/blogger-image--750525931.jpg\"><\/a><\/div>\n<\/div>\n","protected":false},"excerpt":{"rendered":"<p>Autoridades de la Secretar\u00eda de Salud , Secretar\u00eda de Seguridad P\u00fablica (SSP) y Fiscal\u00eda General del Estado, atendieron esta ma\u00f1ana el accidente registrado en el kil\u00f3metro cuatro del tramo carretero<\/p>\n","protected":false},"author":1,"featured_media":17821,"comment_status":"open","ping_status":"open","sticky":false,"template":"","format":"standard","meta":{"jetpack_post_was_ever_published":false,"_jetpack_newsletter_access":"","_jetpack_dont_email_post_to_subs":false,"_jetpack_newsletter_tier_id":0,"_jetpack_memberships_contains_paywalled_content":false,"_jetpack_memberships_contains_paid_content":false,"footnotes":"","jetpack_publicize_message":"","jetpack_publicize_feature_enabled":true,"jetpack_social_post_already_shared":false,"jetpack_social_options":{"image_generator_settings":{"template":"highway","default_image_id":0,"font":"","enabled":false},"version":2}},"categories":[7,14,3,1],"tags":[],"class_list":["post-3856","post","type-post","status-publish","format-standard","has-post-thumbnail","hentry","category-breves","category-merida","category-portada","category-sin-categoria"],"jetpack_publicize_connections":[],"jetpack_featured_media_url":"https:\/\/formalprision.com\/wp-content\/uploads\/2014\/01\/blogger-image-750525931.jpg","jetpack_sharing_enabled":true,"jetpack_shortlink":"https:\/\/wp.me\/p6id8p-10c","_links":{"self":[{"href":"https:\/\/formalprision.com\/index.php?rest_route=\/wp\/v2\/posts\/3856","targetHints":{"allow":["GET"]}}],"collection":[{"href":"https:\/\/formalprision.com\/index.php?rest_route=\/wp\/v2\/posts"}],"about":[{"href":"https:\/\/formalprision.com\/index.php?rest_route=\/wp\/v2\/types\/post"}],"author":[{"embeddable":true,"href":"https:\/\/formalprision.com\/index.php?rest_route=\/wp\/v2\/users\/1"}],"replies":[{"embeddable":true,"href":"https:\/\/formalprision.com\/index.php?rest_route=%2Fwp%2Fv2%2Fcomments&post=3856"}],"version-history":[{"count":0,"href":"https:\/\/formalprision.com\/index.php?rest_route=\/wp\/v2\/posts\/3856\/revisions"}],"wp:featuredmedia":[{"embeddable":true,"href":"https:\/\/formalprision.com\/index.php?rest_route=\/wp\/v2\/media\/17821"}],"wp:attachment":[{"href":"https:\/\/formalprision.com\/index.php?rest_route=%2Fwp%2Fv2%2Fmedia&parent=3856"}],"wp:term":[{"taxonomy":"category","embeddable":true,"href":"https:\/\/formalprision.com\/index.php?rest_route=%2Fwp%2Fv2%2Fcategories&post=3856"},{"taxonomy":"post_tag","embeddable":true,"href":"https:\/\/formalprision.com\/index.php?rest_route=%2Fwp%2Fv2%2Ftags&post=3856"}],"curies":[{"name":"wp","href":"https:\/\/api.w.org\/{rel}","templated":true}]}}