{"id":3859,"date":"2014-01-26T20:11:00","date_gmt":"2014-01-26T20:11:00","guid":{"rendered":"http:\/\/formalprision.info\/2014\/01\/26\/inversion-de-mas-de-11-millones-en-30\/"},"modified":"2015-06-03T08:40:38","modified_gmt":"2015-06-03T08:40:38","slug":"inversion-de-mas-de-11-millones-en-30","status":"publish","type":"post","link":"https:\/\/formalprision.com\/?p=3859","title":{"rendered":"Inversi\u00f3n de m\u00e1s de 11 millones en 30 parques del sur de M\u00e9rida."},"content":{"rendered":"<div style=\"font-family: Noteworthy; font-size: 18px; font-weight: bold; line-height: 24px; -webkit-tap-highlight-color: rgba(26, 26, 26, 0.296875); -webkit-composition-fill-color: rgba(130, 98, 83, 0.0976563); -webkit-composition-frame-color: rgba(191, 107, 82, 0.496094); \">M\u00e9rida, Yucat\u00e1n, 26 de enero de 2014.- Las pol\u00edticas implementadas por el&nbsp;Gobernador Rolando Zapata Bello, buscan fortalecer la sociedad, a trav\u00e9s de&nbsp;programas de prevenci\u00f3n, blind\u00e1ndola contra conductas negativas que busquen&nbsp;desestabilizar la tranquilidad de la cual disfrutamos en Yucat\u00e1n, afirm\u00f3 el&nbsp;secretario General de Gobierno, &nbsp;V\u00edctor Caballero Dur\u00e1n, al hacer entrega de&nbsp;los dos primeros parques rehabilitados a familias del sur de M\u00e9rida.<\/div>\n<div style=\"font-family: Noteworthy; font-size: 18px; font-weight: bold; line-height: 24px; -webkit-tap-highlight-color: rgba(26, 26, 26, 0.296875); -webkit-composition-fill-color: rgba(130, 98, 83, 0.0976563); -webkit-composition-frame-color: rgba(191, 107, 82, 0.496094); \">En compa\u00f1\u00eda de la directora del Centro de Prevenci\u00f3n Social del Delito y&nbsp;Participaci\u00f3n Ciudadana de Yucat\u00e1n (Cepredey), Ver\u00f3nica Camino Farjat, el&nbsp;titular de la Secretar\u00eda General de Gobierno, inici\u00f3 la entrega de los dos&nbsp;primeros parques rescatados en la capital del estado, de 30 que se tienen&nbsp;previsto.<\/div>\n<div style=\"font-family: Noteworthy; font-size: 18px; font-weight: bold; line-height: 24px; -webkit-tap-highlight-color: rgba(26, 26, 26, 0.296875); -webkit-composition-fill-color: rgba(130, 98, 83, 0.0976563); -webkit-composition-frame-color: rgba(191, 107, 82, 0.496094); \">\u201cLa seguridad p\u00fablica y la paz social no solamente se basa en tener m\u00e1s&nbsp;polic\u00edas o m\u00e1s patrullas en las calles, sino en el fortalecimiento del&nbsp;tejido familiar que es el primer c\u00edrculo que inhibe conductas equivocadas y&nbsp;previene la descomposici\u00f3n de la comunidad\u201d, afirm\u00f3 el funcionario.<\/div>\n<div style=\"font-family: Noteworthy; font-size: 18px; font-weight: bold; line-height: 24px; -webkit-tap-highlight-color: rgba(26, 26, 26, 0.296875); -webkit-composition-fill-color: rgba(130, 98, 83, 0.0976563); -webkit-composition-frame-color: rgba(191, 107, 82, 0.496094); \">Al encabezar el acto en el cual se entreg\u00f3 a la comunidad los espacios&nbsp;verdes y de recreaci\u00f3n, Caballero Dur\u00e1n destac\u00f3 que en la rehabilitaci\u00f3n de&nbsp;los parques se invirtieron m\u00e1s de 11 millones de pesos entre iluminaci\u00f3n,&nbsp;pintura, jardiner\u00eda y trabajos de acondicionamiento.<\/div>\n<div style=\"font-family: Noteworthy; font-size: 18px; font-weight: bold; line-height: 24px; -webkit-tap-highlight-color: rgba(26, 26, 26, 0.296875); -webkit-composition-fill-color: rgba(130, 98, 83, 0.0976563); -webkit-composition-frame-color: rgba(191, 107, 82, 0.496094); \">El funcionario recalc\u00f3 que todas las acciones implementadas para el rescate&nbsp;de espacios y plazas p\u00fablicas son para que las familias acudan y hagan suyos&nbsp;esos lugares convirti\u00e9ndolos en puntos de reuni\u00f3n y sano entretenimiento&nbsp;para ellos y sus hijos.<\/div>\n<div style=\"font-family: Noteworthy; font-size: 18px; font-weight: bold; line-height: 24px; -webkit-tap-highlight-color: rgba(26, 26, 26, 0.296875); -webkit-composition-fill-color: rgba(130, 98, 83, 0.0976563); -webkit-composition-frame-color: rgba(191, 107, 82, 0.496094); \">Los dos primeros espacios entregados fueron el Tobog\u00e1n de la colonia San&nbsp;Jos\u00e9 Tecoh y el parque Cinco Colonias del mismo nombre, en los cuales se&nbsp;dieron cita autoridades de los tres \u00f3rdenes de gobierno y cientos de&nbsp;asistentes que pudieron disfrutar de los programas itinerantes del Cepredey.<\/div>\n<div style=\"font-family: Noteworthy; font-size: 18px; font-weight: bold; line-height: 24px; -webkit-tap-highlight-color: rgba(26, 26, 26, 0.296875); -webkit-composition-fill-color: rgba(130, 98, 83, 0.0976563); -webkit-composition-frame-color: rgba(191, 107, 82, 0.496094); \">En su oportunidad y ante cientos de ni\u00f1os y j\u00f3venes, Ver\u00f3nica Camino se\u00f1al\u00f3&nbsp;que los parques antes estaban olvidados, sucios e inoperantes y que gracias&nbsp;al trabajo de las instancias del gobierno estatal, es un punto de uni\u00f3n de&nbsp;las familias.<\/div>\n<div style=\"font-family: Noteworthy; font-size: 18px; font-weight: bold; line-height: 24px; -webkit-tap-highlight-color: rgba(26, 26, 26, 0.296875); -webkit-composition-fill-color: rgba(130, 98, 83, 0.0976563); -webkit-composition-frame-color: rgba(191, 107, 82, 0.496094); \">\u201cQueremos que este parque sea un punto donde las familias se unan y as\u00ed,&nbsp;combatamos unidos la delincuencia, que este parque que hoy rescatamos nos&nbsp;sirva, como dice el Gobernador, para construir el futuro, un futuro lleno de&nbsp;alegr\u00eda y bienestar, libre de vicios y violencia\u201d, apunt\u00f3.<\/div>\n<div style=\"font-family: Noteworthy; font-size: 18px; font-weight: bold; line-height: 24px; -webkit-tap-highlight-color: rgba(26, 26, 26, 0.296875); -webkit-composition-fill-color: rgba(130, 98, 83, 0.0976563); -webkit-composition-frame-color: rgba(191, 107, 82, 0.496094); \">El secretario de Obras P\u00fablicas, Daniel Quintal Ic, detall\u00f3 las obras&nbsp;realizadas como el ba\u00f1o de pintura en general a todas las \u00e1reas de los&nbsp;parques como bancas, barandales, gradas y arriates; as\u00ed como el&nbsp;reacondicionamiento de las canchas de basquetbol f\u00fatbol y voleibol; respecto&nbsp;a una de las mayores demandas de los vecinos que fue la iluminaci\u00f3n de las&nbsp;\u00e1reas coment\u00f3 que fue completada en su totalidad.<\/div>\n<div style=\"font-family: Noteworthy; font-size: 18px; font-weight: bold; line-height: 24px; -webkit-tap-highlight-color: rgba(26, 26, 26, 0.296875); -webkit-composition-fill-color: rgba(130, 98, 83, 0.0976563); -webkit-composition-frame-color: rgba(191, 107, 82, 0.496094); \">Tras el acto protocolario, se present\u00f3 el Teatrino de la Prevenci\u00f3n en un&nbsp;espacio que ser\u00e1 utilizado, adem\u00e1s, para que los ni\u00f1os tomen clases de&nbsp;teatro y jarana, entre otras actividades culturales.<\/div>\n<div style=\"font-family: Noteworthy; font-size: 18px; font-weight: bold; line-height: 24px; -webkit-tap-highlight-color: rgba(26, 26, 26, 0.296875); -webkit-composition-fill-color: rgba(130, 98, 83, 0.0976563); -webkit-composition-frame-color: rgba(191, 107, 82, 0.496094); \">Se instalaron m\u00f3dulos de los diferentes programas que el Cepredey lleva a&nbsp;las colonias, como Parque Ek, Guardianes de la Paz, Bienestar en tu colonia,&nbsp;Qu\u00e9 padre es prevenir, entre otros, donde los ni\u00f1os a trav\u00e9s de juegos y&nbsp;colores, conocieron el mensaje de la prevenci\u00f3n.<\/div>\n<div style=\"font-family: Noteworthy; font-size: 18px; font-weight: bold; line-height: 24px; -webkit-tap-highlight-color: rgba(26, 26, 26, 0.296875); -webkit-composition-fill-color: rgba(130, 98, 83, 0.0976563); -webkit-composition-frame-color: rgba(191, 107, 82, 0.496094); \">Al acto acudieron Paulina Cetina Amaya, del Instituto de Equidad y G\u00e9nero,&nbsp;Omar Corso \u00d3lan, Delegado de Gobernaci\u00f3n, Juan Manuel Sosa Puerto, Director&nbsp;del Instituto del Deporte, Ligia Cort\u00e9s Ortega, Magistrada del Tribunal&nbsp;Superior de Justicia, Flor D\u00edaz Castillo, Diputada Local, Eduardo Batllori&nbsp;Sampedro, Secretario de Desarrollo Humano y Medio Ambiente. (Comunicado)<\/p>\n<div class=\"separator\" style=\"clear: both;\"><a href=\"https:\/\/lh6.googleusercontent.com\/-6J6IH9oIRbQ\/UuVsCl6G77I\/AAAAAAAAeVs\/Tt--IyXcog4\/s640\/blogger-image-1894843112.jpg\" imageanchor=\"1\" style=\"margin-left: 1em; margin-right: 1em;\"><img decoding=\"async\" border=\"0\" src=\"https:\/\/lh6.googleusercontent.com\/-6J6IH9oIRbQ\/UuVsCl6G77I\/AAAAAAAAeVs\/Tt--IyXcog4\/s640\/blogger-image-1894843112.jpg\"><\/a><\/div>\n<\/div>\n<div style=\"font-family: Noteworthy; font-size: 18px; font-weight: bold; line-height: 24px; -webkit-tap-highlight-color: rgba(26, 26, 26, 0.296875); -webkit-composition-fill-color: rgba(130, 98, 83, 0.0976563); -webkit-composition-frame-color: rgba(191, 107, 82, 0.496094); \"><\/div>\n","protected":false},"excerpt":{"rendered":"<p>M\u00e9rida, Yucat\u00e1n, 26 de enero de 2014.- Las pol\u00edticas implementadas por el&nbsp;Gobernador Rolando Zapata Bello, buscan fortalecer la sociedad, a trav\u00e9s de&nbsp;programas de prevenci\u00f3n, blind\u00e1ndola contra conductas negativas que busquen&nbsp;desestabilizar<\/p>\n","protected":false},"author":1,"featured_media":17827,"comment_status":"open","ping_status":"open","sticky":false,"template":"","format":"standard","meta":{"jetpack_post_was_ever_published":false,"_jetpack_newsletter_access":"","_jetpack_dont_email_post_to_subs":false,"_jetpack_newsletter_tier_id":0,"_jetpack_memberships_contains_paywalled_content":false,"_jetpack_memberships_contains_paid_content":false,"footnotes":"","jetpack_publicize_message":"","jetpack_publicize_feature_enabled":true,"jetpack_social_post_already_shared":false,"jetpack_social_options":{"image_generator_settings":{"template":"highway","default_image_id":0,"font":"","enabled":false},"version":2}},"categories":[17,1],"tags":[],"class_list":["post-3859","post","type-post","status-publish","format-standard","has-post-thumbnail","hentry","category-politica-y-gobierno","category-sin-categoria"],"jetpack_publicize_connections":[],"jetpack_featured_media_url":"https:\/\/formalprision.com\/wp-content\/uploads\/2014\/01\/blogger-image-1894843112.jpg","jetpack_sharing_enabled":true,"jetpack_shortlink":"https:\/\/wp.me\/p6id8p-10f","_links":{"self":[{"href":"https:\/\/formalprision.com\/index.php?rest_route=\/wp\/v2\/posts\/3859","targetHints":{"allow":["GET"]}}],"collection":[{"href":"https:\/\/formalprision.com\/index.php?rest_route=\/wp\/v2\/posts"}],"about":[{"href":"https:\/\/formalprision.com\/index.php?rest_route=\/wp\/v2\/types\/post"}],"author":[{"embeddable":true,"href":"https:\/\/formalprision.com\/index.php?rest_route=\/wp\/v2\/users\/1"}],"replies":[{"embeddable":true,"href":"https:\/\/formalprision.com\/index.php?rest_route=%2Fwp%2Fv2%2Fcomments&post=3859"}],"version-history":[{"count":0,"href":"https:\/\/formalprision.com\/index.php?rest_route=\/wp\/v2\/posts\/3859\/revisions"}],"wp:featuredmedia":[{"embeddable":true,"href":"https:\/\/formalprision.com\/index.php?rest_route=\/wp\/v2\/media\/17827"}],"wp:attachment":[{"href":"https:\/\/formalprision.com\/index.php?rest_route=%2Fwp%2Fv2%2Fmedia&parent=3859"}],"wp:term":[{"taxonomy":"category","embeddable":true,"href":"https:\/\/formalprision.com\/index.php?rest_route=%2Fwp%2Fv2%2Fcategories&post=3859"},{"taxonomy":"post_tag","embeddable":true,"href":"https:\/\/formalprision.com\/index.php?rest_route=%2Fwp%2Fv2%2Ftags&post=3859"}],"curies":[{"name":"wp","href":"https:\/\/api.w.org\/{rel}","templated":true}]}}