{"id":3860,"date":"2014-01-26T20:07:00","date_gmt":"2014-01-26T20:07:00","guid":{"rendered":"http:\/\/formalprision.info\/2014\/01\/26\/gobernador-entrega-obras-de\/"},"modified":"2015-06-03T08:40:38","modified_gmt":"2015-06-03T08:40:38","slug":"gobernador-entrega-obras-de","status":"publish","type":"post","link":"https:\/\/formalprision.com\/?p=3860","title":{"rendered":"Gobernador entrega obras de mantenimiento y conservaci\u00f3n en el CAIMEDE"},"content":{"rendered":"<div style=\"font-family: Noteworthy; font-size: 18px; font-weight: bold; line-height: 24px; -webkit-tap-highlight-color: rgba(26, 26, 26, 0.296875); -webkit-composition-fill-color: rgba(130, 98, 83, 0.0976563); -webkit-composition-frame-color: rgba(191, 107, 82, 0.496094); \">M\u00e9rida, Yucat\u00e1n, 26 de enero de 2014.- Con una inversi\u00f3n superior a los 4.3&nbsp;millones de pesos, el Gobernador Rolando Zapata Bello entreg\u00f3 los trabajos&nbsp;de mantenimiento y conservaci\u00f3n de las instalaciones del Centro de Atenci\u00f3n&nbsp;Integral al Menor en Desamparo (CAIMEDE), acciones que brindar\u00e1n comodidad y&nbsp;un espacio digno a las ni\u00f1as y ni\u00f1os que habitan en este lugar.<\/div>\n<div style=\"font-family: Noteworthy; font-size: 18px; font-weight: bold; line-height: 24px; -webkit-tap-highlight-color: rgba(26, 26, 26, 0.296875); -webkit-composition-fill-color: rgba(130, 98, 83, 0.0976563); -webkit-composition-frame-color: rgba(191, 107, 82, 0.496094); \">Acompa\u00f1ado de la Presidenta del Sistema para el Desarrollo Integral de la&nbsp;Familia (DIF) en Yucat\u00e1n, Sarita Blancarte de Zapata, el titular del Poder&nbsp;Ejecutivo tambi\u00e9n realiz\u00f3 un recorrido por las instalaciones de este Centro&nbsp;para constatar las diferentes obras realizadas con el Fondo de Aportaciones&nbsp;para el Fortalecimiento de las Entidades Federativas (FAFEF) 2013.<\/div>\n<div style=\"font-family: Noteworthy; font-size: 18px; font-weight: bold; line-height: 24px; -webkit-tap-highlight-color: rgba(26, 26, 26, 0.296875); -webkit-composition-fill-color: rgba(130, 98, 83, 0.0976563); -webkit-composition-frame-color: rgba(191, 107, 82, 0.496094); \">Al dirigir un mensaje en el marco de la ceremonia protocolaria realizada en&nbsp;el patio del CAIMEDE, el mandatario asegur\u00f3 que el Gobierno del Estado tiene&nbsp;el compromiso de garantizar condiciones de bienestar a todos los ni\u00f1os&nbsp;yucatecos para que tengan desarrollo integral en aspectos esenciales como la&nbsp;educaci\u00f3n, alimentaci\u00f3n y salud. &nbsp;<\/div>\n<div style=\"font-family: Noteworthy; font-size: 18px; font-weight: bold; line-height: 24px; -webkit-tap-highlight-color: rgba(26, 26, 26, 0.296875); -webkit-composition-fill-color: rgba(130, 98, 83, 0.0976563); -webkit-composition-frame-color: rgba(191, 107, 82, 0.496094); \">En presencia de menores de dicho Centro, arropados por sus chamarras de&nbsp;Bienestar Escolar, el Gobernador manifest\u00f3 que las obras realizadas forman&nbsp;parte de un conjunto integral de acciones del DIF Yucat\u00e1n, el Patronato del&nbsp;CAIMEDE, as\u00ed como diferentes instituciones, con el objetivo de garantizar la&nbsp;atenci\u00f3n de las ni\u00f1as, ni\u00f1os y j\u00f3venes de este espacio.<\/div>\n<div style=\"font-family: Noteworthy; font-size: 18px; font-weight: bold; line-height: 24px; -webkit-tap-highlight-color: rgba(26, 26, 26, 0.296875); -webkit-composition-fill-color: rgba(130, 98, 83, 0.0976563); -webkit-composition-frame-color: rgba(191, 107, 82, 0.496094); \">\u201cEs importante la construcci\u00f3n de obras nuevas, pero tambi\u00e9n la realizaci\u00f3n&nbsp;de acciones de mantenimiento y conservaciones de la infraestructura&nbsp;existente, porque solo de esa manera podemos garantizar que les servicios&nbsp;que brinda el Estado se den en condiciones adecuadas\u201d, destac\u00f3 el Gobernador&nbsp;ante trabajadoras del CAIMEDE y autoridades estatales.<\/div>\n<div style=\"font-family: Noteworthy; font-size: 18px; font-weight: bold; line-height: 24px; -webkit-tap-highlight-color: rgba(26, 26, 26, 0.296875); -webkit-composition-fill-color: rgba(130, 98, 83, 0.0976563); -webkit-composition-frame-color: rgba(191, 107, 82, 0.496094); \">Al detallar los trabajos realizados, el titular de la Secretar\u00eda de Obras&nbsp;P\u00fablicas (SOP), Daniel Quintal Ic, explic\u00f3 que se efectu\u00f3 la&nbsp;impermeabilizaci\u00f3n de azoteas y caballetes, rehabilitaci\u00f3n de puertas de&nbsp;madera, suministro y colocaci\u00f3n de luminarias y 66 ventiladores en \u00e1reas que&nbsp;lo requer\u00edan, adem\u00e1s de la aplicaci\u00f3n de pintura vin\u00edlica en muros&nbsp;interiores y exteriores, y en los espacios faltantes de techos.<\/div>\n<div style=\"font-family: Noteworthy; font-size: 18px; font-weight: bold; line-height: 24px; -webkit-tap-highlight-color: rgba(26, 26, 26, 0.296875); -webkit-composition-fill-color: rgba(130, 98, 83, 0.0976563); -webkit-composition-frame-color: rgba(191, 107, 82, 0.496094); \">El funcionario estatal tambi\u00e9n a\u00f1adi\u00f3 que esta pintura fue aplicada en&nbsp;fachadas, planta alta y baja del edificio principal, \u00e1reas de cuna y de&nbsp;personas con discapacidad, dormitorios uno y dos, as\u00ed como los aislados y&nbsp;para adolescentes, adem\u00e1s de los espacios donde se ofrecen los servicios de&nbsp;psiquiatr\u00eda y nutrici\u00f3n, comedor, la zona de maternal y el escenario.<\/div>\n<div style=\"font-family: Noteworthy; font-size: 18px; font-weight: bold; line-height: 24px; -webkit-tap-highlight-color: rgba(26, 26, 26, 0.296875); -webkit-composition-fill-color: rgba(130, 98, 83, 0.0976563); -webkit-composition-frame-color: rgba(191, 107, 82, 0.496094); \">Tambi\u00e9n se cont\u00f3 con trabajos de alba\u00f1iler\u00eda, instalaciones hidr\u00e1ulicas,&nbsp;sanitarias, el\u00e9ctricas, de canceler\u00eda y herrer\u00eda.<\/div>\n<div style=\"font-family: Noteworthy; font-size: 18px; font-weight: bold; line-height: 24px; -webkit-tap-highlight-color: rgba(26, 26, 26, 0.296875); -webkit-composition-fill-color: rgba(130, 98, 83, 0.0976563); -webkit-composition-frame-color: rgba(191, 107, 82, 0.496094); \">En su oportunidad, el director General del DIF Yucat\u00e1n, Limber Sosa Lara,&nbsp;destac\u00f3 que poco m\u00e1s del 20 por ciento del presupuesto del estado est\u00e1&nbsp;destinado a la infancia con acciones enfocadas a la salud y la educaci\u00f3n,&nbsp;as\u00ed como las necesarias para garantizar que todos los ni\u00f1os yucatecos puedan&nbsp;tener el pleno goce de sus derechos. &nbsp;<\/div>\n<div style=\"font-family: Noteworthy; font-size: 18px; font-weight: bold; line-height: 24px; -webkit-tap-highlight-color: rgba(26, 26, 26, 0.296875); -webkit-composition-fill-color: rgba(130, 98, 83, 0.0976563); -webkit-composition-frame-color: rgba(191, 107, 82, 0.496094); \">Previo al mensaje del Gobernador, las ni\u00f1as Claudia y Ely participaron en&nbsp;una presentaci\u00f3n musical.<\/div>\n<div style=\"font-family: Noteworthy; font-size: 18px; font-weight: bold; line-height: 24px; -webkit-tap-highlight-color: rgba(26, 26, 26, 0.296875); -webkit-composition-fill-color: rgba(130, 98, 83, 0.0976563); -webkit-composition-frame-color: rgba(191, 107, 82, 0.496094); \">Al evento asistieron los secretarios de Desarrollo Social, Nerio Torres&nbsp;Arcila; y de Salud, Jorge Mendoza M\u00e9zquita; el director del Instituto para.&nbsp;la Construcci\u00f3n y Conservaci\u00f3n de Obra P\u00fablica en Yucat\u00e1n, Jos\u00e9 Alpuche&nbsp;Avil\u00e9s; &nbsp;la directora de CAIMEDE, Mar\u00eda Peniche Mendiburu y la presidenta&nbsp;del Patronato de este Centro, Yuli Chapur de Ricalde.<\/div>\n<div style=\"font-family: Noteworthy; font-size: 18px; font-weight: bold; line-height: 24px; -webkit-tap-highlight-color: rgba(26, 26, 26, 0.296875); -webkit-composition-fill-color: rgba(130, 98, 83, 0.0976563); -webkit-composition-frame-color: rgba(191, 107, 82, 0.496094); \">Asimismo, el presidente de la Comisi\u00f3n de Derechos Humanos del Estado de.&nbsp;Yucat\u00e1n, Jorge Victoria Maldonado; la procuradora de la Defensa del Menor y&nbsp;la Familia, Cinthia Pacheco Garrido; y el empresario Jos\u00e9 Chapur Zahoul. (Comunicado)<\/p>\n<div class=\"separator\" style=\"clear: both;\"><a href=\"https:\/\/lh5.googleusercontent.com\/-mvmUrs7hzdo\/UuVq4KIHZeI\/AAAAAAAAeVk\/WvEV7H8EdhM\/s640\/blogger-image--720966791.jpg\" imageanchor=\"1\" style=\"margin-left: 1em; margin-right: 1em;\"><img decoding=\"async\" border=\"0\" src=\"https:\/\/lh5.googleusercontent.com\/-mvmUrs7hzdo\/UuVq4KIHZeI\/AAAAAAAAeVk\/WvEV7H8EdhM\/s640\/blogger-image--720966791.jpg\"><\/a><\/div>\n<\/div>\n<div><\/div>\n","protected":false},"excerpt":{"rendered":"<p>M\u00e9rida, Yucat\u00e1n, 26 de enero de 2014.- Con una inversi\u00f3n superior a los 4.3&nbsp;millones de pesos, el Gobernador Rolando Zapata Bello entreg\u00f3 los trabajos&nbsp;de mantenimiento y conservaci\u00f3n de las instalaciones<\/p>\n","protected":false},"author":1,"featured_media":17829,"comment_status":"open","ping_status":"open","sticky":false,"template":"","format":"standard","meta":{"jetpack_post_was_ever_published":false,"_jetpack_newsletter_access":"","_jetpack_dont_email_post_to_subs":false,"_jetpack_newsletter_tier_id":0,"_jetpack_memberships_contains_paywalled_content":false,"_jetpack_memberships_contains_paid_content":false,"footnotes":"","jetpack_publicize_message":"","jetpack_publicize_feature_enabled":true,"jetpack_social_post_already_shared":false,"jetpack_social_options":{"image_generator_settings":{"template":"highway","default_image_id":0,"font":"","enabled":false},"version":2}},"categories":[17,1],"tags":[],"class_list":["post-3860","post","type-post","status-publish","format-standard","has-post-thumbnail","hentry","category-politica-y-gobierno","category-sin-categoria"],"jetpack_publicize_connections":[],"jetpack_featured_media_url":"https:\/\/formalprision.com\/wp-content\/uploads\/2014\/01\/blogger-image-720966791.jpg","jetpack_sharing_enabled":true,"jetpack_shortlink":"https:\/\/wp.me\/p6id8p-10g","_links":{"self":[{"href":"https:\/\/formalprision.com\/index.php?rest_route=\/wp\/v2\/posts\/3860","targetHints":{"allow":["GET"]}}],"collection":[{"href":"https:\/\/formalprision.com\/index.php?rest_route=\/wp\/v2\/posts"}],"about":[{"href":"https:\/\/formalprision.com\/index.php?rest_route=\/wp\/v2\/types\/post"}],"author":[{"embeddable":true,"href":"https:\/\/formalprision.com\/index.php?rest_route=\/wp\/v2\/users\/1"}],"replies":[{"embeddable":true,"href":"https:\/\/formalprision.com\/index.php?rest_route=%2Fwp%2Fv2%2Fcomments&post=3860"}],"version-history":[{"count":0,"href":"https:\/\/formalprision.com\/index.php?rest_route=\/wp\/v2\/posts\/3860\/revisions"}],"wp:featuredmedia":[{"embeddable":true,"href":"https:\/\/formalprision.com\/index.php?rest_route=\/wp\/v2\/media\/17829"}],"wp:attachment":[{"href":"https:\/\/formalprision.com\/index.php?rest_route=%2Fwp%2Fv2%2Fmedia&parent=3860"}],"wp:term":[{"taxonomy":"category","embeddable":true,"href":"https:\/\/formalprision.com\/index.php?rest_route=%2Fwp%2Fv2%2Fcategories&post=3860"},{"taxonomy":"post_tag","embeddable":true,"href":"https:\/\/formalprision.com\/index.php?rest_route=%2Fwp%2Fv2%2Ftags&post=3860"}],"curies":[{"name":"wp","href":"https:\/\/api.w.org\/{rel}","templated":true}]}}