{"id":3892,"date":"2014-01-22T02:11:00","date_gmt":"2014-01-22T02:11:00","guid":{"rendered":"http:\/\/formalprision.info\/2014\/01\/22\/elogia-titular-de-la-sep-avances-de\/"},"modified":"2015-06-03T08:40:43","modified_gmt":"2015-06-03T08:40:43","slug":"elogia-titular-de-la-sep-avances-de","status":"publish","type":"post","link":"https:\/\/formalprision.com\/?p=3892","title":{"rendered":"Elogia titular de la SEP avances de Yucat\u00e1n en materia educativa"},"content":{"rendered":"<div style=\"font-family: Noteworthy; font-size: 18px; font-weight: bold; line-height: 24px; -webkit-tap-highlight-color: rgba(26, 26, 26, 0.296875); -webkit-composition-fill-color: rgba(130, 98, 83, 0.0976563); -webkit-composition-frame-color: rgba(191, 107, 82, 0.496094); \">\n<div>M\u00e9rida, Yucat\u00e1n, 21 de enero de 2014.- El titular de la Secretar\u00eda de&nbsp;Educaci\u00f3n P\u00fablica (SEP), Emilio Chuayffet Chemor, elogi\u00f3 el esfuerzo&nbsp;realizado para que Yucat\u00e1n se convierta en la primera entidad federativa del&nbsp;pa\u00eds en armonizar su Ley de Educaci\u00f3n con las nuevas disposiciones derivadas&nbsp;de la reforma constitucional en la materia.<\/div>\n<div>Acompa\u00f1ado del Gobernador Rolando Zapata Bello y la directora del Consejo&nbsp;Nacional de Fomento Educativo (CONAFE), Alma Carolina Viggiano Austria, el&nbsp;funcionario federal resalt\u00f3 el papel que la Secretar\u00eda de Educaci\u00f3n del&nbsp;Estado desarroll\u00f3 para lograr esta homologaci\u00f3n legislativa y confi\u00f3 en que&nbsp;dicha reforma se aplicar\u00e1 de manera puntual y transparente en la entidad.<\/div>\n<div>En rueda de prensa realizada en el hangar del Gobierno del Estado, en el&nbsp;Aeropuerto Internacional de M\u00e9rida, Chuayffet Chemor reiter\u00f3 que las&nbsp;modificaciones a las leyes de educaci\u00f3n a nivel federal no van a dar marcha&nbsp;atr\u00e1s, ya que desde su aprobaci\u00f3n se est\u00e1n ejecutando en todo el territorio&nbsp;nacional.<\/div>\n<div>\u201cLa reforma educativa &nbsp;representa una nueva generaci\u00f3n de materiales&nbsp;did\u00e1cticos y una renovaci\u00f3n del modelo educativo para todo el pa\u00eds\u201d, apunt\u00f3&nbsp;el funcionario federal.<\/div>\n<div>Asimismo, inform\u00f3 que el 31 de marzo de este a\u00f1o se tendr\u00e1 los datos del&nbsp;censo realizado por el Instituto Nacional de Estad\u00edstica y Geograf\u00eda&nbsp;(INEGI), con lo que se tendr\u00e1 un panorama claro de los centros escolares que&nbsp;existen en el pa\u00eds, al igual que el n\u00famero de administrativos, docentes y&nbsp;comisionados.<\/div>\n<div>Al finalizar la rueda de prensa, en la que tambi\u00e9n estuvo presente el&nbsp;secretario de Educaci\u00f3n del Estado, Ra\u00fal Godoy Monta\u00f1ez, Chuayffet Chemor&nbsp;abandon\u00f3 tierras yucatecas tras cumplir su primera visita de trabajo por la&nbsp;entidad.&nbsp;<\/p>\n<div class=\"separator\" style=\"clear: both;\"><a href=\"https:\/\/lh6.googleusercontent.com\/-tcReOAV-PwA\/Ut8qL_23ulI\/AAAAAAAAeNk\/rqOHOYGUYsA\/s640\/blogger-image--659338431.jpg\" imageanchor=\"1\" style=\"margin-left: 1em; margin-right: 1em;\"><img decoding=\"async\" border=\"0\" src=\"https:\/\/lh6.googleusercontent.com\/-tcReOAV-PwA\/Ut8qL_23ulI\/AAAAAAAAeNk\/rqOHOYGUYsA\/s640\/blogger-image--659338431.jpg\"><\/a><\/div>\n<\/div>\n<div><\/div>\n<div><\/div>\n<div><\/div>\n<\/div>\n","protected":false},"excerpt":{"rendered":"<p>M\u00e9rida, Yucat\u00e1n, 21 de enero de 2014.- El titular de la Secretar\u00eda de&nbsp;Educaci\u00f3n P\u00fablica (SEP), Emilio Chuayffet Chemor, elogi\u00f3 el esfuerzo&nbsp;realizado para que Yucat\u00e1n se convierta en la primera entidad<\/p>\n","protected":false},"author":1,"featured_media":17893,"comment_status":"open","ping_status":"open","sticky":false,"template":"","format":"standard","meta":{"jetpack_post_was_ever_published":false,"_jetpack_newsletter_access":"","_jetpack_dont_email_post_to_subs":false,"_jetpack_newsletter_tier_id":0,"_jetpack_memberships_contains_paywalled_content":false,"_jetpack_memberships_contains_paid_content":false,"footnotes":"","jetpack_publicize_message":"","jetpack_publicize_feature_enabled":true,"jetpack_social_post_already_shared":false,"jetpack_social_options":{"image_generator_settings":{"template":"highway","default_image_id":0,"font":"","enabled":false},"version":2}},"categories":[17,1],"tags":[],"class_list":["post-3892","post","type-post","status-publish","format-standard","has-post-thumbnail","hentry","category-politica-y-gobierno","category-sin-categoria"],"jetpack_publicize_connections":[],"jetpack_featured_media_url":"https:\/\/formalprision.com\/wp-content\/uploads\/2014\/01\/blogger-image-659338431.jpg","jetpack_sharing_enabled":true,"jetpack_shortlink":"https:\/\/wp.me\/p6id8p-10M","_links":{"self":[{"href":"https:\/\/formalprision.com\/index.php?rest_route=\/wp\/v2\/posts\/3892","targetHints":{"allow":["GET"]}}],"collection":[{"href":"https:\/\/formalprision.com\/index.php?rest_route=\/wp\/v2\/posts"}],"about":[{"href":"https:\/\/formalprision.com\/index.php?rest_route=\/wp\/v2\/types\/post"}],"author":[{"embeddable":true,"href":"https:\/\/formalprision.com\/index.php?rest_route=\/wp\/v2\/users\/1"}],"replies":[{"embeddable":true,"href":"https:\/\/formalprision.com\/index.php?rest_route=%2Fwp%2Fv2%2Fcomments&post=3892"}],"version-history":[{"count":0,"href":"https:\/\/formalprision.com\/index.php?rest_route=\/wp\/v2\/posts\/3892\/revisions"}],"wp:featuredmedia":[{"embeddable":true,"href":"https:\/\/formalprision.com\/index.php?rest_route=\/wp\/v2\/media\/17893"}],"wp:attachment":[{"href":"https:\/\/formalprision.com\/index.php?rest_route=%2Fwp%2Fv2%2Fmedia&parent=3892"}],"wp:term":[{"taxonomy":"category","embeddable":true,"href":"https:\/\/formalprision.com\/index.php?rest_route=%2Fwp%2Fv2%2Fcategories&post=3892"},{"taxonomy":"post_tag","embeddable":true,"href":"https:\/\/formalprision.com\/index.php?rest_route=%2Fwp%2Fv2%2Ftags&post=3892"}],"curies":[{"name":"wp","href":"https:\/\/api.w.org\/{rel}","templated":true}]}}