{"id":3893,"date":"2014-01-22T01:57:00","date_gmt":"2014-01-22T01:57:00","guid":{"rendered":"http:\/\/formalprision.info\/2014\/01\/22\/secretario-de-educacion-publica-emilio\/"},"modified":"2015-06-03T08:40:43","modified_gmt":"2015-06-03T08:40:43","slug":"secretario-de-educacion-publica-emilio","status":"publish","type":"post","link":"https:\/\/formalprision.com\/?p=3893","title":{"rendered":"Duplican presupuesto en infraestructura para educaci\u00f3n comunitaria"},"content":{"rendered":"<div style=\"font-family: Noteworthy; font-size: 18px; font-weight: bold; line-height: 24px; -webkit-tap-highlight-color: rgba(26, 26, 26, 0.296875); -webkit-composition-fill-color: rgba(130, 98, 83, 0.0976563); -webkit-composition-frame-color: rgba(191, 107, 82, 0.496094); \">Motul, Yucat\u00e1n, 21 de enero de 2014.- Yucat\u00e1n duplicar\u00e1 este a\u00f1o su&nbsp;presupuesto destinado a fortalecer la infraestructura del sistema de&nbsp;educaci\u00f3n comunitaria, al pasar de 18 a 36 millones de pesos, anunci\u00f3 el&nbsp;titular de la Secretar\u00eda de Educaci\u00f3n P\u00fablica (SEP), Emilio Chuayffet&nbsp;Chemor, en presencia del Gobernador Rolando Zapata Bello, durante una gira&nbsp;de trabajo por la entidad.<\/div>\n<div style=\"font-family: Noteworthy; font-size: 18px; font-weight: bold; line-height: 24px; -webkit-tap-highlight-color: rgba(26, 26, 26, 0.296875); -webkit-composition-fill-color: rgba(130, 98, 83, 0.0976563); -webkit-composition-frame-color: rgba(191, 107, 82, 0.496094); \">El funcionario federal puntualiz\u00f3 que dichos recursos se ejecutar\u00e1n a trav\u00e9s&nbsp;del Consejo Nacional de Fomento Educativo (CONAFE) en Yucat\u00e1n, instancia que&nbsp;al cierre del presente a\u00f1o habr\u00e1 ejercido un presupuesto superior a los 70&nbsp;millones de pesos. Asimismo, dio a conocer una serie de apoyos en&nbsp;alimentaci\u00f3n y transporte para las 497 figuras educativas del citado&nbsp;Consejo, quienes laboran en diversos municipios y comisar\u00edas del estado.<\/div>\n<div style=\"font-family: Noteworthy; font-size: 18px; font-weight: bold; line-height: 24px; -webkit-tap-highlight-color: rgba(26, 26, 26, 0.296875); -webkit-composition-fill-color: rgba(130, 98, 83, 0.0976563); -webkit-composition-frame-color: rgba(191, 107, 82, 0.496094); \">\u201cYucat\u00e1n tambi\u00e9n ser\u00e1 sede final en los pr\u00f3ximos meses de los foros Regional&nbsp;y Nacional de Educaci\u00f3n Media Superior, donde se abordar\u00e1n los nuevos retos&nbsp;que afrontar\u00e1 la ense\u00f1anza en el pa\u00eds y les convoco a trabajar en alianzas&nbsp;para que los ni\u00f1os y j\u00f3venes del estado y del pa\u00eds tengan acceso a una&nbsp;educaci\u00f3n equitativa y de calidad\u201d, expres\u00f3 ante la directora del CONAFE,&nbsp;Alma Carolina Viggiano Austria y la presidenta del&nbsp;DIF, Sarita Blancarte de Zapata.<\/div>\n<div style=\"font-family: Noteworthy; font-size: 18px; font-weight: bold; line-height: 24px; -webkit-tap-highlight-color: rgba(26, 26, 26, 0.296875); -webkit-composition-fill-color: rgba(130, 98, 83, 0.0976563); -webkit-composition-frame-color: rgba(191, 107, 82, 0.496094); \">El mandatario y el titular de la SEP visitaron comisar\u00edas de los municipios&nbsp;de Motul y Tekant\u00f3, en donde entregaron obras de infraestructura y equipos&nbsp;de c\u00f3mputo a figuras educativas del CONAFE, con una inversi\u00f3n superior al&nbsp;mill\u00f3n de pesos, as\u00ed como chamarras del programa Bienestar Escolar.<\/div>\n<div style=\"font-family: Noteworthy; font-size: 18px; font-weight: bold; line-height: 24px; -webkit-tap-highlight-color: rgba(26, 26, 26, 0.296875); -webkit-composition-fill-color: rgba(130, 98, 83, 0.0976563); -webkit-composition-frame-color: rgba(191, 107, 82, 0.496094); \">En su mensaje, el titular del Poder Ejecutivo destac\u00f3 el avance que la&nbsp;entidad ha tenido en materia educativa y como ejemplo cit\u00f3 las Escuelas de&nbsp;Tiempo Completo, que durante el 2013 pasaron de 75 a 293, al igual que las&nbsp;becas econ\u00f3micas para educaci\u00f3n b\u00e1sica que incrementaron de 20 mil a 27 mil.<\/div>\n<div style=\"font-family: Noteworthy; font-size: 18px; font-weight: bold; line-height: 24px; -webkit-tap-highlight-color: rgba(26, 26, 26, 0.296875); -webkit-composition-fill-color: rgba(130, 98, 83, 0.0976563); -webkit-composition-frame-color: rgba(191, 107, 82, 0.496094); \">En presencia de los alcaldes de Motul, Juli\u00e1n Pech Aguilar y de Tekant\u00f3,&nbsp;\u00c1ngel Orozco Avil\u00e9s, el Gobernador record\u00f3 que de las tres mil escuelas de&nbsp;educaci\u00f3n b\u00e1sica del estado, el 52 por ciento fue sometido a mantenimiento y&nbsp;en casi 400 se cambi\u00f3 el mobiliario y equipo.<\/div>\n<div style=\"font-family: Noteworthy; font-size: 18px; font-weight: bold; line-height: 24px; -webkit-tap-highlight-color: rgba(26, 26, 26, 0.296875); -webkit-composition-fill-color: rgba(130, 98, 83, 0.0976563); -webkit-composition-frame-color: rgba(191, 107, 82, 0.496094); \">\u00abPorque en Yucat\u00e1n le estamos apostando a una educaci\u00f3n de calidad y&nbsp;equitativa, porque estamos conscientes de que cualquier ni\u00f1o, de cualquier&nbsp;comunidad por muy lejos que est\u00e9, tienen los mismos derechos de contar con&nbsp;una educaci\u00f3n digna que le permita formarse un futuro de esperanza\u201d,&nbsp;enfatiz\u00f3. &nbsp;<\/div>\n<div style=\"font-family: Noteworthy; font-size: 18px; font-weight: bold; line-height: 24px; -webkit-tap-highlight-color: rgba(26, 26, 26, 0.296875); -webkit-composition-fill-color: rgba(130, 98, 83, 0.0976563); -webkit-composition-frame-color: rgba(191, 107, 82, 0.496094); \">En su turno, la directora CONAFE adelant\u00f3 que en breve el organismo contar\u00e1&nbsp;con una plataforma educativa con contenidos culturales y de entretenimiento&nbsp;que permita a los l\u00edderes comunitarios, capacitadores, tutores, asistentes&nbsp;educativos y pedag\u00f3gicos obtener y &nbsp;fortalecer sus conocimientos.<\/div>\n<div style=\"font-family: Noteworthy; font-size: 18px; font-weight: bold; line-height: 24px; -webkit-tap-highlight-color: rgba(26, 26, 26, 0.296875); -webkit-composition-fill-color: rgba(130, 98, 83, 0.0976563); -webkit-composition-frame-color: rgba(191, 107, 82, 0.496094); \">En presencia del delegado del CONAFE, Carlos Manuel Carrillo Paredes y del&nbsp;secretario de Educaci\u00f3n estatal, Ra\u00fal Godoy Monta\u00f1ez, Viggiano Austria&nbsp;reconoci\u00f3 el trabajo que realiza el Gobierno del Estado para llevar&nbsp;educaci\u00f3n de calidad y las mismas oportunidades de desarrollo a ni\u00f1os y&nbsp;j\u00f3venes de comunidades rurales de la entidad.<\/div>\n<div style=\"font-family: Noteworthy; font-size: 18px; font-weight: bold; line-height: 24px; -webkit-tap-highlight-color: rgba(26, 26, 26, 0.296875); -webkit-composition-fill-color: rgba(130, 98, 83, 0.0976563); -webkit-composition-frame-color: rgba(191, 107, 82, 0.496094); \">Por lo que toca a las obras entregadas este d\u00eda, consistieron en la&nbsp;rehabilitaci\u00f3n de aulas did\u00e1cticas, construcci\u00f3n de servicios sanitarios y&nbsp;la adecuaci\u00f3n de la plaza c\u00edvica del Centro de Educaci\u00f3n Comunitario de&nbsp;Komch\u00e9n Mart\u00ednez y San Pedro C\u00e1mara de Motul, as\u00ed como de San Diego en el&nbsp;municipio de Tekant\u00f3.<\/div>\n<div style=\"font-family: Noteworthy; font-size: 18px; font-weight: bold; line-height: 24px; -webkit-tap-highlight-color: rgba(26, 26, 26, 0.296875); -webkit-composition-fill-color: rgba(130, 98, 83, 0.0976563); -webkit-composition-frame-color: rgba(191, 107, 82, 0.496094); \">De igual forma, se otorgaron computadoras port\u00e1tiles y est\u00edmulos econ\u00f3micos&nbsp;a 497 l\u00edderes comunitarios, capacitadores, tutores, asistentes educativos y&nbsp;pedag\u00f3gicos del CONAFE.<\/div>\n<div style=\"font-family: Noteworthy; font-size: 18px; font-weight: bold; line-height: 24px; -webkit-tap-highlight-color: rgba(26, 26, 26, 0.296875); -webkit-composition-fill-color: rgba(130, 98, 83, 0.0976563); -webkit-composition-frame-color: rgba(191, 107, 82, 0.496094); \">Durante su gira de trabajo por esa zona de la entidad, las autoridades&nbsp;estatales y federales tambi\u00e9n entregaron un equipo KidSmart \u00abPeque\u00f1o&nbsp;explorador\u00bb, para el servicio preescolar comunitario, el cual fomenta el uso&nbsp;de los recursos tecnol\u00f3gicos, a partir de programas de c\u00f3mputo.<\/div>\n<div style=\"font-family: Noteworthy; font-size: 18px; font-weight: bold; line-height: 24px; -webkit-tap-highlight-color: rgba(26, 26, 26, 0.296875); -webkit-composition-fill-color: rgba(130, 98, 83, 0.0976563); -webkit-composition-frame-color: rgba(191, 107, 82, 0.496094); \">Asimismo, en la comunidad de San Pedro C\u00e1mara, el Gobernador anunci\u00f3 la&nbsp;remodelaci\u00f3n y equipamiento de aulas de la primaria rural \u201cFelipe Carrillo&nbsp;Puerto\u201d. (Comunicado)<\/p>\n<div class=\"separator\" style=\"clear: both;\"><a href=\"https:\/\/lh3.googleusercontent.com\/-0CJsfd5V8pE\/Ut8lcIw__eI\/AAAAAAAAeNQ\/xRMbncgLcDk\/s640\/blogger-image-216106321.jpg\" imageanchor=\"1\" style=\"margin-left: 1em; margin-right: 1em;\"><img decoding=\"async\" border=\"0\" src=\"https:\/\/lh3.googleusercontent.com\/-0CJsfd5V8pE\/Ut8lcIw__eI\/AAAAAAAAeNQ\/xRMbncgLcDk\/s640\/blogger-image-216106321.jpg\"><\/a><\/div>\n<\/div>\n<div style=\"font-family: Noteworthy; font-size: 18px; font-weight: bold; line-height: 24px; -webkit-tap-highlight-color: rgba(26, 26, 26, 0.296875); -webkit-composition-fill-color: rgba(130, 98, 83, 0.0976563); -webkit-composition-frame-color: rgba(191, 107, 82, 0.496094); \"><\/div>\n","protected":false},"excerpt":{"rendered":"<p>Motul, Yucat\u00e1n, 21 de enero de 2014.- Yucat\u00e1n duplicar\u00e1 este a\u00f1o su&nbsp;presupuesto destinado a fortalecer la infraestructura del sistema de&nbsp;educaci\u00f3n comunitaria, al pasar de 18 a 36 millones de pesos,<\/p>\n","protected":false},"author":1,"featured_media":17895,"comment_status":"open","ping_status":"open","sticky":false,"template":"","format":"standard","meta":{"jetpack_post_was_ever_published":false,"_jetpack_newsletter_access":"","_jetpack_dont_email_post_to_subs":false,"_jetpack_newsletter_tier_id":0,"_jetpack_memberships_contains_paywalled_content":false,"_jetpack_memberships_contains_paid_content":false,"footnotes":"","jetpack_publicize_message":"","jetpack_publicize_feature_enabled":true,"jetpack_social_post_already_shared":false,"jetpack_social_options":{"image_generator_settings":{"template":"highway","default_image_id":0,"font":"","enabled":false},"version":2}},"categories":[17,1],"tags":[],"class_list":["post-3893","post","type-post","status-publish","format-standard","has-post-thumbnail","hentry","category-politica-y-gobierno","category-sin-categoria"],"jetpack_publicize_connections":[],"jetpack_featured_media_url":"https:\/\/formalprision.com\/wp-content\/uploads\/2014\/01\/blogger-image-216106321.jpg","jetpack_sharing_enabled":true,"jetpack_shortlink":"https:\/\/wp.me\/p6id8p-10N","_links":{"self":[{"href":"https:\/\/formalprision.com\/index.php?rest_route=\/wp\/v2\/posts\/3893","targetHints":{"allow":["GET"]}}],"collection":[{"href":"https:\/\/formalprision.com\/index.php?rest_route=\/wp\/v2\/posts"}],"about":[{"href":"https:\/\/formalprision.com\/index.php?rest_route=\/wp\/v2\/types\/post"}],"author":[{"embeddable":true,"href":"https:\/\/formalprision.com\/index.php?rest_route=\/wp\/v2\/users\/1"}],"replies":[{"embeddable":true,"href":"https:\/\/formalprision.com\/index.php?rest_route=%2Fwp%2Fv2%2Fcomments&post=3893"}],"version-history":[{"count":0,"href":"https:\/\/formalprision.com\/index.php?rest_route=\/wp\/v2\/posts\/3893\/revisions"}],"wp:featuredmedia":[{"embeddable":true,"href":"https:\/\/formalprision.com\/index.php?rest_route=\/wp\/v2\/media\/17895"}],"wp:attachment":[{"href":"https:\/\/formalprision.com\/index.php?rest_route=%2Fwp%2Fv2%2Fmedia&parent=3893"}],"wp:term":[{"taxonomy":"category","embeddable":true,"href":"https:\/\/formalprision.com\/index.php?rest_route=%2Fwp%2Fv2%2Fcategories&post=3893"},{"taxonomy":"post_tag","embeddable":true,"href":"https:\/\/formalprision.com\/index.php?rest_route=%2Fwp%2Fv2%2Ftags&post=3893"}],"curies":[{"name":"wp","href":"https:\/\/api.w.org\/{rel}","templated":true}]}}