{"id":3935,"date":"2014-01-15T16:26:00","date_gmt":"2014-01-15T16:26:00","guid":{"rendered":"http:\/\/formalprision.info\/2014\/01\/15\/estara-en-brasil-2014\/"},"modified":"2015-06-03T08:40:53","modified_gmt":"2015-06-03T08:40:53","slug":"estara-en-brasil-2014","status":"publish","type":"post","link":"https:\/\/formalprision.com\/?p=3935","title":{"rendered":"&quot;Chiquimarco&quot; estar\u00e1 en Brasil 2014"},"content":{"rendered":"<div style=\"font-family: Noteworthy; font-size: 18px; font-weight: bold; line-height: 24px; -webkit-tap-highlight-color: rgba(26, 26, 26, 0.296875); -webkit-composition-fill-color: rgba(130, 98, 83, 0.0976563); -webkit-composition-frame-color: rgba(191, 107, 82, 0.496094); \">La Comisi\u00f3n de \u00c1rbitros de la FIFA anunci\u00f3 este mi\u00e9rcoles a los silbantes seleccionados para participar en la Copa del Mundo de Brasil 2014 y en los que el arbitraje mexicano tendr\u00e1 presencia con un viejo conocido.<\/div>\n<div style=\"font-family: Noteworthy; font-size: 18px; font-weight: bold; line-height: 24px; -webkit-tap-highlight-color: rgba(26, 26, 26, 0.296875); -webkit-composition-fill-color: rgba(130, 98, 83, 0.0976563); -webkit-composition-frame-color: rgba(191, 107, 82, 0.496094); \">Marco Antonio Rodr\u00edguez Moreno fue elegido para estar en la Copa del Mundo como juez central por parte de la Concacaf. \u00abChiquimarco\u00bb ya tiene en su haber dos Mundiales (Alemania 2006 y Sud\u00e1frica 2010). El nazareno estar\u00e1 acompa\u00f1ado por Marvin Torrentera y Marcos Quintero como abanderados para completar la tripleta.<\/div>\n<div style=\"font-family: Noteworthy; font-size: 18px; font-weight: bold; line-height: 24px; -webkit-tap-highlight-color: rgba(26, 26, 26, 0.296875); -webkit-composition-fill-color: rgba(130, 98, 83, 0.0976563); -webkit-composition-frame-color: rgba(191, 107, 82, 0.496094); \">Tras el anuncio, en las redes sociales surgieron las bromas haciendo referencia a que M\u00e9xico ser\u00e1 campe\u00f3n si va representado por el Am\u00e9rica, pues se ver\u00eda favorecido por el \u00e1rbitro mexicano.<\/div>\n<div style=\"font-family: Noteworthy; font-size: 18px; font-weight: bold; line-height: 24px; -webkit-tap-highlight-color: rgba(26, 26, 26, 0.296875); -webkit-composition-fill-color: rgba(130, 98, 83, 0.0976563); -webkit-composition-frame-color: rgba(191, 107, 82, 0.496094); \">El silbante salvadore\u00f1o Joel Aguilar y el norteamericano Mark Geiger fueron otros de los elegidos y que representar\u00e1n a la zona de Concacaf en el m\u00e1ximo torneo a nivel de selecciones en el orbe.<\/div>\n<div style=\"font-family: Noteworthy; font-size: 18px; font-weight: bold; line-height: 24px; -webkit-tap-highlight-color: rgba(26, 26, 26, 0.296875); -webkit-composition-fill-color: rgba(130, 98, 83, 0.0976563); -webkit-composition-frame-color: rgba(191, 107, 82, 0.496094); \">Por parte de la UEFA los seleccionados fueron Milorad Mazic de Serbia, Pedro Proenca de Portugal, Nicola Rizzoli de Italia, el espa\u00f1ol Carlos Velasco Espa\u00f1a, Howard Webb de Inglaterra, Felix Brych de Alemania, de Turqu\u00eda Cuneyt Cakir, Jonas Eriksson de Suecia y Bjorn Kuipers de Holanda.<\/div>\n<div style=\"font-family: Noteworthy; font-size: 18px; font-weight: bold; line-height: 24px; -webkit-tap-highlight-color: rgba(26, 26, 26, 0.296875); -webkit-composition-fill-color: rgba(130, 98, 83, 0.0976563); -webkit-composition-frame-color: rgba(191, 107, 82, 0.496094); \">Por \u00c1frica los elegidos fueron: &nbsp;Noumandiez Doue de Costa de Marfil, Bakary Gassama de Gambia y Djamel Haimoudi de Argelia.<\/div>\n<div style=\"font-family: Noteworthy; font-size: 18px; font-weight: bold; line-height: 24px; -webkit-tap-highlight-color: rgba(26, 26, 26, 0.296875); -webkit-composition-fill-color: rgba(130, 98, 83, 0.0976563); -webkit-composition-frame-color: rgba(191, 107, 82, 0.496094); \">Ravshan Irmatov de Uzbekist\u00e1n, Yuichi Nishimura de Jap\u00f3n, Nawaf Shukralla de Bahrein y Ben Williams de Australia ser\u00e1n los representantes de la zona asi\u00e1tica.<\/div>\n<div style=\"font-family: Noteworthy; font-size: 18px; font-weight: bold; line-height: 24px; -webkit-tap-highlight-color: rgba(26, 26, 26, 0.296875); -webkit-composition-fill-color: rgba(130, 98, 83, 0.0976563); -webkit-composition-frame-color: rgba(191, 107, 82, 0.496094); \">Finalmente por Conmebol los elegidos fueron Enrique Osses de Chile, el argentino N\u00e9stor Pitana, Wilmar Roldan de Colombia, Sandro Ricci de Brasil, y Carlos Vera Rodriguez de Ecuador.(fuente Mediotiempo)<\/p>\n<div class=\"separator\" style=\"clear: both;\"><a href=\"https:\/\/lh5.googleusercontent.com\/-YWAr_xFObIc\/Uta2ymEksEI\/AAAAAAAAeCs\/Ow_FdiCTYVM\/s640\/blogger-image-358180264.jpg\" imageanchor=\"1\" style=\"margin-left: 1em; margin-right: 1em;\"><img decoding=\"async\" border=\"0\" src=\"https:\/\/lh5.googleusercontent.com\/-YWAr_xFObIc\/Uta2ymEksEI\/AAAAAAAAeCs\/Ow_FdiCTYVM\/s640\/blogger-image-358180264.jpg\"><\/a><\/div>\n<\/div>\n","protected":false},"excerpt":{"rendered":"<p>La Comisi\u00f3n de \u00c1rbitros de la FIFA anunci\u00f3 este mi\u00e9rcoles a los silbantes seleccionados para participar en la Copa del Mundo de Brasil 2014 y en los que el arbitraje<\/p>\n","protected":false},"author":1,"featured_media":17979,"comment_status":"open","ping_status":"open","sticky":false,"template":"","format":"standard","meta":{"jetpack_post_was_ever_published":false,"_jetpack_newsletter_access":"","_jetpack_dont_email_post_to_subs":false,"_jetpack_newsletter_tier_id":0,"_jetpack_memberships_contains_paywalled_content":false,"_jetpack_memberships_contains_paid_content":false,"footnotes":"","jetpack_publicize_message":"","jetpack_publicize_feature_enabled":true,"jetpack_social_post_already_shared":false,"jetpack_social_options":{"image_generator_settings":{"template":"highway","default_image_id":0,"font":"","enabled":false},"version":2}},"categories":[4,1],"tags":[],"class_list":["post-3935","post","type-post","status-publish","format-standard","has-post-thumbnail","hentry","category-deportes","category-sin-categoria"],"jetpack_publicize_connections":[],"jetpack_featured_media_url":"https:\/\/formalprision.com\/wp-content\/uploads\/2014\/01\/blogger-image-358180264.jpg","jetpack_sharing_enabled":true,"jetpack_shortlink":"https:\/\/wp.me\/p6id8p-11t","_links":{"self":[{"href":"https:\/\/formalprision.com\/index.php?rest_route=\/wp\/v2\/posts\/3935","targetHints":{"allow":["GET"]}}],"collection":[{"href":"https:\/\/formalprision.com\/index.php?rest_route=\/wp\/v2\/posts"}],"about":[{"href":"https:\/\/formalprision.com\/index.php?rest_route=\/wp\/v2\/types\/post"}],"author":[{"embeddable":true,"href":"https:\/\/formalprision.com\/index.php?rest_route=\/wp\/v2\/users\/1"}],"replies":[{"embeddable":true,"href":"https:\/\/formalprision.com\/index.php?rest_route=%2Fwp%2Fv2%2Fcomments&post=3935"}],"version-history":[{"count":0,"href":"https:\/\/formalprision.com\/index.php?rest_route=\/wp\/v2\/posts\/3935\/revisions"}],"wp:featuredmedia":[{"embeddable":true,"href":"https:\/\/formalprision.com\/index.php?rest_route=\/wp\/v2\/media\/17979"}],"wp:attachment":[{"href":"https:\/\/formalprision.com\/index.php?rest_route=%2Fwp%2Fv2%2Fmedia&parent=3935"}],"wp:term":[{"taxonomy":"category","embeddable":true,"href":"https:\/\/formalprision.com\/index.php?rest_route=%2Fwp%2Fv2%2Fcategories&post=3935"},{"taxonomy":"post_tag","embeddable":true,"href":"https:\/\/formalprision.com\/index.php?rest_route=%2Fwp%2Fv2%2Ftags&post=3935"}],"curies":[{"name":"wp","href":"https:\/\/api.w.org\/{rel}","templated":true}]}}