{"id":3959,"date":"2014-01-12T16:56:00","date_gmt":"2014-01-12T16:56:00","guid":{"rendered":"http:\/\/formalprision.info\/2014\/01\/12\/participa-el-gobernador-en-maraton\/"},"modified":"2015-06-03T08:40:59","modified_gmt":"2015-06-03T08:40:59","slug":"participa-el-gobernador-en-maraton","status":"publish","type":"post","link":"https:\/\/formalprision.com\/?p=3959","title":{"rendered":"Participa el Gobernador en Marat\u00f3n Internacional de M\u00e9rida"},"content":{"rendered":"<div style=\"font-family: Noteworthy; font-size: 18px; font-weight: bold; line-height: 24px; -webkit-tap-highlight-color: rgba(26, 26, 26, 0.296875); -webkit-composition-fill-color: rgba(130, 98, 83, 0.0976563); -webkit-composition-frame-color: rgba(191, 107, 82, 0.496094); \">M\u00e9rida, Yucat\u00e1n, 12 de enero de 2014. El Gobernador Rolando Zapata Bello particip\u00f3 esta ma\u00f1ana, junto a miles de corredores, en el Marat\u00f3n Internacional de M\u00e9rida con motivo del 472 aniversario de la fundaci\u00f3n de esta ciudad, evento en donde prevaleci\u00f3 un ambiente de entusiasmo y convivencia.<\/div>\n<div style=\"font-family: Noteworthy; font-size: 18px; font-weight: bold; line-height: 24px; -webkit-tap-highlight-color: rgba(26, 26, 26, 0.296875); -webkit-composition-fill-color: rgba(130, 98, 83, 0.0976563); -webkit-composition-frame-color: rgba(191, 107, 82, 0.496094); \">Acompa\u00f1ado del comandante de la X Regi\u00f3n Militar, Jes\u00fas Javier Castillo Cabrera, el titular del Poder Ejecutivo yucateco complet\u00f3 la carrera de los 10 kil\u00f3metros por las principales calles de la capital, dentro de esta tradicional competencia, con un contingente que sali\u00f3 desde la Plaza Grande.<\/p>\n<div class=\"separator\" style=\"clear: both;\"><a href=\"https:\/\/lh5.googleusercontent.com\/-84HhUloqF5o\/UtLJIMUCDDI\/AAAAAAAAd9M\/jD_zv4cYzvs\/s640\/blogger-image-1502505343.jpg\" imageanchor=\"1\" style=\"margin-left: 1em; margin-right: 1em;\"><img decoding=\"async\" border=\"0\" src=\"https:\/\/lh5.googleusercontent.com\/-84HhUloqF5o\/UtLJIMUCDDI\/AAAAAAAAd9M\/jD_zv4cYzvs\/s640\/blogger-image-1502505343.jpg\"><\/a><\/div>\n<div class=\"separator\" style=\"clear: both;\"><a href=\"https:\/\/lh4.googleusercontent.com\/-Stag-jumAwQ\/UtLJEEMJQ1I\/AAAAAAAAd9E\/WpB0uB1s9xU\/s640\/blogger-image--1128249912.jpg\" imageanchor=\"1\" style=\"margin-left: 1em; margin-right: 1em;\"><img decoding=\"async\" border=\"0\" src=\"https:\/\/lh4.googleusercontent.com\/-Stag-jumAwQ\/UtLJEEMJQ1I\/AAAAAAAAd9E\/WpB0uB1s9xU\/s640\/blogger-image--1128249912.jpg\"><\/a><\/div>\n<\/div>\n<div><\/div>\n","protected":false},"excerpt":{"rendered":"<p>M\u00e9rida, Yucat\u00e1n, 12 de enero de 2014. El Gobernador Rolando Zapata Bello particip\u00f3 esta ma\u00f1ana, junto a miles de corredores, en el Marat\u00f3n Internacional de M\u00e9rida con motivo del 472<\/p>\n","protected":false},"author":1,"featured_media":18027,"comment_status":"open","ping_status":"open","sticky":false,"template":"","format":"standard","meta":{"jetpack_post_was_ever_published":false,"_jetpack_newsletter_access":"","_jetpack_dont_email_post_to_subs":false,"_jetpack_newsletter_tier_id":0,"_jetpack_memberships_contains_paywalled_content":false,"_jetpack_memberships_contains_paid_content":false,"footnotes":"","jetpack_publicize_message":"","jetpack_publicize_feature_enabled":true,"jetpack_social_post_already_shared":false,"jetpack_social_options":{"image_generator_settings":{"template":"highway","default_image_id":0,"font":"","enabled":false},"version":2}},"categories":[4,17,1],"tags":[],"class_list":["post-3959","post","type-post","status-publish","format-standard","has-post-thumbnail","hentry","category-deportes","category-politica-y-gobierno","category-sin-categoria"],"jetpack_publicize_connections":[],"jetpack_featured_media_url":"https:\/\/formalprision.com\/wp-content\/uploads\/2014\/01\/blogger-image-1502505343.jpg","jetpack_sharing_enabled":true,"jetpack_shortlink":"https:\/\/wp.me\/p6id8p-11R","_links":{"self":[{"href":"https:\/\/formalprision.com\/index.php?rest_route=\/wp\/v2\/posts\/3959","targetHints":{"allow":["GET"]}}],"collection":[{"href":"https:\/\/formalprision.com\/index.php?rest_route=\/wp\/v2\/posts"}],"about":[{"href":"https:\/\/formalprision.com\/index.php?rest_route=\/wp\/v2\/types\/post"}],"author":[{"embeddable":true,"href":"https:\/\/formalprision.com\/index.php?rest_route=\/wp\/v2\/users\/1"}],"replies":[{"embeddable":true,"href":"https:\/\/formalprision.com\/index.php?rest_route=%2Fwp%2Fv2%2Fcomments&post=3959"}],"version-history":[{"count":0,"href":"https:\/\/formalprision.com\/index.php?rest_route=\/wp\/v2\/posts\/3959\/revisions"}],"wp:featuredmedia":[{"embeddable":true,"href":"https:\/\/formalprision.com\/index.php?rest_route=\/wp\/v2\/media\/18027"}],"wp:attachment":[{"href":"https:\/\/formalprision.com\/index.php?rest_route=%2Fwp%2Fv2%2Fmedia&parent=3959"}],"wp:term":[{"taxonomy":"category","embeddable":true,"href":"https:\/\/formalprision.com\/index.php?rest_route=%2Fwp%2Fv2%2Fcategories&post=3959"},{"taxonomy":"post_tag","embeddable":true,"href":"https:\/\/formalprision.com\/index.php?rest_route=%2Fwp%2Fv2%2Ftags&post=3959"}],"curies":[{"name":"wp","href":"https:\/\/api.w.org\/{rel}","templated":true}]}}