{"id":3961,"date":"2014-01-12T16:47:00","date_gmt":"2014-01-12T16:47:00","guid":{"rendered":"http:\/\/formalprision.info\/2014\/01\/12\/el-gobernador-entrega-atlas-de-riesgos\/"},"modified":"2015-06-03T08:40:59","modified_gmt":"2015-06-03T08:40:59","slug":"el-gobernador-entrega-atlas-de-riesgos","status":"publish","type":"post","link":"https:\/\/formalprision.com\/?p=3961","title":{"rendered":"El Gobernador entrega Atlas de Riesgos a municipios del estado."},"content":{"rendered":"<div style=\"font-family: Noteworthy; font-size: 18px; font-weight: bold; line-height: 24px; -webkit-tap-highlight-color: rgba(26, 26, 26, 0.296875); -webkit-composition-fill-color: rgba(130, 98, 83, 0.0976563); -webkit-composition-frame-color: rgba(191, 107, 82, 0.496094); \">M\u00e9rida, Yucat\u00e1n, 11 enero de 2014.- Yucat\u00e1n se coloc\u00f3 a la vanguardia a&nbsp;nivel nacional en materia de ordenamiento territorial, tras la firma de un&nbsp;convenio de colaboraci\u00f3n entre autoridades estatales y federales, que&nbsp;mediante estrategias de planeaci\u00f3n dar\u00e1 certeza y viabilidad a los proyectos&nbsp;de crecimiento que se apliquen en la entidad.<\/div>\n<div style=\"font-family: Noteworthy; font-size: 18px; font-weight: bold; line-height: 24px; -webkit-tap-highlight-color: rgba(26, 26, 26, 0.296875); -webkit-composition-fill-color: rgba(130, 98, 83, 0.0976563); -webkit-composition-frame-color: rgba(191, 107, 82, 0.496094); \">El Gobernador Rolando Zapata Bello, y el titular de la Secretar\u00eda de&nbsp;Desarrollo Agrario, Territorial y Urbano (SEDATU) del Gobierno federal,&nbsp;Jorge Carlos Ram\u00edrez Mar\u00edn, signaron el documento que permitir\u00e1 impulsar&nbsp;proyectos para evitar el crecimiento an\u00e1rquico de las zonas urbanas, y que&nbsp;se da\u00f1en las \u00e1reas de cultivo y de car\u00e1cter forestal del estado.<\/div>\n<div style=\"font-family: Noteworthy; font-size: 18px; font-weight: bold; line-height: 24px; -webkit-tap-highlight-color: rgba(26, 26, 26, 0.296875); -webkit-composition-fill-color: rgba(130, 98, 83, 0.0976563); -webkit-composition-frame-color: rgba(191, 107, 82, 0.496094); \">En ceremonia celebrada en el Centro de Convenciones Yucat\u00e1n Siglo XXI, el&nbsp;titular del Poder Ejecutivo tom\u00f3 protesta a los miembros del Comit\u00e9 de&nbsp;Ordenamiento Territorial y entreg\u00f3 Reglamentos de Construcci\u00f3n para&nbsp;Valladolid y Motul.<\/div>\n<div style=\"font-family: Noteworthy; font-size: 18px; font-weight: bold; line-height: 24px; -webkit-tap-highlight-color: rgba(26, 26, 26, 0.296875); -webkit-composition-fill-color: rgba(130, 98, 83, 0.0976563); -webkit-composition-frame-color: rgba(191, 107, 82, 0.496094); \">De igual forma otorg\u00f3 los Atlas de Riesgos para los municipios de Temoz\u00f3n,&nbsp;Peto, Ticul e Ixil, lo que en conjunto coloca a la entidad como el primer&nbsp;estado del pa\u00eds en contar con esa herramienta que permitir\u00e1 establecer&nbsp;estrategias de prevenci\u00f3n, reducci\u00f3n y mitigaci\u00f3n de peligros por fen\u00f3meno&nbsp;naturales.<\/div>\n<div style=\"font-family: Noteworthy; font-size: 18px; font-weight: bold; line-height: 24px; -webkit-tap-highlight-color: rgba(26, 26, 26, 0.296875); -webkit-composition-fill-color: rgba(130, 98, 83, 0.0976563); -webkit-composition-frame-color: rgba(191, 107, 82, 0.496094); \">En presencia del subsecretario de Ordenamiento Territorial de la SEDATU,&nbsp;Gustavo C\u00e1rdenas Monroy, Zapata Bello asegur\u00f3 que para lograr que el&nbsp;bienestar colectivo sea duradero, las pol\u00edticas p\u00fablicas urbanas y la&nbsp;planeaci\u00f3n en este \u00e1mbito deben ocupar un lugar preponderante en la agenda y&nbsp;en las acciones de Gobierno.<\/div>\n<div style=\"font-family: Noteworthy; font-size: 18px; font-weight: bold; line-height: 24px; -webkit-tap-highlight-color: rgba(26, 26, 26, 0.296875); -webkit-composition-fill-color: rgba(130, 98, 83, 0.0976563); -webkit-composition-frame-color: rgba(191, 107, 82, 0.496094); \">Yucat\u00e1n ha crecido exponencialmente, sobre todo la ciudad de M\u00e9rida y su&nbsp;zona metropolitana, eso implica seguir poniendo en marcha acciones&nbsp;pertinentes en materia de infraestructura, servicios p\u00fablicos, conectividad&nbsp;terrestre, cobertura digital y transporte. &nbsp;Por ello vamos a seguir la ruta&nbsp;del desarrollo, pero desde una \u00f3ptica ordenada y sustentable\u201d, asever\u00f3.<\/div>\n<div style=\"font-family: Noteworthy; font-size: 18px; font-weight: bold; line-height: 24px; -webkit-tap-highlight-color: rgba(26, 26, 26, 0.296875); -webkit-composition-fill-color: rgba(130, 98, 83, 0.0976563); -webkit-composition-frame-color: rgba(191, 107, 82, 0.496094); \">Ante alcaldes, delegados y funcionarios estatales, el mandatario resalt\u00f3 que&nbsp;en Yucat\u00e1n el desarrollo urbano es sin\u00f3nimo de calidad de vida, por lo que&nbsp;agreg\u00f3, \u00abseguiremos sumando esfuerzos y generando consensos, porque el&nbsp;bienestar se construye laborando de manera coordinada\u00bb.<\/div>\n<div style=\"font-family: Noteworthy; font-size: 18px; font-weight: bold; line-height: 24px; -webkit-tap-highlight-color: rgba(26, 26, 26, 0.296875); -webkit-composition-fill-color: rgba(130, 98, 83, 0.0976563); -webkit-composition-frame-color: rgba(191, 107, 82, 0.496094); \">En su turno, el titular de la SEDATU destac\u00f3 que trabajar\u00e1 para que los&nbsp;presupuestos destinados al &nbsp;crecimiento ordenado, desarrollo urbano y&nbsp;reforzamiento de proyectos en Yucat\u00e1n, &nbsp;reciban aumentos significativos.<\/div>\n<div style=\"font-family: Noteworthy; font-size: 18px; font-weight: bold; line-height: 24px; -webkit-tap-highlight-color: rgba(26, 26, 26, 0.296875); -webkit-composition-fill-color: rgba(130, 98, 83, 0.0976563); -webkit-composition-frame-color: rgba(191, 107, 82, 0.496094); \">\u201cVamos a reforzar la labor del Gobierno para canalizar recursos del Fondo&nbsp;Metropolitano a obras que signifiquen una mayor inversi\u00f3n y tengan m\u00e1s&nbsp;impacto en la conurbaci\u00f3n de las ciudades que conforman el n\u00facleo urbano\u201d,&nbsp;enfatiz\u00f3.<\/div>\n<div style=\"font-family: Noteworthy; font-size: 18px; font-weight: bold; line-height: 24px; -webkit-tap-highlight-color: rgba(26, 26, 26, 0.296875); -webkit-composition-fill-color: rgba(130, 98, 83, 0.0976563); -webkit-composition-frame-color: rgba(191, 107, 82, 0.496094); \">Acompa\u00f1ado del titular de la Secretar\u00eda de Desarrollo Urbano y Medio&nbsp;Ambiente (SEDUMA) del estado, Eduardo Batllori Sampedro, C\u00e1rdenas Monroy&nbsp;precis\u00f3 que con una inversi\u00f3n superior a los siete millones de pesos, se&nbsp;logr\u00f3 la elaboraci\u00f3n de 47 Atlas de Riesgos para municipios del pa\u00eds, de los&nbsp;cuales los primeros cuatro fueron para Yucat\u00e1n.<\/div>\n<div style=\"font-family: Noteworthy; font-size: 18px; font-weight: bold; line-height: 24px; -webkit-tap-highlight-color: rgba(26, 26, 26, 0.296875); -webkit-composition-fill-color: rgba(130, 98, 83, 0.0976563); -webkit-composition-frame-color: rgba(191, 107, 82, 0.496094); \">Por \u00faltimo indic\u00f3 que la entidad tambi\u00e9n se convirti\u00f3 en la cuarta en todo&nbsp;M\u00e9xico en instalar un Comit\u00e9 de Ordenamiento Territorial, que estar\u00e1 abocado&nbsp;a lograr que el estado cuente con una normativa que regule el uso del&nbsp;territorio.(Comunicado)<\/p>\n<div class=\"separator\" style=\"clear: both;\"><a href=\"https:\/\/lh5.googleusercontent.com\/-ajSsI5-2uYs\/UtLHDg4kFyI\/AAAAAAAAd8w\/4yn4Tr0SlwY\/s640\/blogger-image-637168427.jpg\" imageanchor=\"1\" style=\"margin-left: 1em; margin-right: 1em;\"><img decoding=\"async\" border=\"0\" src=\"https:\/\/lh5.googleusercontent.com\/-ajSsI5-2uYs\/UtLHDg4kFyI\/AAAAAAAAd8w\/4yn4Tr0SlwY\/s640\/blogger-image-637168427.jpg\"><\/a><\/div>\n<\/div>\n","protected":false},"excerpt":{"rendered":"<p>M\u00e9rida, Yucat\u00e1n, 11 enero de 2014.- Yucat\u00e1n se coloc\u00f3 a la vanguardia a&nbsp;nivel nacional en materia de ordenamiento territorial, tras la firma de un&nbsp;convenio de colaboraci\u00f3n entre autoridades estatales y<\/p>\n","protected":false},"author":1,"featured_media":18031,"comment_status":"open","ping_status":"open","sticky":false,"template":"","format":"standard","meta":{"jetpack_post_was_ever_published":false,"_jetpack_newsletter_access":"","_jetpack_dont_email_post_to_subs":false,"_jetpack_newsletter_tier_id":0,"_jetpack_memberships_contains_paywalled_content":false,"_jetpack_memberships_contains_paid_content":false,"footnotes":"","jetpack_publicize_message":"","jetpack_publicize_feature_enabled":true,"jetpack_social_post_already_shared":false,"jetpack_social_options":{"image_generator_settings":{"template":"highway","default_image_id":0,"font":"","enabled":false},"version":2}},"categories":[17,1],"tags":[],"class_list":["post-3961","post","type-post","status-publish","format-standard","has-post-thumbnail","hentry","category-politica-y-gobierno","category-sin-categoria"],"jetpack_publicize_connections":[],"jetpack_featured_media_url":"https:\/\/formalprision.com\/wp-content\/uploads\/2014\/01\/blogger-image-637168427.jpg","jetpack_sharing_enabled":true,"jetpack_shortlink":"https:\/\/wp.me\/p6id8p-11T","_links":{"self":[{"href":"https:\/\/formalprision.com\/index.php?rest_route=\/wp\/v2\/posts\/3961","targetHints":{"allow":["GET"]}}],"collection":[{"href":"https:\/\/formalprision.com\/index.php?rest_route=\/wp\/v2\/posts"}],"about":[{"href":"https:\/\/formalprision.com\/index.php?rest_route=\/wp\/v2\/types\/post"}],"author":[{"embeddable":true,"href":"https:\/\/formalprision.com\/index.php?rest_route=\/wp\/v2\/users\/1"}],"replies":[{"embeddable":true,"href":"https:\/\/formalprision.com\/index.php?rest_route=%2Fwp%2Fv2%2Fcomments&post=3961"}],"version-history":[{"count":0,"href":"https:\/\/formalprision.com\/index.php?rest_route=\/wp\/v2\/posts\/3961\/revisions"}],"wp:featuredmedia":[{"embeddable":true,"href":"https:\/\/formalprision.com\/index.php?rest_route=\/wp\/v2\/media\/18031"}],"wp:attachment":[{"href":"https:\/\/formalprision.com\/index.php?rest_route=%2Fwp%2Fv2%2Fmedia&parent=3961"}],"wp:term":[{"taxonomy":"category","embeddable":true,"href":"https:\/\/formalprision.com\/index.php?rest_route=%2Fwp%2Fv2%2Fcategories&post=3961"},{"taxonomy":"post_tag","embeddable":true,"href":"https:\/\/formalprision.com\/index.php?rest_route=%2Fwp%2Fv2%2Ftags&post=3961"}],"curies":[{"name":"wp","href":"https:\/\/api.w.org\/{rel}","templated":true}]}}