{"id":3962,"date":"2014-01-12T16:41:00","date_gmt":"2014-01-12T16:41:00","guid":{"rendered":"http:\/\/formalprision.info\/2014\/01\/12\/recibe-arcadio-poveda-la-medalla-hector\/"},"modified":"2015-06-03T08:40:59","modified_gmt":"2015-06-03T08:40:59","slug":"recibe-arcadio-poveda-la-medalla-hector","status":"publish","type":"post","link":"https:\/\/formalprision.com\/?p=3962","title":{"rendered":"Recibe Arcadio Poveda la medalla \u201cH\u00e9ctor Victoria Aguilar\u201d"},"content":{"rendered":"<div style=\"font-family: Noteworthy; font-size: 18px; font-weight: bold; line-height: 24px; -webkit-tap-highlight-color: rgba(26, 26, 26, 0.296875); -webkit-composition-fill-color: rgba(130, 98, 83, 0.0976563); -webkit-composition-frame-color: rgba(191, 107, 82, 0.496094); \">M\u00e9rida, Yucat\u00e1n, 11 de enero de 2014.- Los ni\u00f1os y j\u00f3venes estudiantes del&nbsp;estado cuentan, en la persona del Gobernador Rolando Zapata Bello, con un&nbsp;aliado muy importante para conseguir una educaci\u00f3n de calidad y con&nbsp;herramientas que les faciliten la conformaci\u00f3n de un s\u00f3lido andamiaje&nbsp;formativo, asegur\u00f3 Ren\u00e1n Arcadio Poveda Ricalde, recipiendario de la medalla&nbsp;\u201cH\u00e9ctor Victoria Aguilar\u201d en su edici\u00f3n 2014.<\/div>\n<div style=\"font-family: Noteworthy; font-size: 18px; font-weight: bold; line-height: 24px; -webkit-tap-highlight-color: rgba(26, 26, 26, 0.296875); -webkit-composition-fill-color: rgba(130, 98, 83, 0.0976563); -webkit-composition-frame-color: rgba(191, 107, 82, 0.496094); \">En la ceremonia de entrega de ese reconocimiento, realizada en Sesi\u00f3n&nbsp;Solemne de la LX Legislatura del Congreso del Estado a la cual asisti\u00f3 el&nbsp;mandatario estatal, el galardonado se\u00f1al\u00f3 que el Gobierno estatal ha&nbsp;desempe\u00f1ado una labor destacada en el fortalecimiento del sistema educativo&nbsp;de la entidad, base para impulsar el desarrollo econ\u00f3mico y social de todos&nbsp;sus habitantes.<\/div>\n<div style=\"font-family: Noteworthy; font-size: 18px; font-weight: bold; line-height: 24px; -webkit-tap-highlight-color: rgba(26, 26, 26, 0.296875); -webkit-composition-fill-color: rgba(130, 98, 83, 0.0976563); -webkit-composition-frame-color: rgba(191, 107, 82, 0.496094); \">Ante la presencia de autoridades federales, estatales y municipales,&nbsp;legisladores, familiares, amigos e invitados especiales, Poveda Ricalde&nbsp;puntualiz\u00f3 que los docentes de Yucat\u00e1n cuentan con el apoyo del Gobierno del&nbsp;Estado para transitar juntos hacia la conformaci\u00f3n de ese nuevo modelo de&nbsp;educaci\u00f3n de calidad, por lo cual extern\u00f3 su benepl\u00e1cito por las acciones&nbsp;gubernamentales realizadas en la materia hasta este momento.<\/div>\n<div style=\"font-family: Noteworthy; font-size: 18px; font-weight: bold; line-height: 24px; -webkit-tap-highlight-color: rgba(26, 26, 26, 0.296875); -webkit-composition-fill-color: rgba(130, 98, 83, 0.0976563); -webkit-composition-frame-color: rgba(191, 107, 82, 0.496094); \">El recipiendario, quien es un distinguido acad\u00e9mico, investigador y&nbsp;astr\u00f3nomo, se ha destacado por ser un impulsor de la ciencia y el estudio de&nbsp;la astronom\u00eda, habiendo conseguido importantes logros y distinciones que han&nbsp;impactado ese campo cient\u00edfico a nivel internacional.<\/div>\n<div style=\"font-family: Noteworthy; font-size: 18px; font-weight: bold; line-height: 24px; -webkit-tap-highlight-color: rgba(26, 26, 26, 0.296875); -webkit-composition-fill-color: rgba(130, 98, 83, 0.0976563); -webkit-composition-frame-color: rgba(191, 107, 82, 0.496094); \">Entre ellos se encuentra la instalaci\u00f3n universal del M\u00e9todo Poveda, un&nbsp;procedimiento reconocido y utilizado a\u00fan por astr\u00f3nomos de todo el mundo&nbsp;para calcular la masa de las galaxias esf\u00e9ricas y elipsoidales, lo cual ha&nbsp;permitido descubrir la relaci\u00f3n entre la masa de un sistema estelar y su&nbsp;luminosidad total.<\/div>\n<div style=\"font-family: Noteworthy; font-size: 18px; font-weight: bold; line-height: 24px; -webkit-tap-highlight-color: rgba(26, 26, 26, 0.296875); -webkit-composition-fill-color: rgba(130, 98, 83, 0.0976563); -webkit-composition-frame-color: rgba(191, 107, 82, 0.496094); \">Oriundo de M\u00e9rida, el homenajeado estudi\u00f3 la licenciatura en F\u00edsica Te\u00f3rica&nbsp;y Matem\u00e1ticas en la Universidad Nacional Aut\u00f3noma de M\u00e9xico (UNAM), as\u00ed como&nbsp;la licenciatura y doctorado en Astronom\u00eda por la Universidad de California&nbsp;en Berkeley, Estados Unidos<\/div>\n<div style=\"font-family: Noteworthy; font-size: 18px; font-weight: bold; line-height: 24px; -webkit-tap-highlight-color: rgba(26, 26, 26, 0.296875); -webkit-composition-fill-color: rgba(130, 98, 83, 0.0976563); -webkit-composition-frame-color: rgba(191, 107, 82, 0.496094); \">En su turno al hablar, el orador anfitri\u00f3n, Pedro Oxt\u00e9 Conrado, realiz\u00f3 una&nbsp;semblanza de la vida y obra del recipiendario, as\u00ed como del ilustre yucateco&nbsp;H\u00e9ctor Victoria Aguilar, al cual destac\u00f3 como un hombre de pueblo que fue&nbsp;fundador, junto con Felipe Carrillo Puerto, del Partido Socialista Obrero&nbsp;(PSO).<\/div>\n<div style=\"font-family: Noteworthy; font-size: 18px; font-weight: bold; line-height: 24px; -webkit-tap-highlight-color: rgba(26, 26, 26, 0.296875); -webkit-composition-fill-color: rgba(130, 98, 83, 0.0976563); -webkit-composition-frame-color: rgba(191, 107, 82, 0.496094); \">Adem\u00e1s, Victoria Aguilar fue, junto con los yucatecos Antonio Ancona&nbsp;Albertos, Manuel Gonz\u00e1lez Cepeda, Enrique Recio y Miguel Alonzo Romero,&nbsp;parte de la comisi\u00f3n estatal que particip\u00f3 activamente en la redacci\u00f3n del&nbsp;texto que dio forma a la Constituci\u00f3n Pol\u00edtica de los Estados Unidos&nbsp;Mexicanos de 1917, base jur\u00eddica que a\u00fan rige los destinos de nuestra<\/div>\n<div style=\"font-family: Noteworthy; font-size: 18px; font-weight: bold; line-height: 24px; -webkit-tap-highlight-color: rgba(26, 26, 26, 0.296875); -webkit-composition-fill-color: rgba(130, 98, 83, 0.0976563); -webkit-composition-frame-color: rgba(191, 107, 82, 0.496094); \">naci\u00f3n.<\/div>\n<div style=\"font-family: Noteworthy; font-size: 18px; font-weight: bold; line-height: 24px; -webkit-tap-highlight-color: rgba(26, 26, 26, 0.296875); -webkit-composition-fill-color: rgba(130, 98, 83, 0.0976563); -webkit-composition-frame-color: rgba(191, 107, 82, 0.496094); \">La medalla \u201cH\u00e9ctor Victoria Aguilar\u201d se instituy\u00f3 para reconocer a mujeres y&nbsp;hombres yucatecos que se hayan distinguido en los campos de la ciencia, el&nbsp;derecho, el arte, la cultura, la promoci\u00f3n y defensa de los derechos&nbsp;humanos, la preservaci\u00f3n del medio ambiente u otra actividad humanista en&nbsp;beneficio del estado, el pa\u00eds o la comunidad universal. (Comunicado)<\/p>\n<div class=\"separator\" style=\"clear: both;\"><a href=\"https:\/\/lh3.googleusercontent.com\/-vCeOUs0rGiU\/UtLFy1PV1SI\/AAAAAAAAd8k\/zNayaQCjjgU\/s640\/blogger-image-13820482.jpg\" imageanchor=\"1\" style=\"margin-left: 1em; margin-right: 1em;\"><img decoding=\"async\" border=\"0\" src=\"https:\/\/lh3.googleusercontent.com\/-vCeOUs0rGiU\/UtLFy1PV1SI\/AAAAAAAAd8k\/zNayaQCjjgU\/s640\/blogger-image-13820482.jpg\"><\/a><\/div>\n<\/div>\n<div><\/div>\n","protected":false},"excerpt":{"rendered":"<p>M\u00e9rida, Yucat\u00e1n, 11 de enero de 2014.- Los ni\u00f1os y j\u00f3venes estudiantes del&nbsp;estado cuentan, en la persona del Gobernador Rolando Zapata Bello, con un&nbsp;aliado muy importante para conseguir una educaci\u00f3n<\/p>\n","protected":false},"author":1,"featured_media":18033,"comment_status":"open","ping_status":"open","sticky":false,"template":"","format":"standard","meta":{"jetpack_post_was_ever_published":false,"_jetpack_newsletter_access":"","_jetpack_dont_email_post_to_subs":false,"_jetpack_newsletter_tier_id":0,"_jetpack_memberships_contains_paywalled_content":false,"_jetpack_memberships_contains_paid_content":false,"footnotes":"","jetpack_publicize_message":"","jetpack_publicize_feature_enabled":true,"jetpack_social_post_already_shared":false,"jetpack_social_options":{"image_generator_settings":{"template":"highway","default_image_id":0,"font":"","enabled":false},"version":2}},"categories":[17,1],"tags":[],"class_list":["post-3962","post","type-post","status-publish","format-standard","has-post-thumbnail","hentry","category-politica-y-gobierno","category-sin-categoria"],"jetpack_publicize_connections":[],"jetpack_featured_media_url":"https:\/\/formalprision.com\/wp-content\/uploads\/2014\/01\/blogger-image-13820482.jpg","jetpack_sharing_enabled":true,"jetpack_shortlink":"https:\/\/wp.me\/p6id8p-11U","_links":{"self":[{"href":"https:\/\/formalprision.com\/index.php?rest_route=\/wp\/v2\/posts\/3962","targetHints":{"allow":["GET"]}}],"collection":[{"href":"https:\/\/formalprision.com\/index.php?rest_route=\/wp\/v2\/posts"}],"about":[{"href":"https:\/\/formalprision.com\/index.php?rest_route=\/wp\/v2\/types\/post"}],"author":[{"embeddable":true,"href":"https:\/\/formalprision.com\/index.php?rest_route=\/wp\/v2\/users\/1"}],"replies":[{"embeddable":true,"href":"https:\/\/formalprision.com\/index.php?rest_route=%2Fwp%2Fv2%2Fcomments&post=3962"}],"version-history":[{"count":0,"href":"https:\/\/formalprision.com\/index.php?rest_route=\/wp\/v2\/posts\/3962\/revisions"}],"wp:featuredmedia":[{"embeddable":true,"href":"https:\/\/formalprision.com\/index.php?rest_route=\/wp\/v2\/media\/18033"}],"wp:attachment":[{"href":"https:\/\/formalprision.com\/index.php?rest_route=%2Fwp%2Fv2%2Fmedia&parent=3962"}],"wp:term":[{"taxonomy":"category","embeddable":true,"href":"https:\/\/formalprision.com\/index.php?rest_route=%2Fwp%2Fv2%2Fcategories&post=3962"},{"taxonomy":"post_tag","embeddable":true,"href":"https:\/\/formalprision.com\/index.php?rest_route=%2Fwp%2Fv2%2Ftags&post=3962"}],"curies":[{"name":"wp","href":"https:\/\/api.w.org\/{rel}","templated":true}]}}