{"id":3965,"date":"2014-01-11T02:33:00","date_gmt":"2014-01-11T02:33:00","guid":{"rendered":"http:\/\/formalprision.info\/2014\/01\/11\/el-gobernador-participa-en-reunion-de\/"},"modified":"2015-06-03T08:41:00","modified_gmt":"2015-06-03T08:41:00","slug":"el-gobernador-participa-en-reunion-de","status":"publish","type":"post","link":"https:\/\/formalprision.com\/?p=3965","title":{"rendered":"El Gobernador participa en Reuni\u00f3n de Embajadores y C\u00f3nsules de M\u00e9xico"},"content":{"rendered":"<div><\/div>\n<div>\n<div style=\"font-family: Noteworthy; font-size: 18px; font-weight: bold; line-height: 24px; -webkit-tap-highlight-color: rgba(26, 26, 26, 0.296875); -webkit-composition-fill-color: rgba(130, 98, 83, 0.0976563); -webkit-composition-frame-color: rgba(191, 107, 82, 0.496094); \">M\u00e9xico, D.F., 10 de enero de 2014.- Yucat\u00e1n es un actor con responsabilidad&nbsp;global, abierto a las inversiones nacionales y extranjeras, y con una amplia&nbsp;propuesta cultural y tur\u00edstica, afirm\u00f3 el Gobernador Rolando Zapata Bello al&nbsp;participar en la XXV Reuni\u00f3n de Embajadores y C\u00f3nsules de M\u00e9xico.<\/div>\n<div style=\"font-family: Noteworthy; font-size: 18px; font-weight: bold; line-height: 24px; -webkit-tap-highlight-color: rgba(26, 26, 26, 0.296875); -webkit-composition-fill-color: rgba(130, 98, 83, 0.0976563); -webkit-composition-frame-color: rgba(191, 107, 82, 0.496094); \">Ante el secretario de Relaciones Exteriores del Gobierno federal, Jos\u00e9&nbsp;Antonio Meade Kuribre\u00f1a, el titular del Poder Ejecutivo record\u00f3 que Yucat\u00e1n&nbsp;ya es parte del fen\u00f3meno global, tras establecer diversas alianzas de&nbsp;trabajo con la Rep\u00fablica Popular China, la Uni\u00f3n Europea, Brasil y por su&nbsp;ubicaci\u00f3n en el \u00e1rea del Este de Estados Unidos, el Caribe y Centro Am\u00e9rica.<\/div>\n<div style=\"font-family: Noteworthy; font-size: 18px; font-weight: bold; line-height: 24px; -webkit-tap-highlight-color: rgba(26, 26, 26, 0.296875); -webkit-composition-fill-color: rgba(130, 98, 83, 0.0976563); -webkit-composition-frame-color: rgba(191, 107, 82, 0.496094); \">\u201cHoy nuestra entidad tiene un men\u00fa de oportunidades para que los portafolios&nbsp;de inversi\u00f3n se asienten en la regi\u00f3n y se impulsen proyectos de desarrollo&nbsp;agropecuario, industrial y tecnol\u00f3gico, ello a partir del Puerto de Altura&nbsp;de Progreso, obras como el Tren Transpeninsular, y los futuros centros&nbsp;log\u00edsticos de Valladolid y Progreso\u201d, expres\u00f3.<\/div>\n<div style=\"font-family: Noteworthy; font-size: 18px; font-weight: bold; line-height: 24px; -webkit-tap-highlight-color: rgba(26, 26, 26, 0.296875); -webkit-composition-fill-color: rgba(130, 98, 83, 0.0976563); -webkit-composition-frame-color: rgba(191, 107, 82, 0.496094); \">Zapata Bello puntualiz\u00f3 que la din\u00e1mica econ\u00f3mica que se presenta en&nbsp;Yucat\u00e1n, se refleja en el crecimiento en materia de creaci\u00f3n de empleos,&nbsp;rebasando la media nacional e inclusive a estados de la zona Norte y&nbsp;Occidente de M\u00e9xico.<\/div>\n<div style=\"font-family: Noteworthy; font-size: 18px; font-weight: bold; line-height: 24px; -webkit-tap-highlight-color: rgba(26, 26, 26, 0.296875); -webkit-composition-fill-color: rgba(130, 98, 83, 0.0976563); -webkit-composition-frame-color: rgba(191, 107, 82, 0.496094); \">\u201cEn Yucat\u00e1n se lograron consolidar m\u00e1s de 15 mil empleos, la cifra m\u00e1s alta&nbsp;en la \u00faltima d\u00e9cada\u201d, enfatiz\u00f3.<\/div>\n<div style=\"font-family: Noteworthy; font-size: 18px; font-weight: bold; line-height: 24px; -webkit-tap-highlight-color: rgba(26, 26, 26, 0.296875); -webkit-composition-fill-color: rgba(130, 98, 83, 0.0976563); -webkit-composition-frame-color: rgba(191, 107, 82, 0.496094); \">En ceremonia celebrada en la sede de la Secretar\u00eda de Relaciones Exteriores&nbsp;(SRE), el mandatario destac\u00f3 que en Yucat\u00e1n se est\u00e1n impulsado&nbsp;estrat\u00e9gicamente la agroindustria, el turismo, las tecnolog\u00edas de la&nbsp;informaci\u00f3n y la innovaci\u00f3n.<\/div>\n<div style=\"font-family: Noteworthy; font-size: 18px; font-weight: bold; line-height: 24px; -webkit-tap-highlight-color: rgba(26, 26, 26, 0.296875); -webkit-composition-fill-color: rgba(130, 98, 83, 0.0976563); -webkit-composition-frame-color: rgba(191, 107, 82, 0.496094); \">Asimismo, se\u00f1al\u00f3 que dichas iniciativas se han consolidado con la formaci\u00f3n&nbsp;de profesionales y t\u00e9cnicos especializados, que constituyen un importante&nbsp;capital humano para el desarrollo de las actividades productivas, junto con&nbsp;infraestructura de calidad como el Parque Cient\u00edfico y Tecnol\u00f3gico de&nbsp;Yucat\u00e1n.&nbsp;<\/div>\n<div style=\"font-family: Noteworthy; font-size: 18px; font-weight: bold; line-height: 24px; -webkit-tap-highlight-color: rgba(26, 26, 26, 0.296875); -webkit-composition-fill-color: rgba(130, 98, 83, 0.0976563); -webkit-composition-frame-color: rgba(191, 107, 82, 0.496094); \">En materia tur\u00edstica, resalt\u00f3 la promoci\u00f3n a nivel internacional, con el&nbsp;objetivo de posicionar a Yucat\u00e1n como un destino para el turismo cultural y&nbsp;de reuniones. Para ello, se\u00f1al\u00f3, tambi\u00e9n se est\u00e1 ampliando la oferta de&nbsp;atractivos, como lo es el Festival Internacional de la Cultura Maya&nbsp;(FICMaya).<\/div>\n<div style=\"font-family: Noteworthy; font-size: 18px; font-weight: bold; line-height: 24px; -webkit-tap-highlight-color: rgba(26, 26, 26, 0.296875); -webkit-composition-fill-color: rgba(130, 98, 83, 0.0976563); -webkit-composition-frame-color: rgba(191, 107, 82, 0.496094); \">En su edici\u00f3n 2014, el FICMAYA se realizar\u00e1 en octubre con el tema &nbsp;\u201cLa&nbsp;arquitectura\u201d, y reunir\u00e1 a intelectuales, acad\u00e9micos y estudiantes de&nbsp;distintas naciones que reconocen el papel de la cultura originaria de la&nbsp;regi\u00f3n como una de las m\u00e1s importantes del mundo.<\/div>\n<div style=\"font-family: Noteworthy; font-size: 18px; font-weight: bold; line-height: 24px; -webkit-tap-highlight-color: rgba(26, 26, 26, 0.296875); -webkit-composition-fill-color: rgba(130, 98, 83, 0.0976563); -webkit-composition-frame-color: rgba(191, 107, 82, 0.496094); \">Por su parte, los embajadores y c\u00f3nsules destacaron que Yucat\u00e1n ofrece&nbsp;muchas oportunidades, por lo que invitaron al Gobernador a realizar visitas&nbsp;a Puerto Rico, Estados Unidos, en el \u00e1rea de la Florida, y Vancouver,&nbsp;Canad\u00e1, donde Yucat\u00e1n ser\u00e1 el estado invitado al M\u00e9xico Fest.<\/div>\n<div style=\"font-family: Noteworthy; font-size: 18px; font-weight: bold; line-height: 24px; -webkit-tap-highlight-color: rgba(26, 26, 26, 0.296875); -webkit-composition-fill-color: rgba(130, 98, 83, 0.0976563); -webkit-composition-frame-color: rgba(191, 107, 82, 0.496094); \">Entrevistado al t\u00e9rmino del evento, el mandatario reiter\u00f3 que su&nbsp;participaci\u00f3n en la reuni\u00f3n -a la que tambi\u00e9n asistieron el jefe de Gobierno&nbsp;del Distrito Federal, Miguel \u00c1ngel Mancera Espinosa, y el Gobernador de&nbsp;Nayarit, Roberto Sandoval Casta\u00f1eda- es una prueba de c\u00f3mo la suma de&nbsp;esfuerzos permite desarrollar planes con un amplio sentido federalista.<\/div>\n<div style=\"font-family: Noteworthy; font-size: 18px; font-weight: bold; line-height: 24px; -webkit-tap-highlight-color: rgba(26, 26, 26, 0.296875); -webkit-composition-fill-color: rgba(130, 98, 83, 0.0976563); -webkit-composition-frame-color: rgba(191, 107, 82, 0.496094); \">Al abordar el tema de las reformas estructurales, consider\u00f3 que la&nbsp;energ\u00e9tica, la de telecomunicaciones y la educativa, son el parteaguas para&nbsp;que M\u00e9xico se inserte en la globalizaci\u00f3n y los beneficios que generen \u00e9stas&nbsp;mejoren las condiciones de desarrollo y la calidad de vida de la poblaci\u00f3n&nbsp;del Sureste del pa\u00eds.<\/div>\n<div style=\"font-family: Noteworthy; font-size: 18px; font-weight: bold; line-height: 24px; -webkit-tap-highlight-color: rgba(26, 26, 26, 0.296875); -webkit-composition-fill-color: rgba(130, 98, 83, 0.0976563); -webkit-composition-frame-color: rgba(191, 107, 82, 0.496094); \">Como parte de las actividades de clausura de la XXV Reuni\u00f3n de Embajadores y&nbsp;C\u00f3nsules de M\u00e9xico, el Gobernador acompa\u00f1\u00f3 al cuerpo diplom\u00e1tico y al&nbsp;Presidente de la Rep\u00fablica, Enrique Pe\u00f1a Nieto, a la comida que se ofreci\u00f3&nbsp;en la Residencia Oficial de Los Pinos.(comunicado)<\/p>\n<div class=\"separator\" style=\"clear: both;\"><a href=\"https:\/\/lh4.googleusercontent.com\/-FgyyoDTfBRE\/UtCtjgttfAI\/AAAAAAAAd78\/GRrN5j5J-T0\/s640\/blogger-image--1721236786.jpg\" imageanchor=\"1\" style=\"margin-left: 1em; margin-right: 1em;\"><img decoding=\"async\" border=\"0\" src=\"https:\/\/lh4.googleusercontent.com\/-FgyyoDTfBRE\/UtCtjgttfAI\/AAAAAAAAd78\/GRrN5j5J-T0\/s640\/blogger-image--1721236786.jpg\"><\/a><\/div>\n<\/div>\n<\/div>\n<div><\/div>\n","protected":false},"excerpt":{"rendered":"<p>M\u00e9xico, D.F., 10 de enero de 2014.- Yucat\u00e1n es un actor con responsabilidad&nbsp;global, abierto a las inversiones nacionales y extranjeras, y con una amplia&nbsp;propuesta cultural y tur\u00edstica, afirm\u00f3 el Gobernador<\/p>\n","protected":false},"author":1,"featured_media":18039,"comment_status":"open","ping_status":"open","sticky":false,"template":"","format":"standard","meta":{"jetpack_post_was_ever_published":false,"_jetpack_newsletter_access":"","_jetpack_dont_email_post_to_subs":false,"_jetpack_newsletter_tier_id":0,"_jetpack_memberships_contains_paywalled_content":false,"_jetpack_memberships_contains_paid_content":false,"footnotes":"","jetpack_publicize_message":"","jetpack_publicize_feature_enabled":true,"jetpack_social_post_already_shared":false,"jetpack_social_options":{"image_generator_settings":{"template":"highway","default_image_id":0,"font":"","enabled":false},"version":2}},"categories":[17,1],"tags":[],"class_list":["post-3965","post","type-post","status-publish","format-standard","has-post-thumbnail","hentry","category-politica-y-gobierno","category-sin-categoria"],"jetpack_publicize_connections":[],"jetpack_featured_media_url":"https:\/\/formalprision.com\/wp-content\/uploads\/2014\/01\/blogger-image-1721236786.jpg","jetpack_sharing_enabled":true,"jetpack_shortlink":"https:\/\/wp.me\/p6id8p-11X","_links":{"self":[{"href":"https:\/\/formalprision.com\/index.php?rest_route=\/wp\/v2\/posts\/3965","targetHints":{"allow":["GET"]}}],"collection":[{"href":"https:\/\/formalprision.com\/index.php?rest_route=\/wp\/v2\/posts"}],"about":[{"href":"https:\/\/formalprision.com\/index.php?rest_route=\/wp\/v2\/types\/post"}],"author":[{"embeddable":true,"href":"https:\/\/formalprision.com\/index.php?rest_route=\/wp\/v2\/users\/1"}],"replies":[{"embeddable":true,"href":"https:\/\/formalprision.com\/index.php?rest_route=%2Fwp%2Fv2%2Fcomments&post=3965"}],"version-history":[{"count":0,"href":"https:\/\/formalprision.com\/index.php?rest_route=\/wp\/v2\/posts\/3965\/revisions"}],"wp:featuredmedia":[{"embeddable":true,"href":"https:\/\/formalprision.com\/index.php?rest_route=\/wp\/v2\/media\/18039"}],"wp:attachment":[{"href":"https:\/\/formalprision.com\/index.php?rest_route=%2Fwp%2Fv2%2Fmedia&parent=3965"}],"wp:term":[{"taxonomy":"category","embeddable":true,"href":"https:\/\/formalprision.com\/index.php?rest_route=%2Fwp%2Fv2%2Fcategories&post=3965"},{"taxonomy":"post_tag","embeddable":true,"href":"https:\/\/formalprision.com\/index.php?rest_route=%2Fwp%2Fv2%2Ftags&post=3965"}],"curies":[{"name":"wp","href":"https:\/\/api.w.org\/{rel}","templated":true}]}}