{"id":4003,"date":"2014-01-07T03:22:00","date_gmt":"2014-01-07T03:22:00","guid":{"rendered":"http:\/\/formalprision.info\/2014\/01\/07\/la-ssp-mantendra-apoyo-policiaco\/"},"modified":"2015-06-03T08:41:07","modified_gmt":"2015-06-03T08:41:07","slug":"la-ssp-mantendra-apoyo-policiaco","status":"publish","type":"post","link":"https:\/\/formalprision.com\/?p=4003","title":{"rendered":"La SSP mantendr\u00e1 apoyo polic\u00edaco a Oxkutzcab"},"content":{"rendered":"<div style=\"font-family: Noteworthy; font-size: 18px; font-weight: bold; line-height: 24px; -webkit-tap-highlight-color: rgba(26, 26, 26, 0.296875); -webkit-composition-fill-color: rgba(130, 98, 83, 0.0976563); -webkit-composition-frame-color: rgba(191, 107, 82, 0.496094); \">La Secretar\u00eda de Seguridad P\u00fablica &nbsp;y el Ayuntamiento de Oxkutzcab continuar\u00e1n trabajando en el marco de la Polic\u00eda Estatal Coordinada en beneficio de los habitantes de aquella comunidad del Sur del Estado.<\/div>\n<div style=\"font-family: Noteworthy; font-size: 18px; font-weight: bold; line-height: 24px; -webkit-tap-highlight-color: rgba(26, 26, 26, 0.296875); -webkit-composition-fill-color: rgba(130, 98, 83, 0.0976563); -webkit-composition-frame-color: rgba(191, 107, 82, 0.496094); \">Hoy, en el edificio de la SSP, se celebr\u00f3 una reuni\u00f3n de trabajo encabezada por el alcalde de Oxkutzcab, Oscar Madrazo G\u00edo y el titular de la Polic\u00eda Estatal, Luis Felipe Said\u00e9n Ojeda.<\/div>\n<div style=\"font-family: Noteworthy; font-size: 18px; font-weight: bold; line-height: 24px; -webkit-tap-highlight-color: rgba(26, 26, 26, 0.296875); -webkit-composition-fill-color: rgba(130, 98, 83, 0.0976563); -webkit-composition-frame-color: rgba(191, 107, 82, 0.496094); \">Se hizo una evaluaci\u00f3n de las acciones conjuntas entre la Secretar\u00eda y la Comuna, con el prop\u00f3sito de salvaguardar la integridad f\u00edsica y los bienes de la poblaci\u00f3n.&nbsp;<\/div>\n<div style=\"font-family: Noteworthy; font-size: 18px; font-weight: bold; line-height: 24px; -webkit-tap-highlight-color: rgba(26, 26, 26, 0.296875); -webkit-composition-fill-color: rgba(130, 98, 83, 0.0976563); -webkit-composition-frame-color: rgba(191, 107, 82, 0.496094); \">Said\u00e9n Ojeda manifest\u00f3 que por instrucciones del gobernador Rolando Zapata Bello, la seguridad de los municipios de Yucat\u00e1n es atendida sin distinciones de ninguna clase, y que Oxkutzcab, en el marco de la Polic\u00eda Estatal Coordinada, seguir\u00e1 contando con todo el apoyo de la Corporaci\u00f3n.<\/div>\n<div style=\"font-family: Noteworthy; font-size: 18px; font-weight: bold; line-height: 24px; -webkit-tap-highlight-color: rgba(26, 26, 26, 0.296875); -webkit-composition-fill-color: rgba(130, 98, 83, 0.0976563); -webkit-composition-frame-color: rgba(191, 107, 82, 0.496094); \">En la reuni\u00f3n tambi\u00e9n participaron la directora de la Polic\u00eda Municipal, Wilma Gonz\u00e1lez Espinosa, el Tesorero, Ra\u00fal Romero Chel, y el diputado federal por el PRD, Mario Alejandro Cuevas Mena y su colaborador Eduardo Sobrino Sierra.<\/div>\n<div style=\"font-family: Noteworthy; font-size: 18px; font-weight: bold; line-height: 24px; -webkit-tap-highlight-color: rgba(26, 26, 26, 0.296875); -webkit-composition-fill-color: rgba(130, 98, 83, 0.0976563); -webkit-composition-frame-color: rgba(191, 107, 82, 0.496094); \">Acompa\u00f1aron al Comandante Said\u00e9n Ojeda, el director de los Centros Integrales de Seguridad P\u00fablica (CISP), Jorge Albert Camargo, y el director del CISP de Tekax, Primitivo May Cauich. (Comunicado de Prensa)<\/p>\n<div class=\"separator\" style=\"clear: both;\"><a href=\"https:\/\/lh5.googleusercontent.com\/-pCjMIa1Oh9E\/UstzBMRVrXI\/AAAAAAAAdyY\/87lmwTp8I6k\/s640\/blogger-image-847665131.jpg\" imageanchor=\"1\" style=\"margin-left: 1em; margin-right: 1em;\"><img decoding=\"async\" border=\"0\" src=\"https:\/\/lh5.googleusercontent.com\/-pCjMIa1Oh9E\/UstzBMRVrXI\/AAAAAAAAdyY\/87lmwTp8I6k\/s640\/blogger-image-847665131.jpg\"><\/a><\/div>\n<\/div>\n","protected":false},"excerpt":{"rendered":"<p>La Secretar\u00eda de Seguridad P\u00fablica &nbsp;y el Ayuntamiento de Oxkutzcab continuar\u00e1n trabajando en el marco de la Polic\u00eda Estatal Coordinada en beneficio de los habitantes de aquella comunidad del Sur<\/p>\n","protected":false},"author":1,"featured_media":18115,"comment_status":"open","ping_status":"open","sticky":false,"template":"","format":"standard","meta":{"jetpack_post_was_ever_published":false,"_jetpack_newsletter_access":"","_jetpack_dont_email_post_to_subs":false,"_jetpack_newsletter_tier_id":0,"_jetpack_memberships_contains_paywalled_content":false,"_jetpack_memberships_contains_paid_content":false,"footnotes":"","jetpack_publicize_message":"","jetpack_publicize_feature_enabled":true,"jetpack_social_post_already_shared":false,"jetpack_social_options":{"image_generator_settings":{"template":"highway","default_image_id":0,"font":"","enabled":false},"version":2}},"categories":[17,1],"tags":[],"class_list":["post-4003","post","type-post","status-publish","format-standard","has-post-thumbnail","hentry","category-politica-y-gobierno","category-sin-categoria"],"jetpack_publicize_connections":[],"jetpack_featured_media_url":"https:\/\/formalprision.com\/wp-content\/uploads\/2014\/01\/blogger-image-847665131.jpg","jetpack_sharing_enabled":true,"jetpack_shortlink":"https:\/\/wp.me\/p6id8p-12z","_links":{"self":[{"href":"https:\/\/formalprision.com\/index.php?rest_route=\/wp\/v2\/posts\/4003","targetHints":{"allow":["GET"]}}],"collection":[{"href":"https:\/\/formalprision.com\/index.php?rest_route=\/wp\/v2\/posts"}],"about":[{"href":"https:\/\/formalprision.com\/index.php?rest_route=\/wp\/v2\/types\/post"}],"author":[{"embeddable":true,"href":"https:\/\/formalprision.com\/index.php?rest_route=\/wp\/v2\/users\/1"}],"replies":[{"embeddable":true,"href":"https:\/\/formalprision.com\/index.php?rest_route=%2Fwp%2Fv2%2Fcomments&post=4003"}],"version-history":[{"count":0,"href":"https:\/\/formalprision.com\/index.php?rest_route=\/wp\/v2\/posts\/4003\/revisions"}],"wp:featuredmedia":[{"embeddable":true,"href":"https:\/\/formalprision.com\/index.php?rest_route=\/wp\/v2\/media\/18115"}],"wp:attachment":[{"href":"https:\/\/formalprision.com\/index.php?rest_route=%2Fwp%2Fv2%2Fmedia&parent=4003"}],"wp:term":[{"taxonomy":"category","embeddable":true,"href":"https:\/\/formalprision.com\/index.php?rest_route=%2Fwp%2Fv2%2Fcategories&post=4003"},{"taxonomy":"post_tag","embeddable":true,"href":"https:\/\/formalprision.com\/index.php?rest_route=%2Fwp%2Fv2%2Ftags&post=4003"}],"curies":[{"name":"wp","href":"https:\/\/api.w.org\/{rel}","templated":true}]}}