{"id":4005,"date":"2014-01-07T01:11:00","date_gmt":"2014-01-07T01:11:00","guid":{"rendered":"http:\/\/formalprision.info\/2014\/01\/07\/conmemoran-el-dia-de-la-enfermera-en\/"},"modified":"2015-06-03T08:41:10","modified_gmt":"2015-06-03T08:41:10","slug":"conmemoran-el-dia-de-la-enfermera-en","status":"publish","type":"post","link":"https:\/\/formalprision.com\/?p=4005","title":{"rendered":"Conmemoran el D\u00eda de la Enfermera en Yucat\u00e1n"},"content":{"rendered":"<div style=\"font-family: Noteworthy; font-size: 18px; font-weight: bold; line-height: 24px; -webkit-tap-highlight-color: rgba(26, 26, 26, 0.296875); -webkit-composition-fill-color: rgba(130, 98, 83, 0.0976563); -webkit-composition-frame-color: rgba(191, 107, 82, 0.496094); \">M\u00e9rida, Yucat\u00e1n, 6 de enero de 2014.- En el marco de la conmemoraci\u00f3n del&nbsp;D\u00eda de la Enfermera, el Gobernador Rolando Zapata Bello reconoci\u00f3 la labor&nbsp;de estos profesionales de la salud para ofrecer servicios m\u00e9dicos con&nbsp;calidad y los convoc\u00f3 a continuar con su entrega, \u201cpues representan el&nbsp;rostro humano de la administraci\u00f3n p\u00fablica\u201d.<\/div>\n<div style=\"font-family: Noteworthy; font-size: 18px; font-weight: bold; line-height: 24px; -webkit-tap-highlight-color: rgba(26, 26, 26, 0.296875); -webkit-composition-fill-color: rgba(130, 98, 83, 0.0976563); -webkit-composition-frame-color: rgba(191, 107, 82, 0.496094); \">Durante la ceremonia, realizada en el Centro de Convenciones Yucat\u00e1n Siglo&nbsp;XXI, el titular del Poder Ejecutivo asegur\u00f3 que el Gobierno del Estado&nbsp;trabaja para garantizar que en Yucat\u00e1n la atenci\u00f3n en este rubro se brinde&nbsp;de la mejor manera y para eso, dijo, es indispensable contar con los&nbsp;equipos, inmuebles e insumos necesarios que permitan ofrecer servicios&nbsp;\u00f3ptimos a la poblaci\u00f3n.<\/div>\n<div style=\"font-family: Noteworthy; font-size: 18px; font-weight: bold; line-height: 24px; -webkit-tap-highlight-color: rgba(26, 26, 26, 0.296875); -webkit-composition-fill-color: rgba(130, 98, 83, 0.0976563); -webkit-composition-frame-color: rgba(191, 107, 82, 0.496094); \">\u201cEs indispensable que todos los d\u00edas hagamos nuestro mejor esfuerzo como&nbsp;autoridades para garantizar que las condiciones en que se brinda la pr\u00e1ctica&nbsp;de la enfermer\u00eda sean las adecuadas, y de igual manera las propias&nbsp;condiciones laborales del sector sean \u00f3ptimas, ese es un compromiso que hoy&nbsp;venimos a ratificar\u201d, enfatiz\u00f3 el mandatario ante enfermeras y enfermeros de&nbsp;la Secretar\u00eda de Salud de Yucat\u00e1n (SSY).<\/div>\n<div style=\"font-family: Noteworthy; font-size: 18px; font-weight: bold; line-height: 24px; -webkit-tap-highlight-color: rgba(26, 26, 26, 0.296875); -webkit-composition-fill-color: rgba(130, 98, 83, 0.0976563); -webkit-composition-frame-color: rgba(191, 107, 82, 0.496094); \">En representaci\u00f3n de los trabajadores, Andrea In\u00e9s G\u00f3mez Escobedo refrend\u00f3&nbsp;el compromiso del gremio para continuar ofreciendo a la sociedad yucateca&nbsp;una atenci\u00f3n de calidad y con calidez.<\/div>\n<div style=\"font-family: Noteworthy; font-size: 18px; font-weight: bold; line-height: 24px; -webkit-tap-highlight-color: rgba(26, 26, 26, 0.296875); -webkit-composition-fill-color: rgba(130, 98, 83, 0.0976563); -webkit-composition-frame-color: rgba(191, 107, 82, 0.496094); \">\u201cEn nombre de los compa\u00f1eros les ratifico mi compromiso de trabajo y&nbsp;servicio para con el pueblo de Yucat\u00e1n, porque en nuestras manos tenemos la&nbsp;vida de otros y la esperanza de familias enteras, por ello es nuestro deber&nbsp;y obligaci\u00f3n ejercer bien nuestra vocaci\u00f3n en cualquier \u00e1rea en que nos&nbsp;desempe\u00f1emos\u201d, se\u00f1al\u00f3.<\/div>\n<div style=\"font-family: Noteworthy; font-size: 18px; font-weight: bold; line-height: 24px; -webkit-tap-highlight-color: rgba(26, 26, 26, 0.296875); -webkit-composition-fill-color: rgba(130, 98, 83, 0.0976563); -webkit-composition-frame-color: rgba(191, 107, 82, 0.496094); \">Al hacer uso de la palabra, el titular de la SSY, Jorge Eduardo Mendoza&nbsp;M\u00e9zquita, reconoci\u00f3 el arduo trabajo que realizan a diario para atender a&nbsp;los pacientes en las cl\u00ednicas, hospitales y centros de salud p\u00fablica&nbsp;ubicados a lo largo y ancho del territorio estatal.<\/div>\n<div style=\"font-family: Noteworthy; font-size: 18px; font-weight: bold; line-height: 24px; -webkit-tap-highlight-color: rgba(26, 26, 26, 0.296875); -webkit-composition-fill-color: rgba(130, 98, 83, 0.0976563); -webkit-composition-frame-color: rgba(191, 107, 82, 0.496094); \">\u201cPorque si bien en 2013 se lograron importantes avances en esta materia, fue&nbsp;gracias a su excelente desempe\u00f1o, porque ustedes son promotoras de la&nbsp;calidad, son profesionistas capacitadas que hacen de la salud p\u00fablica el&nbsp;objetivo prioritario de su labor\u201d, expres\u00f3 acompa\u00f1ado del secretario de la&nbsp;Secci\u00f3n 67 del Sindicato Nacional de Trabajadores de la Secretar\u00eda de Salud&nbsp;(SNTSA), \u00c1lvar Rubio Rodr\u00edguez.<\/div>\n<div style=\"font-family: Noteworthy; font-size: 18px; font-weight: bold; line-height: 24px; -webkit-tap-highlight-color: rgba(26, 26, 26, 0.296875); -webkit-composition-fill-color: rgba(130, 98, 83, 0.0976563); -webkit-composition-frame-color: rgba(191, 107, 82, 0.496094); \">Asistieron al evento la coordinadora estatal de Enfermer\u00eda de la SSY, Wilma&nbsp;Zapata Cabrera; el jefe de la Jurisdicci\u00f3n Sanitaria n\u00famero 2 de la&nbsp;dependencia, Rudy Humberto Coronado Bastarrachea, y los directores de los&nbsp;Hospitales de la Amistad Corea-M\u00e9xico, Jos\u00e9 Luis Ak\u00e9 Sosa; Comunitario de&nbsp;Peto, Luis Ariel Alcocer Calder\u00f3n; y de Ticul, Wilbert Artemio Canto Reyes. (Comunicado)<\/p>\n<div class=\"separator\" style=\"clear: both;\"><a href=\"https:\/\/lh3.googleusercontent.com\/-u7bav1Y2N-0\/UstUQ_2M-1I\/AAAAAAAAdx4\/XDXeEkyX2Fc\/s640\/blogger-image-1799743109.jpg\" imageanchor=\"1\" style=\"margin-left: 1em; margin-right: 1em;\"><img decoding=\"async\" border=\"0\" src=\"https:\/\/lh3.googleusercontent.com\/-u7bav1Y2N-0\/UstUQ_2M-1I\/AAAAAAAAdx4\/XDXeEkyX2Fc\/s640\/blogger-image-1799743109.jpg\"><\/a><\/div>\n<\/div>\n<div><\/div>\n","protected":false},"excerpt":{"rendered":"<p>M\u00e9rida, Yucat\u00e1n, 6 de enero de 2014.- En el marco de la conmemoraci\u00f3n del&nbsp;D\u00eda de la Enfermera, el Gobernador Rolando Zapata Bello reconoci\u00f3 la labor&nbsp;de estos profesionales de la salud<\/p>\n","protected":false},"author":1,"featured_media":18119,"comment_status":"open","ping_status":"open","sticky":false,"template":"","format":"standard","meta":{"jetpack_post_was_ever_published":false,"_jetpack_newsletter_access":"","_jetpack_dont_email_post_to_subs":false,"_jetpack_newsletter_tier_id":0,"_jetpack_memberships_contains_paywalled_content":false,"_jetpack_memberships_contains_paid_content":false,"footnotes":"","jetpack_publicize_message":"","jetpack_publicize_feature_enabled":true,"jetpack_social_post_already_shared":false,"jetpack_social_options":{"image_generator_settings":{"template":"highway","default_image_id":0,"font":"","enabled":false},"version":2}},"categories":[17,1],"tags":[],"class_list":["post-4005","post","type-post","status-publish","format-standard","has-post-thumbnail","hentry","category-politica-y-gobierno","category-sin-categoria"],"jetpack_publicize_connections":[],"jetpack_featured_media_url":"https:\/\/formalprision.com\/wp-content\/uploads\/2014\/01\/blogger-image-1799743109.jpg","jetpack_sharing_enabled":true,"jetpack_shortlink":"https:\/\/wp.me\/p6id8p-12B","_links":{"self":[{"href":"https:\/\/formalprision.com\/index.php?rest_route=\/wp\/v2\/posts\/4005","targetHints":{"allow":["GET"]}}],"collection":[{"href":"https:\/\/formalprision.com\/index.php?rest_route=\/wp\/v2\/posts"}],"about":[{"href":"https:\/\/formalprision.com\/index.php?rest_route=\/wp\/v2\/types\/post"}],"author":[{"embeddable":true,"href":"https:\/\/formalprision.com\/index.php?rest_route=\/wp\/v2\/users\/1"}],"replies":[{"embeddable":true,"href":"https:\/\/formalprision.com\/index.php?rest_route=%2Fwp%2Fv2%2Fcomments&post=4005"}],"version-history":[{"count":0,"href":"https:\/\/formalprision.com\/index.php?rest_route=\/wp\/v2\/posts\/4005\/revisions"}],"wp:featuredmedia":[{"embeddable":true,"href":"https:\/\/formalprision.com\/index.php?rest_route=\/wp\/v2\/media\/18119"}],"wp:attachment":[{"href":"https:\/\/formalprision.com\/index.php?rest_route=%2Fwp%2Fv2%2Fmedia&parent=4005"}],"wp:term":[{"taxonomy":"category","embeddable":true,"href":"https:\/\/formalprision.com\/index.php?rest_route=%2Fwp%2Fv2%2Fcategories&post=4005"},{"taxonomy":"post_tag","embeddable":true,"href":"https:\/\/formalprision.com\/index.php?rest_route=%2Fwp%2Fv2%2Ftags&post=4005"}],"curies":[{"name":"wp","href":"https:\/\/api.w.org\/{rel}","templated":true}]}}