{"id":4007,"date":"2014-01-06T22:54:00","date_gmt":"2014-01-06T22:54:00","guid":{"rendered":"http:\/\/formalprision.info\/2014\/01\/06\/rescatan-cocodrilo-atado-un-arbo\/"},"modified":"2015-06-03T08:41:10","modified_gmt":"2015-06-03T08:41:10","slug":"rescatan-cocodrilo-atado-un-arbo","status":"publish","type":"post","link":"https:\/\/formalprision.com\/?p=4007","title":{"rendered":"Rescatan cocodrilo atado a un \u00e1rbol"},"content":{"rendered":"<div style=\"font-family: Noteworthy; font-size: 18px; font-weight: bold; line-height: 24px; -webkit-tap-highlight-color: rgba(26, 26, 26, 0.296875); -webkit-composition-fill-color: rgba(130, 98, 83, 0.0976563); -webkit-composition-frame-color: rgba(191, 107, 82, 0.496094); \">La Procuradur\u00eda Federal de Protecci\u00f3n al Ambiente &nbsp;rescat\u00f3 un cocodrilo (Crocodylus moreletii) que estaba atado y abandonado a un \u00e1rbol en Valladolid.<\/div>\n<div style=\"font-family: Noteworthy; font-size: 18px; font-weight: bold; line-height: 24px; -webkit-tap-highlight-color: rgba(26, 26, 26, 0.296875); -webkit-composition-fill-color: rgba(130, 98, 83, 0.0976563); -webkit-composition-frame-color: rgba(191, 107, 82, 0.496094); \">El animal &nbsp;fue encontrado por menores que se encontraban en recreaci\u00f3n en el lugar.&nbsp;<\/div>\n<div style=\"font-family: Noteworthy; font-size: 18px; font-weight: bold; line-height: 24px; -webkit-tap-highlight-color: rgba(26, 26, 26, 0.296875); -webkit-composition-fill-color: rgba(130, 98, 83, 0.0976563); -webkit-composition-frame-color: rgba(191, 107, 82, 0.496094); \">El Comit\u00e9 de Vigilancia Ambiental Participativa de la Asociaci\u00f3n Regional de Silvicultores Montebello Oriente, fue quien denunci\u00f3 este hecho a la &nbsp;Profepa y a &nbsp;la Direcci\u00f3n de Protecci\u00f3n civil del Municipio de Valladolid.&nbsp;<\/div>\n<div style=\"font-family: Noteworthy; font-size: 18px; font-weight: bold; line-height: 24px; -webkit-tap-highlight-color: rgba(26, 26, 26, 0.296875); -webkit-composition-fill-color: rgba(130, 98, 83, 0.0976563); -webkit-composition-frame-color: rgba(191, 107, 82, 0.496094); \">Los Inspectores federales &nbsp;acudieron al lugar se\u00f1alado y realizaron una valoraci\u00f3n del estado de salud del ejemplar, mismo que se detect\u00f3 con heridas leves, deshidratado y fam\u00e9lico, por lo que no se pudo lograr su liberaci\u00f3n inmediata.&nbsp;<\/div>\n<div style=\"font-family: Noteworthy; font-size: 18px; font-weight: bold; line-height: 24px; -webkit-tap-highlight-color: rgba(26, 26, 26, 0.296875); -webkit-composition-fill-color: rgba(130, 98, 83, 0.0976563); -webkit-composition-frame-color: rgba(191, 107, 82, 0.496094); \">Se procedi\u00f3 a disponerlo en las instalaciones de un parque recreativo del Ayuntamiento de Valladolid, el cual re\u00fane las condiciones apropiadas para su desarrollo y pronta recuperaci\u00f3n.&nbsp;<\/div>\n<div style=\"font-family: Noteworthy; font-size: 18px; font-weight: bold; line-height: 24px; -webkit-tap-highlight-color: rgba(26, 26, 26, 0.296875); -webkit-composition-fill-color: rgba(130, 98, 83, 0.0976563); -webkit-composition-frame-color: rgba(191, 107, 82, 0.496094); \">Posteriormente, laProfepa tiene contemplado liberar al reptil en el \u00c1rea Natural Protegida \u00c1rea de Protecci\u00f3n de Flora y Fauna Otoch Ma&#8217;ax Yetel Kooh, ubicada en las inmediaciones de Valladolid, &nbsp;regi\u00f3n de selvas en la que se presenta alta diversidad de especies animales y vegetales.&nbsp;<\/div>\n<div style=\"font-family: Noteworthy; font-size: 18px; font-weight: bold; line-height: 24px; -webkit-tap-highlight-color: rgba(26, 26, 26, 0.296875); -webkit-composition-fill-color: rgba(130, 98, 83, 0.0976563); -webkit-composition-frame-color: rgba(191, 107, 82, 0.496094); \">La especie Crocodylus moreletti se encuentra listada en la Norma Oficial Mexicana NOM-059-SEMARNAT-2010 Protecci\u00f3n ambiental. Especies nativas de M\u00e9xico de flora y fauna silvestres, en la categor\u00eda de protecci\u00f3n especial.&nbsp;<\/p>\n<div class=\"separator\" style=\"clear: both;\"><a href=\"https:\/\/lh4.googleusercontent.com\/-nE6m7TnAPHM\/Uss0L1Wxa8I\/AAAAAAAAdxc\/oAsZ3GpMWaY\/s640\/blogger-image-1957293227.jpg\" imageanchor=\"1\" style=\"margin-left: 1em; margin-right: 1em;\"><img decoding=\"async\" border=\"0\" src=\"https:\/\/lh4.googleusercontent.com\/-nE6m7TnAPHM\/Uss0L1Wxa8I\/AAAAAAAAdxc\/oAsZ3GpMWaY\/s640\/blogger-image-1957293227.jpg\"><\/a><\/div>\n<\/div>\n","protected":false},"excerpt":{"rendered":"<p>La Procuradur\u00eda Federal de Protecci\u00f3n al Ambiente &nbsp;rescat\u00f3 un cocodrilo (Crocodylus moreletii) que estaba atado y abandonado a un \u00e1rbol en Valladolid. El animal &nbsp;fue encontrado por menores que se<\/p>\n","protected":false},"author":1,"featured_media":18123,"comment_status":"open","ping_status":"open","sticky":false,"template":"","format":"standard","meta":{"jetpack_post_was_ever_published":false,"_jetpack_newsletter_access":"","_jetpack_dont_email_post_to_subs":false,"_jetpack_newsletter_tier_id":0,"_jetpack_memberships_contains_paywalled_content":false,"_jetpack_memberships_contains_paid_content":false,"footnotes":"","jetpack_publicize_message":"","jetpack_publicize_feature_enabled":true,"jetpack_social_post_already_shared":false,"jetpack_social_options":{"image_generator_settings":{"template":"highway","default_image_id":0,"font":"","enabled":false},"version":2}},"categories":[7,3,1],"tags":[],"class_list":["post-4007","post","type-post","status-publish","format-standard","has-post-thumbnail","hentry","category-breves","category-portada","category-sin-categoria"],"jetpack_publicize_connections":[],"jetpack_featured_media_url":"https:\/\/formalprision.com\/wp-content\/uploads\/2014\/01\/blogger-image-1957293227.jpg","jetpack_sharing_enabled":true,"jetpack_shortlink":"https:\/\/wp.me\/p6id8p-12D","_links":{"self":[{"href":"https:\/\/formalprision.com\/index.php?rest_route=\/wp\/v2\/posts\/4007","targetHints":{"allow":["GET"]}}],"collection":[{"href":"https:\/\/formalprision.com\/index.php?rest_route=\/wp\/v2\/posts"}],"about":[{"href":"https:\/\/formalprision.com\/index.php?rest_route=\/wp\/v2\/types\/post"}],"author":[{"embeddable":true,"href":"https:\/\/formalprision.com\/index.php?rest_route=\/wp\/v2\/users\/1"}],"replies":[{"embeddable":true,"href":"https:\/\/formalprision.com\/index.php?rest_route=%2Fwp%2Fv2%2Fcomments&post=4007"}],"version-history":[{"count":0,"href":"https:\/\/formalprision.com\/index.php?rest_route=\/wp\/v2\/posts\/4007\/revisions"}],"wp:featuredmedia":[{"embeddable":true,"href":"https:\/\/formalprision.com\/index.php?rest_route=\/wp\/v2\/media\/18123"}],"wp:attachment":[{"href":"https:\/\/formalprision.com\/index.php?rest_route=%2Fwp%2Fv2%2Fmedia&parent=4007"}],"wp:term":[{"taxonomy":"category","embeddable":true,"href":"https:\/\/formalprision.com\/index.php?rest_route=%2Fwp%2Fv2%2Fcategories&post=4007"},{"taxonomy":"post_tag","embeddable":true,"href":"https:\/\/formalprision.com\/index.php?rest_route=%2Fwp%2Fv2%2Ftags&post=4007"}],"curies":[{"name":"wp","href":"https:\/\/api.w.org\/{rel}","templated":true}]}}