{"id":4010,"date":"2014-01-06T19:19:00","date_gmt":"2014-01-06T19:19:00","guid":{"rendered":"http:\/\/formalprision.info\/2014\/01\/06\/inicia-construccion-de-centro-de\/"},"modified":"2015-06-03T08:41:11","modified_gmt":"2015-06-03T08:41:11","slug":"inicia-construccion-de-centro-de","status":"publish","type":"post","link":"https:\/\/formalprision.com\/?p=4010","title":{"rendered":"Inicia construcci\u00f3n de Centro de Servicios Yucat\u00e1n"},"content":{"rendered":"<div style=\"font-family: Noteworthy; font-size: 18px; font-weight: bold; line-height: 24px; -webkit-tap-highlight-color: rgba(26, 26, 26, 0.296875); -webkit-composition-fill-color: rgba(130, 98, 83, 0.0976563); -webkit-composition-frame-color: rgba(191, 107, 82, 0.496094); \">M\u00e9rida, Yucat\u00e1n, 6 de enero de 2014.- Con una inversi\u00f3n de 42 millones de&nbsp;pesos, el Gobernador Rolando Zapata Bello puso en marcha los trabajos de&nbsp;construcci\u00f3n del Centro de Servicios Yucat\u00e1n, instalaci\u00f3n que se ubicar\u00e1 500&nbsp;metros al norte del Centro de Convenciones Yucat\u00e1n Siglo XXI y permitir\u00e1&nbsp;descentralizar y hacer m\u00e1s eficientes tr\u00e1mites vehiculares, administrativos&nbsp;y financieros para los ciudadanos.<\/div>\n<div style=\"font-family: Noteworthy; font-size: 18px; font-weight: bold; line-height: 24px; -webkit-tap-highlight-color: rgba(26, 26, 26, 0.296875); -webkit-composition-fill-color: rgba(130, 98, 83, 0.0976563); -webkit-composition-frame-color: rgba(191, 107, 82, 0.496094); \">El Centro, que contar\u00e1 con oficinas de atenci\u00f3n de las Secretar\u00edas de&nbsp;Seguridad P\u00fablica (SSP) y de Administraci\u00f3n y Finanzas (SAF), ofrecer\u00e1 los&nbsp;servicios de expedici\u00f3n de licencias de conducir en instalaciones que&nbsp;incluyen 13 ventanillas de recepci\u00f3n, cuatro para ex\u00e1menes m\u00e9dicos y&nbsp;qu\u00edmicos, as\u00ed como cinco cajas para los pagos correspondientes.<\/div>\n<div style=\"font-family: Noteworthy; font-size: 18px; font-weight: bold; line-height: 24px; -webkit-tap-highlight-color: rgba(26, 26, 26, 0.296875); -webkit-composition-fill-color: rgba(130, 98, 83, 0.0976563); -webkit-composition-frame-color: rgba(191, 107, 82, 0.496094); \">A su vez, dispondr\u00e1 de un \u00e1rea de Control Vehicular con dos salas de espera&nbsp;con capacidad para 353 usuarios, que ser\u00e1n atendidos en 30 ventanillas, un&nbsp;m\u00f3dulo de seis verificadores para revisi\u00f3n de 40 veh\u00edculos y cinco m\u00f3dulos&nbsp;de entrega de placas, entre otras facilidades.<\/div>\n<div style=\"font-family: Noteworthy; font-size: 18px; font-weight: bold; line-height: 24px; -webkit-tap-highlight-color: rgba(26, 26, 26, 0.296875); -webkit-composition-fill-color: rgba(130, 98, 83, 0.0976563); -webkit-composition-frame-color: rgba(191, 107, 82, 0.496094); \">Tambi\u00e9n contar\u00e1 con 12 unidades para aplicar ex\u00e1menes te\u00f3ricos y cinco&nbsp;cajones en el exterior para los ex\u00e1menes de manejo, se inform\u00f3 al&nbsp;mandatario, quien estuvo acompa\u00f1ado por el secretario General de Gobierno,&nbsp;V\u00edctor Caballero Dur\u00e1n, y del presidente del Tribunal Superior de Justicia&nbsp;del Estado, Marcos Celis Quintal.<\/div>\n<div style=\"font-family: Noteworthy; font-size: 18px; font-weight: bold; line-height: 24px; -webkit-tap-highlight-color: rgba(26, 26, 26, 0.296875); -webkit-composition-fill-color: rgba(130, 98, 83, 0.0976563); -webkit-composition-frame-color: rgba(191, 107, 82, 0.496094); \">En lo que toca al \u00e1rea de la SAF, la instalaci\u00f3n tendr\u00e1 una sala de espera&nbsp;para 66 personas que ser\u00e1n atendidas en 21 ventanillas de pago, adem\u00e1s de&nbsp;servicios complementarios como cafeter\u00eda, sanitarios, m\u00f3dulo de fotocopiadoy estacionamiento para 116 autos.<\/div>\n<div style=\"font-family: Noteworthy; font-size: 18px; font-weight: bold; line-height: 24px; -webkit-tap-highlight-color: rgba(26, 26, 26, 0.296875); -webkit-composition-fill-color: rgba(130, 98, 83, 0.0976563); -webkit-composition-frame-color: rgba(191, 107, 82, 0.496094); \">Durante el evento, el titular del Poder Ejecutivo afirm\u00f3 que Yucat\u00e1n es un&nbsp;estado que d\u00eda con d\u00eda fortalece su competitividad y su din\u00e1mica de&nbsp;desarrollo econ\u00f3mico mediante el uso eficiente de los recursos p\u00fablicos y su&nbsp;aplicaci\u00f3n en acciones y obras como este Centro, que traer\u00e1 beneficios para&nbsp;toda la poblaci\u00f3n.<\/div>\n<div style=\"font-family: Noteworthy; font-size: 18px; font-weight: bold; line-height: 24px; -webkit-tap-highlight-color: rgba(26, 26, 26, 0.296875); -webkit-composition-fill-color: rgba(130, 98, 83, 0.0976563); -webkit-composition-frame-color: rgba(191, 107, 82, 0.496094); \">\u201cEsto nos permite decir que Yucat\u00e1n es una tierra donde se puede invertir,&nbsp;que cuenta con las condiciones y los servicios necesarios para que los&nbsp;inversionistas se instalen aqu\u00ed y as\u00ed, se contribuya a la generaci\u00f3n de m\u00e1s&nbsp;y mejores fuentes de empleo para los yucatecos\u201d, asever\u00f3 el Gobernador en su&nbsp;mensaje.<\/div>\n<div style=\"font-family: Noteworthy; font-size: 18px; font-weight: bold; line-height: 24px; -webkit-tap-highlight-color: rgba(26, 26, 26, 0.296875); -webkit-composition-fill-color: rgba(130, 98, 83, 0.0976563); -webkit-composition-frame-color: rgba(191, 107, 82, 0.496094); \">Al respecto, el secretario de Seguridad P\u00fablica, Luis Felipe Said\u00e9n Ojeda,&nbsp;inform\u00f3 que con la construcci\u00f3n de este Centro se integrar\u00e1n los dos m\u00f3dulos&nbsp;de la SSP en M\u00e9rida, ubicados a un costado de la ex Penitenciaria Ju\u00e1rez y en el&nbsp;interior del Centro de Convenciones Yucat\u00e1n Siglo XXI, con lo cual se&nbsp;duplicar\u00e1 la capacidad de atenci\u00f3n, sobre todo para tr\u00e1mites vehiculares, de&nbsp;tenencia y licencias.<\/div>\n<div style=\"font-family: Noteworthy; font-size: 18px; font-weight: bold; line-height: 24px; -webkit-tap-highlight-color: rgba(26, 26, 26, 0.296875); -webkit-composition-fill-color: rgba(130, 98, 83, 0.0976563); -webkit-composition-frame-color: rgba(191, 107, 82, 0.496094); \">Por su parte, el titular de la Secretar\u00eda de Administraci\u00f3n y Finanzas,&nbsp;Roberto Rodr\u00edguez Asaf, se\u00f1al\u00f3 que esta nueva instalaci\u00f3n representa una&nbsp;gran apuesta del Gobierno del Estado por la modernizaci\u00f3n del ejercicio&nbsp;p\u00fablico mediante la dignificaci\u00f3n de los espacios para la ciudadan\u00eda y la&nbsp;agilizaci\u00f3n de los servicios con orden, disciplina, racionalidad y<\/div>\n<div style=\"font-family: Noteworthy; font-size: 18px; font-weight: bold; line-height: 24px; -webkit-tap-highlight-color: rgba(26, 26, 26, 0.296875); -webkit-composition-fill-color: rgba(130, 98, 83, 0.0976563); -webkit-composition-frame-color: rgba(191, 107, 82, 0.496094); \">eficiencia.<\/div>\n<div style=\"font-family: Noteworthy; font-size: 18px; font-weight: bold; line-height: 24px; -webkit-tap-highlight-color: rgba(26, 26, 26, 0.296875); -webkit-composition-fill-color: rgba(130, 98, 83, 0.0976563); -webkit-composition-frame-color: rgba(191, 107, 82, 0.496094); \">En su intervenci\u00f3n, el director del Instituto para la Construcci\u00f3n y&nbsp;Conservaci\u00f3n de la Obra P\u00fablica del Estado (INCCOPY), Jos\u00e9 Alpuche Avil\u00e9s,&nbsp;detall\u00f3 que el Centro representar\u00e1 una inversi\u00f3n de 42 millones de pesos en&nbsp;dos etapas. La primera de ellas comenz\u00f3 su edificaci\u00f3n hoy y tendr\u00e1 un costo&nbsp;superior a los 14.9 millones de pesos, misma que concluir\u00e1 a mediados de&nbsp;este a\u00f1o.<\/div>\n<div style=\"font-family: Noteworthy; font-size: 18px; font-weight: bold; line-height: 24px; -webkit-tap-highlight-color: rgba(26, 26, 26, 0.296875); -webkit-composition-fill-color: rgba(130, 98, 83, 0.0976563); -webkit-composition-frame-color: rgba(191, 107, 82, 0.496094); \">Estuvieron presentes el secretario de Obras P\u00fablicas, Daniel Quintal Ic; la&nbsp;fiscal General del Estado, Celia Mar\u00eda Rivas Rodr\u00edguez; el secretario&nbsp;Ejecutivo de la Comisi\u00f3n para la Implementaci\u00f3n de la Reforma en Materia de&nbsp;Seguridad y Justicia, Gabriel Zapata Bello; el consejero Jur\u00eddico estatal,&nbsp;Ernesto Herrera Novelo; y el delegado de la Procuradur\u00eda General de la&nbsp;Rep\u00fablica en Yucat\u00e1n, Juan Manuel Le\u00f3n Le\u00f3n, entre otras autoridades.<\/p>\n<div class=\"separator\" style=\"clear: both;\"><a href=\"https:\/\/lh3.googleusercontent.com\/-6Dsh6Ouh1jg\/UssB0v-NpsI\/AAAAAAAAdws\/UILD5ijd2kI\/s640\/blogger-image--1875293919.jpg\" imageanchor=\"1\" style=\"margin-left: 1em; margin-right: 1em;\"><img decoding=\"async\" border=\"0\" src=\"https:\/\/lh3.googleusercontent.com\/-6Dsh6Ouh1jg\/UssB0v-NpsI\/AAAAAAAAdws\/UILD5ijd2kI\/s640\/blogger-image--1875293919.jpg\"><\/a><\/div>\n<\/div>\n<div style=\"font-family: Noteworthy; font-size: 18px; font-weight: bold; line-height: 24px; -webkit-tap-highlight-color: rgba(26, 26, 26, 0.296875); -webkit-composition-fill-color: rgba(130, 98, 83, 0.0976563); -webkit-composition-frame-color: rgba(191, 107, 82, 0.496094); \"><\/div>\n","protected":false},"excerpt":{"rendered":"<p>M\u00e9rida, Yucat\u00e1n, 6 de enero de 2014.- Con una inversi\u00f3n de 42 millones de&nbsp;pesos, el Gobernador Rolando Zapata Bello puso en marcha los trabajos de&nbsp;construcci\u00f3n del Centro de Servicios Yucat\u00e1n,<\/p>\n","protected":false},"author":1,"featured_media":18129,"comment_status":"open","ping_status":"open","sticky":false,"template":"","format":"standard","meta":{"jetpack_post_was_ever_published":false,"_jetpack_newsletter_access":"","_jetpack_dont_email_post_to_subs":false,"_jetpack_newsletter_tier_id":0,"_jetpack_memberships_contains_paywalled_content":false,"_jetpack_memberships_contains_paid_content":false,"footnotes":"","jetpack_publicize_message":"","jetpack_publicize_feature_enabled":true,"jetpack_social_post_already_shared":false,"jetpack_social_options":{"image_generator_settings":{"template":"highway","default_image_id":0,"font":"","enabled":false},"version":2}},"categories":[17,1],"tags":[],"class_list":["post-4010","post","type-post","status-publish","format-standard","has-post-thumbnail","hentry","category-politica-y-gobierno","category-sin-categoria"],"jetpack_publicize_connections":[],"jetpack_featured_media_url":"https:\/\/formalprision.com\/wp-content\/uploads\/2014\/01\/blogger-image-1875293919.jpg","jetpack_sharing_enabled":true,"jetpack_shortlink":"https:\/\/wp.me\/p6id8p-12G","_links":{"self":[{"href":"https:\/\/formalprision.com\/index.php?rest_route=\/wp\/v2\/posts\/4010","targetHints":{"allow":["GET"]}}],"collection":[{"href":"https:\/\/formalprision.com\/index.php?rest_route=\/wp\/v2\/posts"}],"about":[{"href":"https:\/\/formalprision.com\/index.php?rest_route=\/wp\/v2\/types\/post"}],"author":[{"embeddable":true,"href":"https:\/\/formalprision.com\/index.php?rest_route=\/wp\/v2\/users\/1"}],"replies":[{"embeddable":true,"href":"https:\/\/formalprision.com\/index.php?rest_route=%2Fwp%2Fv2%2Fcomments&post=4010"}],"version-history":[{"count":0,"href":"https:\/\/formalprision.com\/index.php?rest_route=\/wp\/v2\/posts\/4010\/revisions"}],"wp:featuredmedia":[{"embeddable":true,"href":"https:\/\/formalprision.com\/index.php?rest_route=\/wp\/v2\/media\/18129"}],"wp:attachment":[{"href":"https:\/\/formalprision.com\/index.php?rest_route=%2Fwp%2Fv2%2Fmedia&parent=4010"}],"wp:term":[{"taxonomy":"category","embeddable":true,"href":"https:\/\/formalprision.com\/index.php?rest_route=%2Fwp%2Fv2%2Fcategories&post=4010"},{"taxonomy":"post_tag","embeddable":true,"href":"https:\/\/formalprision.com\/index.php?rest_route=%2Fwp%2Fv2%2Ftags&post=4010"}],"curies":[{"name":"wp","href":"https:\/\/api.w.org\/{rel}","templated":true}]}}