{"id":4011,"date":"2014-01-06T18:18:00","date_gmt":"2014-01-06T18:18:00","guid":{"rendered":"http:\/\/formalprision.info\/2014\/01\/06\/regresan-los-baches-merida-en-el-472\/"},"modified":"2015-06-03T08:41:11","modified_gmt":"2015-06-03T08:41:11","slug":"regresan-los-baches-merida-en-el-472","status":"publish","type":"post","link":"https:\/\/formalprision.com\/?p=4011","title":{"rendered":"Regresan los baches a M\u00e9rida"},"content":{"rendered":"<div style=\"font-family: Noteworthy; font-size: 18px; font-weight: bold; line-height: 24px; -webkit-tap-highlight-color: rgba(26, 26, 26, 0.296875); -webkit-composition-fill-color: rgba(130, 98, 83, 0.0976563); -webkit-composition-frame-color: rgba(191, 107, 82, 0.496094); \">Las lluvias que ba\u00f1aron la ciudad en los \u00faltimos d\u00edas han dejado las calles de M\u00e9rida llenas de baches nuevamente, como sucediera unos meses atr\u00e1s.<\/div>\n<div style=\"font-family: Noteworthy; font-size: 18px; font-weight: bold; line-height: 24px; -webkit-tap-highlight-color: rgba(26, 26, 26, 0.296875); -webkit-composition-fill-color: rgba(130, 98, 83, 0.0976563); -webkit-composition-frame-color: rgba(191, 107, 82, 0.496094); \">Ni por conmemorarse este d\u00eda el 472 aniversario de la fundaci\u00f3n de la ciudad, las autoridades municipales se preocuparon por evitar el deterioro masivo de las calles y contrarrestar el problema, que seguramente empeorar\u00e1 porque se pronostican m\u00e1s lluvias para los pr\u00f3ximos d\u00edas.<\/div>\n<div style=\"font-family: Noteworthy; font-size: 18px; font-weight: bold; line-height: 24px; -webkit-tap-highlight-color: rgba(26, 26, 26, 0.296875); -webkit-composition-fill-color: rgba(130, 98, 83, 0.0976563); -webkit-composition-frame-color: rgba(191, 107, 82, 0.496094); \">Si bien las lluvias son inevitables, y con ellas los baches, el problema en M\u00e9rida es que no se hizo un trabajo preventivo, antes de las precipitaciones, con lo que los peque\u00f1os hoyancos crecieron y se multiplicaron con los primeros aguaceros.<\/div>\n<div style=\"font-family: Noteworthy; font-size: 18px; font-weight: bold; line-height: 24px; -webkit-tap-highlight-color: rgba(26, 26, 26, 0.296875); -webkit-composition-fill-color: rgba(130, 98, 83, 0.0976563); -webkit-composition-frame-color: rgba(191, 107, 82, 0.496094); \">Ahora,&nbsp;la ciudad est\u00e1 llena de baches, con el consiguiente perjuicio para miles de personas, pues pr\u00e1cticamente no hay colonia o fraccionamiento de M\u00e9rida que no tenga un \u00abmacro-bache\u00bb .<\/div>\n<div style=\"font-family: Noteworthy; font-size: 18px; font-weight: bold; line-height: 24px; -webkit-tap-highlight-color: rgba(26, 26, 26, 0.296875); -webkit-composition-fill-color: rgba(130, 98, 83, 0.0976563); -webkit-composition-frame-color: rgba(191, 107, 82, 0.496094); \">El Ayuntamiento de M\u00e9rida, al d\u00eda &nbsp;atiende&nbsp;aproximadamente entre 100 y 120 reportes, pero se calcula que se forman cuando menos el doble de baches en 24 horas,<\/div>\n<div style=\"font-family: Noteworthy; font-size: 18px; font-weight: bold; line-height: 24px; -webkit-tap-highlight-color: rgba(26, 26, 26, 0.296875); -webkit-composition-fill-color: rgba(130, 98, 83, 0.0976563); -webkit-composition-frame-color: rgba(191, 107, 82, 0.496094); \">Los baches han ocasionado accidentes vehiculares y da\u00f1os por ponchaduras de llantas, tal y como le sucedi\u00f3 a un dentista con domicilio en la calle 63 por 38, cuyo veh\u00edculo Versa \u00faltimo modelo sufri\u00f3 la p\u00e9rdida de dos llantas al pasar por un megabache de la Avenida Quetzalcoatl.<\/div>\n<div style=\"font-family: Noteworthy; font-size: 18px; font-weight: bold; line-height: 24px; -webkit-tap-highlight-color: rgba(26, 26, 26, 0.296875); -webkit-composition-fill-color: rgba(130, 98, 83, 0.0976563); -webkit-composition-frame-color: rgba(191, 107, 82, 0.496094); \">\n<div>Tambi\u00e9n el Chevy placas YZS-9470 result\u00f3 con da\u00f1os por baches enol\u00edgono 108.<\/div>\n<div>Igualmente la camioneta Toyota matr\u00edcula YP-00364, sufri\u00f3 da\u00f1os en la r\u00f3tula tras pasar un bache de gran tama\u00f1o en la calle 24 entre 35 y 33-A de ese mismo fraccionamiento.<\/div>\n<\/div>\n<div style=\"font-family: Noteworthy; font-size: 18px; font-weight: bold; line-height: 24px; -webkit-tap-highlight-color: rgba(26, 26, 26, 0.296875); -webkit-composition-fill-color: rgba(130, 98, 83, 0.0976563); -webkit-composition-frame-color: rgba(191, 107, 82, 0.496094); \">El Ayuntamiento de M\u00e9rida est\u00e1 obligado a pagar los da\u00f1os ocasionados por las v\u00edas en mal estado, pero muy pocas personas saben el procedimiento para exigir la reparaci\u00f3n de los desperfectos, por lo que no hay actualmente ning\u00fan &nbsp;caso en el que la Comuna pague por esta situaci\u00f3n.<\/p>\n<div class=\"separator\" style=\"clear: both;\"><a href=\"https:\/\/lh3.googleusercontent.com\/-BmGr-Ceiyg4\/Usrzgw2tiNI\/AAAAAAAAdwc\/aJ03KSjrnpI\/s640\/blogger-image--597121906.jpg\" imageanchor=\"1\" style=\"margin-left: 1em; margin-right: 1em;\"><img decoding=\"async\" border=\"0\" src=\"https:\/\/lh3.googleusercontent.com\/-BmGr-Ceiyg4\/Usrzgw2tiNI\/AAAAAAAAdwc\/aJ03KSjrnpI\/s640\/blogger-image--597121906.jpg\"><\/a><\/div>\n<\/div>\n","protected":false},"excerpt":{"rendered":"<p>Las lluvias que ba\u00f1aron la ciudad en los \u00faltimos d\u00edas han dejado las calles de M\u00e9rida llenas de baches nuevamente, como sucediera unos meses atr\u00e1s. Ni por conmemorarse este d\u00eda<\/p>\n","protected":false},"author":1,"featured_media":18131,"comment_status":"open","ping_status":"open","sticky":false,"template":"","format":"standard","meta":{"jetpack_post_was_ever_published":false,"_jetpack_newsletter_access":"","_jetpack_dont_email_post_to_subs":false,"_jetpack_newsletter_tier_id":0,"_jetpack_memberships_contains_paywalled_content":false,"_jetpack_memberships_contains_paid_content":false,"footnotes":"","jetpack_publicize_message":"","jetpack_publicize_feature_enabled":true,"jetpack_social_post_already_shared":false,"jetpack_social_options":{"image_generator_settings":{"template":"highway","default_image_id":0,"font":"","enabled":false},"version":2}},"categories":[14,3,1],"tags":[],"class_list":["post-4011","post","type-post","status-publish","format-standard","has-post-thumbnail","hentry","category-merida","category-portada","category-sin-categoria"],"jetpack_publicize_connections":[],"jetpack_featured_media_url":"https:\/\/formalprision.com\/wp-content\/uploads\/2014\/01\/blogger-image-597121906.jpg","jetpack_sharing_enabled":true,"jetpack_shortlink":"https:\/\/wp.me\/p6id8p-12H","_links":{"self":[{"href":"https:\/\/formalprision.com\/index.php?rest_route=\/wp\/v2\/posts\/4011","targetHints":{"allow":["GET"]}}],"collection":[{"href":"https:\/\/formalprision.com\/index.php?rest_route=\/wp\/v2\/posts"}],"about":[{"href":"https:\/\/formalprision.com\/index.php?rest_route=\/wp\/v2\/types\/post"}],"author":[{"embeddable":true,"href":"https:\/\/formalprision.com\/index.php?rest_route=\/wp\/v2\/users\/1"}],"replies":[{"embeddable":true,"href":"https:\/\/formalprision.com\/index.php?rest_route=%2Fwp%2Fv2%2Fcomments&post=4011"}],"version-history":[{"count":0,"href":"https:\/\/formalprision.com\/index.php?rest_route=\/wp\/v2\/posts\/4011\/revisions"}],"wp:featuredmedia":[{"embeddable":true,"href":"https:\/\/formalprision.com\/index.php?rest_route=\/wp\/v2\/media\/18131"}],"wp:attachment":[{"href":"https:\/\/formalprision.com\/index.php?rest_route=%2Fwp%2Fv2%2Fmedia&parent=4011"}],"wp:term":[{"taxonomy":"category","embeddable":true,"href":"https:\/\/formalprision.com\/index.php?rest_route=%2Fwp%2Fv2%2Fcategories&post=4011"},{"taxonomy":"post_tag","embeddable":true,"href":"https:\/\/formalprision.com\/index.php?rest_route=%2Fwp%2Fv2%2Ftags&post=4011"}],"curies":[{"name":"wp","href":"https:\/\/api.w.org\/{rel}","templated":true}]}}