{"id":4014,"date":"2014-01-04T22:47:00","date_gmt":"2014-01-04T22:47:00","guid":{"rendered":"http:\/\/formalprision.info\/2014\/01\/04\/ejercito-mexicano-y-la-ssp-revisan-la\/"},"modified":"2015-06-03T08:41:11","modified_gmt":"2015-06-03T08:41:11","slug":"ejercito-mexicano-y-la-ssp-revisan-la","status":"publish","type":"post","link":"https:\/\/formalprision.com\/?p=4014","title":{"rendered":"Ej\u00e9rcito y la SSP revisan la Correccional de Menores"},"content":{"rendered":"<div style=\"font-family: Noteworthy; font-size: 18px; font-weight: bold; line-height: 24px; -webkit-tap-highlight-color: rgba(26, 26, 26, 0.296875); -webkit-composition-fill-color: rgba(130, 98, 83, 0.0976563); -webkit-composition-frame-color: rgba(191, 107, 82, 0.496094); -webkit-text-size-adjust: auto; \">\n<div class=\"separator\" style=\"clear: both;\"><a href=\"https:\/\/lh5.googleusercontent.com\/-T45MicogY1M\/UsiP8W-TGTI\/AAAAAAAAdvc\/OehK7QufIpk\/s640\/blogger-image-912563575.jpg\" imageanchor=\"1\" style=\"margin-left: 1em; margin-right: 1em;\"><img decoding=\"async\" border=\"0\" src=\"https:\/\/lh5.googleusercontent.com\/-T45MicogY1M\/UsiP8W-TGTI\/AAAAAAAAdvc\/OehK7QufIpk\/s640\/blogger-image-912563575.jpg\"><\/a><\/div>\n<p>M\u00e9rida, Yucat\u00e1n, 4 de enero de 2014.- Con saldo blanco y sin novedad, esta madrugada se llev\u00f3 a cabo el primer operativo de revisi\u00f3n de este a\u00f1o al Centro Especializado en la Aplicaci\u00f3n de Medidas para Adolescentes (CEAMA).<\/p><\/div>\n<div style=\"font-family: Noteworthy; font-size: 18px; font-weight: bold; line-height: 24px; -webkit-tap-highlight-color: rgba(26, 26, 26, 0.296875); -webkit-composition-fill-color: rgba(130, 98, 83, 0.0976563); -webkit-composition-frame-color: rgba(191, 107, 82, 0.496094); -webkit-text-size-adjust: auto; \">El operativo sorpresa realizado en las primeras horas de la ma\u00f1ana, donde no fueron encontrados objetos o sustancias prohibidas forma parte de las estrategia de seguridad nacional dictadas por el gobierno federal, report\u00f3 el titular de la Direcci\u00f3n de Ejecuci\u00f3n, Prevenci\u00f3n y Reinserci\u00f3n Social (DEPRS), Ferm\u00edn Garc\u00eda Avil\u00e9s.<\/div>\n<div style=\"font-family: Noteworthy; font-size: 18px; font-weight: bold; line-height: 24px; -webkit-tap-highlight-color: rgba(26, 26, 26, 0.296875); -webkit-composition-fill-color: rgba(130, 98, 83, 0.0976563); -webkit-composition-frame-color: rgba(191, 107, 82, 0.496094); -webkit-text-size-adjust: auto; \">Durante la revisi\u00f3n participaron elementos de la Secretar\u00eda de Seguridad P\u00fablica (SSP), de la Fiscal\u00eda General del Estado (FGE), y el Ej\u00e9rcito Mexicano, para descartar la existencia de sustancias y objetos prohibidos.<\/div>\n<div style=\"font-family: Noteworthy; font-size: 18px; font-weight: bold; line-height: 24px; -webkit-tap-highlight-color: rgba(26, 26, 26, 0.296875); -webkit-composition-fill-color: rgba(130, 98, 83, 0.0976563); -webkit-composition-frame-color: rgba(191, 107, 82, 0.496094); -webkit-text-size-adjust: auto; \">El funcionario detall\u00f3 que se revisaron todas las \u00e1reas del lugar como la biblioteca, dormitorios, talleres y gimnasio, as\u00ed como las pertenencias de los 26 internos que se encuentran recluidos sin que se hayan localizado alg\u00fan tipo de objeto o sustancias que violenten el reglamento.<\/div>\n<div style=\"font-family: Noteworthy; font-size: 18px; font-weight: bold; line-height: 24px; -webkit-tap-highlight-color: rgba(26, 26, 26, 0.296875); -webkit-composition-fill-color: rgba(130, 98, 83, 0.0976563); -webkit-composition-frame-color: rgba(191, 107, 82, 0.496094); -webkit-text-size-adjust: auto; \">Al respecto, Garc\u00eda Avil\u00e9s dijo que \u201cse continuar\u00e1 trabajando para mantener altos est\u00e1ndares de seguridad y operaci\u00f3n, pues ninguna acci\u00f3n preventiva est\u00e1 de sobra, cuando se pretende mantener en paz a los Centros de Reinserci\u00f3n del estado\u201d.<\/div>\n<div style=\"font-family: Noteworthy; font-size: 18px; font-weight: bold; line-height: 24px; -webkit-tap-highlight-color: rgba(26, 26, 26, 0.296875); -webkit-composition-fill-color: rgba(130, 98, 83, 0.0976563); -webkit-composition-frame-color: rgba(191, 107, 82, 0.496094); -webkit-text-size-adjust: auto; \">El operativo inici\u00f3&nbsp;<a href=\"x-apple-data-detectors:\/\/9\" x-apple-data-detectors=\"true\" x-apple-data-detectors-type=\"calendar-event\" x-apple-data-detectors-result=\"9\">a las 5:45<\/a>&nbsp;de esta ma\u00f1ana y se realiz\u00f3 de manera sorpresiva y sin previo aviso, con la finalidad de impedir alguna fuga de informaci\u00f3n, dijo.<\/div>\n<div style=\"font-family: Noteworthy; font-size: 18px; font-weight: bold; line-height: 24px; -webkit-tap-highlight-color: rgba(26, 26, 26, 0.296875); -webkit-composition-fill-color: rgba(130, 98, 83, 0.0976563); -webkit-composition-frame-color: rgba(191, 107, 82, 0.496094); -webkit-text-size-adjust: auto; \">Destac\u00f3 la presencia de la Comisi\u00f3n de Derechos Humanos del Estado de Yucat\u00e1n (CODHEY), instituci\u00f3n que dio fe de las revisiones y el respeto a las garant\u00edas individuales de los j\u00f3venes.<\/div>\n<div style=\"font-family: Noteworthy; font-size: 18px; font-weight: bold; line-height: 24px; -webkit-tap-highlight-color: rgba(26, 26, 26, 0.296875); -webkit-composition-fill-color: rgba(130, 98, 83, 0.0976563); -webkit-composition-frame-color: rgba(191, 107, 82, 0.496094); -webkit-text-size-adjust: auto; \">El funcionario abund\u00f3 en las acciones tomadas y record\u00f3 que &nbsp;el a\u00f1o pasado se realizaron revisiones aleatorias en los tres centros penitenciarios del estado con lo cual la entidad se mantiene dentro de la normatividad a nivel nacional.<\/div>\n<div style=\"font-family: Noteworthy; font-size: 18px; font-weight: bold; line-height: 24px; -webkit-tap-highlight-color: rgba(26, 26, 26, 0.296875); -webkit-composition-fill-color: rgba(130, 98, 83, 0.0976563); -webkit-composition-frame-color: rgba(191, 107, 82, 0.496094); -webkit-text-size-adjust: auto; \">El Director del Centro, Didier Escalante Vega, mencion\u00f3 que tambi\u00e9n apoy\u00f3 el personal m\u00e9dico y jur\u00eddico de la instituci\u00f3n, quienes no tuvieron que intervenir, gracias a que el operativo concluy\u00f3 sin novedad.<\/div>\n<div style=\"font-family: Noteworthy; font-size: 18px; font-weight: bold; line-height: 24px; -webkit-tap-highlight-color: rgba(26, 26, 26, 0.296875); -webkit-composition-fill-color: rgba(130, 98, 83, 0.0976563); -webkit-composition-frame-color: rgba(191, 107, 82, 0.496094); -webkit-text-size-adjust: auto; \">Las labores cotidianas volvieron inmediatamente a la normalidad con el desayuno diario, pues solo se retiraron por parte de los elementos de seguridad dos brazos de hamaca que son parte de las artesan\u00edas que se realizan al interior y una extensi\u00f3n el\u00e9ctrica para abanico de piso, pero en ambos casos la reglamentaci\u00f3n interna los permite.<\/div>\n<div style=\"font-family: Noteworthy; font-size: 18px; font-weight: bold; line-height: 24px; -webkit-tap-highlight-color: rgba(26, 26, 26, 0.296875); -webkit-composition-fill-color: rgba(130, 98, 83, 0.0976563); -webkit-composition-frame-color: rgba(191, 107, 82, 0.496094); -webkit-text-size-adjust: auto; \">Parte de la actividad planteada es tambi\u00e9n revisar los procedimientos y protocolos de acci\u00f3n y reacci\u00f3n de los elementos que laboran en el centro, as\u00ed como las condiciones en las que se encuentra el lugar, por lo que al concluir se dictamin\u00f3 que las instalaciones y procedimientos realizados son los adecuados y cumplen con los est\u00e1ndares nacionales en seguridad limpieza y atenci\u00f3n. (Comunicado)<\/div>\n","protected":false},"excerpt":{"rendered":"<p>M\u00e9rida, Yucat\u00e1n, 4 de enero de 2014.- Con saldo blanco y sin novedad, esta madrugada se llev\u00f3 a cabo el primer operativo de revisi\u00f3n de este a\u00f1o al Centro Especializado<\/p>\n","protected":false},"author":1,"featured_media":18137,"comment_status":"open","ping_status":"open","sticky":false,"template":"","format":"standard","meta":{"jetpack_post_was_ever_published":false,"_jetpack_newsletter_access":"","_jetpack_dont_email_post_to_subs":false,"_jetpack_newsletter_tier_id":0,"_jetpack_memberships_contains_paywalled_content":false,"_jetpack_memberships_contains_paid_content":false,"footnotes":"","jetpack_publicize_message":"","jetpack_publicize_feature_enabled":true,"jetpack_social_post_already_shared":false,"jetpack_social_options":{"image_generator_settings":{"template":"highway","default_image_id":0,"font":"","enabled":false},"version":2}},"categories":[10,3,1],"tags":[],"class_list":["post-4014","post","type-post","status-publish","format-standard","has-post-thumbnail","hentry","category-lectura-recomendada","category-portada","category-sin-categoria"],"jetpack_publicize_connections":[],"jetpack_featured_media_url":"https:\/\/formalprision.com\/wp-content\/uploads\/2014\/01\/blogger-image-912563575.jpg","jetpack_sharing_enabled":true,"jetpack_shortlink":"https:\/\/wp.me\/p6id8p-12K","_links":{"self":[{"href":"https:\/\/formalprision.com\/index.php?rest_route=\/wp\/v2\/posts\/4014","targetHints":{"allow":["GET"]}}],"collection":[{"href":"https:\/\/formalprision.com\/index.php?rest_route=\/wp\/v2\/posts"}],"about":[{"href":"https:\/\/formalprision.com\/index.php?rest_route=\/wp\/v2\/types\/post"}],"author":[{"embeddable":true,"href":"https:\/\/formalprision.com\/index.php?rest_route=\/wp\/v2\/users\/1"}],"replies":[{"embeddable":true,"href":"https:\/\/formalprision.com\/index.php?rest_route=%2Fwp%2Fv2%2Fcomments&post=4014"}],"version-history":[{"count":0,"href":"https:\/\/formalprision.com\/index.php?rest_route=\/wp\/v2\/posts\/4014\/revisions"}],"wp:featuredmedia":[{"embeddable":true,"href":"https:\/\/formalprision.com\/index.php?rest_route=\/wp\/v2\/media\/18137"}],"wp:attachment":[{"href":"https:\/\/formalprision.com\/index.php?rest_route=%2Fwp%2Fv2%2Fmedia&parent=4014"}],"wp:term":[{"taxonomy":"category","embeddable":true,"href":"https:\/\/formalprision.com\/index.php?rest_route=%2Fwp%2Fv2%2Fcategories&post=4014"},{"taxonomy":"post_tag","embeddable":true,"href":"https:\/\/formalprision.com\/index.php?rest_route=%2Fwp%2Fv2%2Ftags&post=4014"}],"curies":[{"name":"wp","href":"https:\/\/api.w.org\/{rel}","templated":true}]}}