{"id":4018,"date":"2014-01-04T18:58:00","date_gmt":"2014-01-04T18:58:00","guid":{"rendered":"http:\/\/formalprision.info\/2014\/01\/04\/pueblo-de-yucatan-se-queda-sin-policias\/"},"modified":"2015-06-03T08:41:12","modified_gmt":"2015-06-03T08:41:12","slug":"pueblo-de-yucatan-se-queda-sin-policias","status":"publish","type":"post","link":"https:\/\/formalprision.com\/?p=4018","title":{"rendered":"Pueblo de Yucat\u00e1n se queda sin polic\u00edas por \u00f3rdenes de su alcalde"},"content":{"rendered":"<div style=\"font-family: Noteworthy; font-size: 18px; font-weight: bold; line-height: 24px; -webkit-tap-highlight-color: rgba(26, 26, 26, 0.296875); -webkit-composition-fill-color: rgba(130, 98, 83, 0.0976563); -webkit-composition-frame-color: rgba(191, 107, 82, 0.496094); \">Conflictos internos en el Ayuntamiento de Tixmehuac propiciaron que el municipio se quede sin polic\u00edas, luego de que por protestar fueran despedidos los \u00faltimos que quedaban.<\/div>\n<div style=\"font-family: Noteworthy; font-size: 18px; font-weight: bold; line-height: 24px; -webkit-tap-highlight-color: rgba(26, 26, 26, 0.296875); -webkit-composition-fill-color: rgba(130, 98, 83, 0.0976563); -webkit-composition-frame-color: rgba(191, 107, 82, 0.496094); \">Ahora, la poblaci\u00f3n, de poco m\u00e1s de 4746 habitantes, pr\u00e1cticamente s\u00f3lo tiene jefes polic\u00edacos, toda vez que los \u00fanicos que no fueron despedidos son&nbsp;el director de Polic\u00eda, Wilberth Uluac Poot; el comandante, Ram\u00f3n Canul Hoil y el subcomandante Luis Alberto Brice\u00f1o Balam.<\/div>\n<div style=\"font-family: Noteworthy; font-size: 18px; font-weight: bold; line-height: 24px; -webkit-tap-highlight-color: rgba(26, 26, 26, 0.296875); -webkit-composition-fill-color: rgba(130, 98, 83, 0.0976563); -webkit-composition-frame-color: rgba(191, 107, 82, 0.496094); \">El municipio es gobernado, por tercera ocasi\u00f3n, por el perredista&nbsp;&nbsp;Edilberto Rodr\u00edguez L\u00f3pez, quien inici\u00f3 la administraci\u00f3n con 24 uniformados, incluyendo los de las comisar\u00edas, pero unos fueron renunciando por malos tratos y otros despedidos injustificadamente.<\/div>\n<div style=\"font-family: Noteworthy; font-size: 18px; font-weight: bold; line-height: 24px; -webkit-tap-highlight-color: rgba(26, 26, 26, 0.296875); -webkit-composition-fill-color: rgba(130, 98, 83, 0.0976563); -webkit-composition-frame-color: rgba(191, 107, 82, 0.496094); \">Las comisar\u00edas Sisbic, Kimbil\u00e1, Dzut\u00f3h, Chuchub, Ebt\u00fan, Chican, Sabacch\u00e9 y Xeo-pil. se fueron quedando sin vigilancia policial con el paso del tiempo.<\/div>\n<div style=\"font-family: Noteworthy; font-size: 18px; font-weight: bold; line-height: 24px; -webkit-tap-highlight-color: rgba(26, 26, 26, 0.296875); -webkit-composition-fill-color: rgba(130, 98, 83, 0.0976563); -webkit-composition-frame-color: rgba(191, 107, 82, 0.496094); \">Hasta hace unos d\u00edas quedaban 12 polic\u00edas operativos y los tres mandos policiacos.<\/div>\n<div style=\"font-family: Noteworthy; font-size: 18px; font-weight: bold; line-height: 24px; -webkit-tap-highlight-color: rgba(26, 26, 26, 0.296875); -webkit-composition-fill-color: rgba(130, 98, 83, 0.0976563); -webkit-composition-frame-color: rgba(191, 107, 82, 0.496094); \">Sin embargo, los 12 operativos protestaron porque les descontaban injustificadamente sus sueldos y otras irregularidades atribuidas a sus jefes.<\/div>\n<div style=\"font-family: Noteworthy; font-size: 18px; font-weight: bold; line-height: 24px; -webkit-tap-highlight-color: rgba(26, 26, 26, 0.296875); -webkit-composition-fill-color: rgba(130, 98, 83, 0.0976563); -webkit-composition-frame-color: rgba(191, 107, 82, 0.496094); \">Pidieron hablar con el alcalde, pero \u00e9ste no los atendi\u00f3 y orde\u00f1\u00f3 al director de la Polic\u00eda Municipal cesarlos.<\/div>\n<div style=\"font-family: Noteworthy; font-size: 18px; font-weight: bold; line-height: 24px; -webkit-tap-highlight-color: rgba(26, 26, 26, 0.296875); -webkit-composition-fill-color: rgba(130, 98, 83, 0.0976563); -webkit-composition-frame-color: rgba(191, 107, 82, 0.496094); \">Los despedidos son&nbsp;Sebasti\u00e1n Ab\u00e1n Uluac,&nbsp;Jos\u00e9 Fernando Pant\u00ed Cauich,&nbsp;Manuel Pant\u00ed Cauich,&nbsp;&nbsp;Luis Angel Ab\u00e1n Ab\u00e1n,&nbsp;Rub\u00e9n Alberto May Couoh,&nbsp;Josu\u00e9 Ab\u00e1n Ab\u00e1n,&nbsp;Luis Fernando Uluac Canul,&nbsp;Jorge Rigoberto Coll\u00ed Coll\u00ed,&nbsp;Vicente May Poot,&nbsp;Anastacio Uluac Vermon y&nbsp;Ernesto Dzib Poot.<\/div>\n<div style=\"font-family: Noteworthy; font-size: 18px; font-weight: bold; line-height: 24px; -webkit-tap-highlight-color: rgba(26, 26, 26, 0.296875); -webkit-composition-fill-color: rgba(130, 98, 83, 0.0976563); -webkit-composition-frame-color: rgba(191, 107, 82, 0.496094); \">Los quejosos anticiparon que acudir\u00e0n a los tribunales laborales para exigir justicia.<\/div>\n<div>\n<div style=\"font-family: Noteworthy; font-size: 18px; font-weight: bold; line-height: 24px; -webkit-tap-highlight-color: rgba(26, 26, 26, 0.296875); -webkit-composition-fill-color: rgba(130, 98, 83, 0.0976563); -webkit-composition-frame-color: rgba(191, 107, 82, 0.496094); \">De no remediarse &nbsp;la situaci\u00f3n, los delitos m\u00e1s comunes como robos de gallinas, pavos y cerditos, podr\u00edan aumentar.<\/div>\n<div style=\"font-family: Noteworthy; font-size: 18px; font-weight: bold; line-height: 24px; -webkit-tap-highlight-color: rgba(26, 26, 26, 0.296875); -webkit-composition-fill-color: rgba(130, 98, 83, 0.0976563); -webkit-composition-frame-color: rgba(191, 107, 82, 0.496094); \">Tampoco habr\u00eda quien levante a los borrachitos que se quedan tirados en las calles, una de las detenciones m\u00e1s frecuentes en el poblado.<\/p>\n<div class=\"separator\" style=\"clear: both;\"><a href=\"https:\/\/lh4.googleusercontent.com\/-Sl-EP_cyc6I\/UshZ4b9yDmI\/AAAAAAAAduw\/5hpOh6Rgais\/s640\/blogger-image--1885842147.jpg\" imageanchor=\"1\" style=\"margin-left: 1em; margin-right: 1em;\"><img decoding=\"async\" border=\"0\" src=\"https:\/\/lh4.googleusercontent.com\/-Sl-EP_cyc6I\/UshZ4b9yDmI\/AAAAAAAAduw\/5hpOh6Rgais\/s640\/blogger-image--1885842147.jpg\"><\/a><\/div>\n<\/div>\n<\/div>\n<div><\/div>\n","protected":false},"excerpt":{"rendered":"<p>Conflictos internos en el Ayuntamiento de Tixmehuac propiciaron que el municipio se quede sin polic\u00edas, luego de que por protestar fueran despedidos los \u00faltimos que quedaban. Ahora, la poblaci\u00f3n, de<\/p>\n","protected":false},"author":1,"featured_media":18145,"comment_status":"open","ping_status":"open","sticky":false,"template":"","format":"standard","meta":{"jetpack_post_was_ever_published":false,"_jetpack_newsletter_access":"","_jetpack_dont_email_post_to_subs":false,"_jetpack_newsletter_tier_id":0,"_jetpack_memberships_contains_paywalled_content":false,"_jetpack_memberships_contains_paid_content":false,"footnotes":"","jetpack_publicize_message":"","jetpack_publicize_feature_enabled":true,"jetpack_social_post_already_shared":false,"jetpack_social_options":{"image_generator_settings":{"template":"highway","default_image_id":0,"font":"","enabled":false},"version":2}},"categories":[26,3,1,49],"tags":[],"class_list":["post-4018","post","type-post","status-publish","format-standard","has-post-thumbnail","hentry","category-noti-pueblitos","category-portada","category-sin-categoria","category-tocho-morocho"],"jetpack_publicize_connections":[],"jetpack_featured_media_url":"https:\/\/formalprision.com\/wp-content\/uploads\/2014\/01\/blogger-image-1885842147.jpg","jetpack_sharing_enabled":true,"jetpack_shortlink":"https:\/\/wp.me\/p6id8p-12O","_links":{"self":[{"href":"https:\/\/formalprision.com\/index.php?rest_route=\/wp\/v2\/posts\/4018","targetHints":{"allow":["GET"]}}],"collection":[{"href":"https:\/\/formalprision.com\/index.php?rest_route=\/wp\/v2\/posts"}],"about":[{"href":"https:\/\/formalprision.com\/index.php?rest_route=\/wp\/v2\/types\/post"}],"author":[{"embeddable":true,"href":"https:\/\/formalprision.com\/index.php?rest_route=\/wp\/v2\/users\/1"}],"replies":[{"embeddable":true,"href":"https:\/\/formalprision.com\/index.php?rest_route=%2Fwp%2Fv2%2Fcomments&post=4018"}],"version-history":[{"count":0,"href":"https:\/\/formalprision.com\/index.php?rest_route=\/wp\/v2\/posts\/4018\/revisions"}],"wp:featuredmedia":[{"embeddable":true,"href":"https:\/\/formalprision.com\/index.php?rest_route=\/wp\/v2\/media\/18145"}],"wp:attachment":[{"href":"https:\/\/formalprision.com\/index.php?rest_route=%2Fwp%2Fv2%2Fmedia&parent=4018"}],"wp:term":[{"taxonomy":"category","embeddable":true,"href":"https:\/\/formalprision.com\/index.php?rest_route=%2Fwp%2Fv2%2Fcategories&post=4018"},{"taxonomy":"post_tag","embeddable":true,"href":"https:\/\/formalprision.com\/index.php?rest_route=%2Fwp%2Fv2%2Ftags&post=4018"}],"curies":[{"name":"wp","href":"https:\/\/api.w.org\/{rel}","templated":true}]}}