{"id":4019,"date":"2014-01-04T17:57:00","date_gmt":"2014-01-04T17:57:00","guid":{"rendered":"http:\/\/formalprision.info\/2014\/01\/04\/muere-tras-lanzarse-un-cenote-y-caer\/"},"modified":"2015-06-03T08:41:12","modified_gmt":"2015-06-03T08:41:12","slug":"muere-tras-lanzarse-un-cenote-y-caer","status":"publish","type":"post","link":"https:\/\/formalprision.com\/?p=4019","title":{"rendered":"Muere tras lanzarse a un cenote y caer sobre unas rocas"},"content":{"rendered":"<div style=\"font-family: Noteworthy; font-size: 18px; font-weight: bold; line-height: 24px; -webkit-tap-highlight-color: rgba(26, 26, 26, 0.296875); -webkit-composition-fill-color: rgba(130, 98, 83, 0.0976563); -webkit-composition-frame-color: rgba(191, 107, 82, 0.496094); \">Un joven vecino de Cuzam\u00e1 muri\u00f3 luego de arrojarse a un cenite y golpearse contra unas rocas.<\/div>\n<div style=\"font-family: Noteworthy; font-size: 18px; font-weight: bold; line-height: 24px; -webkit-tap-highlight-color: rgba(26, 26, 26, 0.296875); -webkit-composition-fill-color: rgba(130, 98, 83, 0.0976563); -webkit-composition-frame-color: rgba(191, 107, 82, 0.496094); \">El infortunado joven fue identificado como Carlos Alberto Cab Ix, de 23 a\u00f1os.<\/div>\n<div style=\"font-family: Noteworthy; font-size: 18px; font-weight: bold; line-height: 24px; -webkit-tap-highlight-color: rgba(26, 26, 26, 0.296875); -webkit-composition-fill-color: rgba(130, 98, 83, 0.0976563); -webkit-composition-frame-color: rgba(191, 107, 82, 0.496094); \">Sobre los hechos, su madre, Celma IX Dzul, dio dos versiones a las autoridades, pues inicialmente, cuando su hijo fue hospitalizado por el golpazo, dijo que el 31 de diciembre, el muchacho estaba deprimido y decidi\u00f3 suicidarse, por lo que&nbsp;se dirigi\u00f3 al patio de su domicilio, &nbsp;donde hay un cenote, y se lanz\u00f3 desde una altura de 15 metros, cayendo sobre unas rocas.<\/div>\n<div style=\"font-family: Noteworthy; font-size: 18px; font-weight: bold; line-height: 24px; -webkit-tap-highlight-color: rgba(26, 26, 26, 0.296875); -webkit-composition-fill-color: rgba(130, 98, 83, 0.0976563); -webkit-composition-frame-color: rgba(191, 107, 82, 0.496094); \">En esa ocasi\u00f3n fue llevado con vida al hospital del IMSS de Acanceh, pero ante la gravedad de las lesiones luego fue hospitalizado en el OHOr\u00e1n .<\/div>\n<div style=\"font-family: Noteworthy; font-size: 18px; font-weight: bold; line-height: 24px; -webkit-tap-highlight-color: rgba(26, 26, 26, 0.296875); -webkit-composition-fill-color: rgba(130, 98, 83, 0.0976563); -webkit-composition-frame-color: rgba(191, 107, 82, 0.496094); \">Sin embargo, ahora que su hijo falleci\u00f3 en ese hospital, la mujer dijo que no se intent\u00f3 suicidar, sino que el muchacho&nbsp;se dirigi\u00f3 a ba\u00f1arse al cenote, se arroj\u00f3, pero calcul\u00f3 mal y en vez de caer en el agua, cay\u00f3 sobre unas piedras.&nbsp;<\/div>\n<div style=\"font-family: Noteworthy; font-size: 18px; font-weight: bold; line-height: 24px; -webkit-tap-highlight-color: rgba(26, 26, 26, 0.296875); -webkit-composition-fill-color: rgba(130, 98, 83, 0.0976563); -webkit-composition-frame-color: rgba(191, 107, 82, 0.496094); \">Sufri\u00f3 fractura de costal derecho as\u00ed como una fractura craneoencef\u00e1lica, lo que finalmente le caus\u00f3 la muerte.<\/p>\n<div class=\"separator\" style=\"clear: both;\"><a href=\"https:\/\/lh4.googleusercontent.com\/-sxkAvxjbfkI\/UshLfF4z2KI\/AAAAAAAAdug\/JXu4jnXyD18\/s640\/blogger-image--1976787613.jpg\" imageanchor=\"1\" style=\"margin-left: 1em; margin-right: 1em;\"><img decoding=\"async\" border=\"0\" src=\"https:\/\/lh4.googleusercontent.com\/-sxkAvxjbfkI\/UshLfF4z2KI\/AAAAAAAAdug\/JXu4jnXyD18\/s640\/blogger-image--1976787613.jpg\"><\/a><\/div>\n<\/div>\n","protected":false},"excerpt":{"rendered":"<p>Un joven vecino de Cuzam\u00e1 muri\u00f3 luego de arrojarse a un cenite y golpearse contra unas rocas. El infortunado joven fue identificado como Carlos Alberto Cab Ix, de 23 a\u00f1os.<\/p>\n","protected":false},"author":1,"featured_media":18147,"comment_status":"open","ping_status":"open","sticky":false,"template":"","format":"standard","meta":{"jetpack_post_was_ever_published":false,"_jetpack_newsletter_access":"","_jetpack_dont_email_post_to_subs":false,"_jetpack_newsletter_tier_id":0,"_jetpack_memberships_contains_paywalled_content":false,"_jetpack_memberships_contains_paid_content":false,"footnotes":"","jetpack_publicize_message":"","jetpack_publicize_feature_enabled":true,"jetpack_social_post_already_shared":false,"jetpack_social_options":{"image_generator_settings":{"template":"highway","default_image_id":0,"font":"","enabled":false},"version":2}},"categories":[8,1],"tags":[],"class_list":["post-4019","post","type-post","status-publish","format-standard","has-post-thumbnail","hentry","category-noticias-variadas","category-sin-categoria"],"jetpack_publicize_connections":[],"jetpack_featured_media_url":"https:\/\/formalprision.com\/wp-content\/uploads\/2014\/01\/blogger-image-1976787613.jpg","jetpack_sharing_enabled":true,"jetpack_shortlink":"https:\/\/wp.me\/p6id8p-12P","_links":{"self":[{"href":"https:\/\/formalprision.com\/index.php?rest_route=\/wp\/v2\/posts\/4019","targetHints":{"allow":["GET"]}}],"collection":[{"href":"https:\/\/formalprision.com\/index.php?rest_route=\/wp\/v2\/posts"}],"about":[{"href":"https:\/\/formalprision.com\/index.php?rest_route=\/wp\/v2\/types\/post"}],"author":[{"embeddable":true,"href":"https:\/\/formalprision.com\/index.php?rest_route=\/wp\/v2\/users\/1"}],"replies":[{"embeddable":true,"href":"https:\/\/formalprision.com\/index.php?rest_route=%2Fwp%2Fv2%2Fcomments&post=4019"}],"version-history":[{"count":0,"href":"https:\/\/formalprision.com\/index.php?rest_route=\/wp\/v2\/posts\/4019\/revisions"}],"wp:featuredmedia":[{"embeddable":true,"href":"https:\/\/formalprision.com\/index.php?rest_route=\/wp\/v2\/media\/18147"}],"wp:attachment":[{"href":"https:\/\/formalprision.com\/index.php?rest_route=%2Fwp%2Fv2%2Fmedia&parent=4019"}],"wp:term":[{"taxonomy":"category","embeddable":true,"href":"https:\/\/formalprision.com\/index.php?rest_route=%2Fwp%2Fv2%2Fcategories&post=4019"},{"taxonomy":"post_tag","embeddable":true,"href":"https:\/\/formalprision.com\/index.php?rest_route=%2Fwp%2Fv2%2Ftags&post=4019"}],"curies":[{"name":"wp","href":"https:\/\/api.w.org\/{rel}","templated":true}]}}