{"id":4023,"date":"2014-01-03T22:45:00","date_gmt":"2014-01-03T22:45:00","guid":{"rendered":"http:\/\/formalprision.info\/2014\/01\/03\/escenifican-ultimas-horas-con-vida-de\/"},"modified":"2015-06-03T08:41:13","modified_gmt":"2015-06-03T08:41:13","slug":"escenifican-ultimas-horas-con-vida-de","status":"publish","type":"post","link":"https:\/\/formalprision.com\/?p=4023","title":{"rendered":"Escenifican \u00faltimas horas con vida de Felipe Carrillo Puerto"},"content":{"rendered":"<div style=\"font-family: Noteworthy; font-size: 18px; font-weight: bold; line-height: 24px; -webkit-tap-highlight-color: rgba(26, 26, 26, 0.296875); -webkit-composition-fill-color: rgba(130, 98, 83, 0.0976563); -webkit-composition-frame-color: rgba(191, 107, 82, 0.496094); \">A &nbsp;90 a\u00f1os de su muerte Felipe Carrillo Puerto sigue vivo, y su legado se&nbsp;mantiene en la mente de su pueblo.<\/div>\n<div style=\"font-family: Noteworthy; font-size: 18px; font-weight: bold; line-height: 24px; -webkit-tap-highlight-color: rgba(26, 26, 26, 0.296875); -webkit-composition-fill-color: rgba(130, 98, 83, 0.0976563); -webkit-composition-frame-color: rgba(191, 107, 82, 0.496094); \">En esta ocasi\u00f3n fue recordado desde otra mirada, la de las artes esc\u00e9nicas&nbsp;con la obra en dos actos \u201cFelipe Carrillo Puerto, el hombre que no debi\u00f3&nbsp;morir\u201d, que se realiz\u00f3 este viernes en la ex Penitenciar\u00eda \u201cJu\u00e1rez\u201d y el&nbsp;Cementerio General.&nbsp;<\/div>\n<div style=\"font-family: Noteworthy; font-size: 18px; font-weight: bold; line-height: 24px; -webkit-tap-highlight-color: rgba(26, 26, 26, 0.296875); -webkit-composition-fill-color: rgba(130, 98, 83, 0.0976563); -webkit-composition-frame-color: rgba(191, 107, 82, 0.496094); \">En nueve escenas se recordaron las \u00faltimas horas de&nbsp;vida del pr\u00f3cer.<\/div>\n<div style=\"font-family: Noteworthy; font-size: 18px; font-weight: bold; line-height: 24px; -webkit-tap-highlight-color: rgba(26, 26, 26, 0.296875); -webkit-composition-fill-color: rgba(130, 98, 83, 0.0976563); -webkit-composition-frame-color: rgba(191, 107, 82, 0.496094); \">La Secretar\u00eda de la Cultura y las Artes (SEDECULTA), en coordinaci\u00f3n con la&nbsp;Escuela Superior de Artes de Yucat\u00e1n (ESAY), realiz\u00f3 ese merecido homenaje&nbsp;al ex Gobernador de Yucat\u00e1n, donde mostr\u00f3 desde otra perspectiva los&nbsp;\u00faltimos momentos del &nbsp;extinto dirigente.<\/div>\n<div style=\"font-family: Noteworthy; font-size: 18px; font-weight: bold; line-height: 24px; -webkit-tap-highlight-color: rgba(26, 26, 26, 0.296875); -webkit-composition-fill-color: rgba(130, 98, 83, 0.0976563); -webkit-composition-frame-color: rgba(191, 107, 82, 0.496094); \">Con la participaci\u00f3n de 25 egresados de las \u00e1reas de artes esc\u00e9nicas,&nbsp;visuales y musicales de la ESAY, se llev\u00f3 a cabo el recorrido teatral bajo&nbsp;la direcci\u00f3n del maestro Pablo Herrero.<\/div>\n<div style=\"font-family: Noteworthy; font-size: 18px; font-weight: bold; line-height: 24px; -webkit-tap-highlight-color: rgba(26, 26, 26, 0.296875); -webkit-composition-fill-color: rgba(130, 98, 83, 0.0976563); -webkit-composition-frame-color: rgba(191, 107, 82, 0.496094); \">El emotivo homenaje permiti\u00f3 recrear los \u00faltimos momentos de vida del&nbsp;m\u00e1rtir y de las personas cercanas a \u00e9l, como su hermana Elvia Carrillo&nbsp;Puerto y la periodista Alma Reed, quien recibi\u00f3 la noticia de su deceso en&nbsp;Estados Unidos.<\/div>\n<div style=\"font-family: Noteworthy; font-size: 18px; font-weight: bold; line-height: 24px; -webkit-tap-highlight-color: rgba(26, 26, 26, 0.296875); -webkit-composition-fill-color: rgba(130, 98, 83, 0.0976563); -webkit-composition-frame-color: rgba(191, 107, 82, 0.496094); \">La representaci\u00f3n incluy\u00f3 las escenas \u201cEl voceador\u201d anunciando el&nbsp;derrocamiento de Carrillo Puerto en manos del coronel Ric\u00e1rdez Broca. \u201cAlma&nbsp;Reed\u201d, quien acompa\u00f1ada de la voz de su amado recuerda los momentos&nbsp;compartidos.<\/div>\n<div style=\"font-family: Noteworthy; font-size: 18px; font-weight: bold; line-height: 24px; -webkit-tap-highlight-color: rgba(26, 26, 26, 0.296875); -webkit-composition-fill-color: rgba(130, 98, 83, 0.0976563); -webkit-composition-frame-color: rgba(191, 107, 82, 0.496094); \">Otras escenas fueron \u201cEl golpe de estado\u201d, \u201cEl telegrama\u201d, \u201cLa entrevista\u201d,&nbsp;\u201cEl juicio\u201d y \u201cEl traslado\u201d, esta \u00faltima brind\u00f3 al p\u00fablico asistente &nbsp;un&nbsp;excelente mon\u00f3logo a cargo de Susana Estrada, personificada como Elvia&nbsp;Carrillo Puerto, donde pide la ayuda de sus compa\u00f1eros para el Gobernador,&nbsp;puntualizando que adem\u00e1s de ser una guerrera m\u00e1s, era la hermana del m\u00e1rtir&nbsp;a quien conduc\u00edan al pared\u00f3n de fusilamiento.<\/div>\n<div style=\"font-family: Noteworthy; font-size: 18px; font-weight: bold; line-height: 24px; -webkit-tap-highlight-color: rgba(26, 26, 26, 0.296875); -webkit-composition-fill-color: rgba(130, 98, 83, 0.0976563); -webkit-composition-frame-color: rgba(191, 107, 82, 0.496094); \">Finalmente en el Cementerio General, momentos antes de los disparos, Felipe&nbsp;Carrillo, personificado por Miguel \u00c1ngel Canto, dice sus \u00faltimas palabras&nbsp;en maya, invitando a los testigos a no permitir ser sobajados nunca m\u00e1s:<\/div>\n<div style=\"font-family: Noteworthy; font-size: 18px; font-weight: bold; line-height: 24px; -webkit-tap-highlight-color: rgba(26, 26, 26, 0.296875); -webkit-composition-fill-color: rgba(130, 98, 83, 0.0976563); -webkit-composition-frame-color: rgba(191, 107, 82, 0.496094); \">\u201cNunca m\u00e1s se abandonen, no permitan ser sobajados de nuevo, nunca m\u00e1s\u201d.<\/div>\n<div style=\"font-family: Noteworthy; font-size: 18px; font-weight: bold; line-height: 24px; -webkit-tap-highlight-color: rgba(26, 26, 26, 0.296875); -webkit-composition-fill-color: rgba(130, 98, 83, 0.0976563); -webkit-composition-frame-color: rgba(191, 107, 82, 0.496094); \">En lugar de disparos para cegar la vida de Carrillo Puerto, los actores&nbsp;propusieron replantear lo ocurrido, al no recrear el asesinato sino&nbsp;proclamar que los ideales del Ap\u00f3stol de la Raza de Bronce, hoy m\u00e1s que&nbsp;nunca est\u00e1n vigentes. (Comunicado)<\/p>\n<div class=\"separator\" style=\"clear: both;\"><a href=\"https:\/\/lh3.googleusercontent.com\/-jlPx3CiBPOU\/Usc9i39gdFI\/AAAAAAAAdto\/nA8cCldsQMM\/s640\/blogger-image--1597895489.jpg\" imageanchor=\"1\" style=\"margin-left: 1em; margin-right: 1em;\"><img decoding=\"async\" border=\"0\" src=\"https:\/\/lh3.googleusercontent.com\/-jlPx3CiBPOU\/Usc9i39gdFI\/AAAAAAAAdto\/nA8cCldsQMM\/s640\/blogger-image--1597895489.jpg\"><\/a><\/div>\n<div class=\"separator\" style=\"clear: both;\"><a href=\"https:\/\/lh4.googleusercontent.com\/-h_tYOhtxLM0\/Usc9dRT_xQI\/AAAAAAAAdtg\/GAa9CJCP8hU\/s640\/blogger-image-1724190363.jpg\" imageanchor=\"1\" style=\"margin-left: 1em; margin-right: 1em;\"><img decoding=\"async\" border=\"0\" src=\"https:\/\/lh4.googleusercontent.com\/-h_tYOhtxLM0\/Usc9dRT_xQI\/AAAAAAAAdtg\/GAa9CJCP8hU\/s640\/blogger-image-1724190363.jpg\"><\/a><\/div>\n<\/div>\n<div><\/div>\n","protected":false},"excerpt":{"rendered":"<p>A &nbsp;90 a\u00f1os de su muerte Felipe Carrillo Puerto sigue vivo, y su legado se&nbsp;mantiene en la mente de su pueblo. En esta ocasi\u00f3n fue recordado desde otra mirada, la<\/p>\n","protected":false},"author":1,"featured_media":18155,"comment_status":"open","ping_status":"open","sticky":false,"template":"","format":"standard","meta":{"jetpack_post_was_ever_published":false,"_jetpack_newsletter_access":"","_jetpack_dont_email_post_to_subs":false,"_jetpack_newsletter_tier_id":0,"_jetpack_memberships_contains_paywalled_content":false,"_jetpack_memberships_contains_paid_content":false,"footnotes":"","jetpack_publicize_message":"","jetpack_publicize_feature_enabled":true,"jetpack_social_post_already_shared":false,"jetpack_social_options":{"image_generator_settings":{"template":"highway","default_image_id":0,"font":"","enabled":false},"version":2}},"categories":[32,1,49],"tags":[],"class_list":["post-4023","post","type-post","status-publish","format-standard","has-post-thumbnail","hentry","category-espectaculos","category-sin-categoria","category-tocho-morocho"],"jetpack_publicize_connections":[],"jetpack_featured_media_url":"https:\/\/formalprision.com\/wp-content\/uploads\/2014\/01\/blogger-image-1597895489.jpg","jetpack_sharing_enabled":true,"jetpack_shortlink":"https:\/\/wp.me\/p6id8p-12T","_links":{"self":[{"href":"https:\/\/formalprision.com\/index.php?rest_route=\/wp\/v2\/posts\/4023","targetHints":{"allow":["GET"]}}],"collection":[{"href":"https:\/\/formalprision.com\/index.php?rest_route=\/wp\/v2\/posts"}],"about":[{"href":"https:\/\/formalprision.com\/index.php?rest_route=\/wp\/v2\/types\/post"}],"author":[{"embeddable":true,"href":"https:\/\/formalprision.com\/index.php?rest_route=\/wp\/v2\/users\/1"}],"replies":[{"embeddable":true,"href":"https:\/\/formalprision.com\/index.php?rest_route=%2Fwp%2Fv2%2Fcomments&post=4023"}],"version-history":[{"count":0,"href":"https:\/\/formalprision.com\/index.php?rest_route=\/wp\/v2\/posts\/4023\/revisions"}],"wp:featuredmedia":[{"embeddable":true,"href":"https:\/\/formalprision.com\/index.php?rest_route=\/wp\/v2\/media\/18155"}],"wp:attachment":[{"href":"https:\/\/formalprision.com\/index.php?rest_route=%2Fwp%2Fv2%2Fmedia&parent=4023"}],"wp:term":[{"taxonomy":"category","embeddable":true,"href":"https:\/\/formalprision.com\/index.php?rest_route=%2Fwp%2Fv2%2Fcategories&post=4023"},{"taxonomy":"post_tag","embeddable":true,"href":"https:\/\/formalprision.com\/index.php?rest_route=%2Fwp%2Fv2%2Ftags&post=4023"}],"curies":[{"name":"wp","href":"https:\/\/api.w.org\/{rel}","templated":true}]}}